{"id":1522,"date":"2022-05-03T09:30:15","date_gmt":"2022-05-03T07:30:15","guid":{"rendered":"https:\/\/www.diocesimolfetta.it\/caritas\/?p=1522"},"modified":"2022-05-03T09:32:14","modified_gmt":"2022-05-03T07:32:14","slug":"bando-crettivita-creare-impresa-per-dare-forma-al-futuro","status":"publish","type":"post","link":"https:\/\/www.diocesimolfetta.it\/caritas\/2022\/05\/03\/bando-crettivita-creare-impresa-per-dare-forma-al-futuro\/","title":{"rendered":"BANDO CRE@TTIVITA&#8217; Creare impresa per dare forma al futuro."},"content":{"rendered":"<p class=\"yiv2284704430MsoNormal\">Uno degli effetti pi\u00f9 evidenti che la pandemia ha prodotto sul territorio nazionale \u00e8 stato l&#8217;acuirsi dei bisogni legati alla disoccupazione giovanile ed al precariato lavorativo femminile.\u00a0 Per questo motivo Caritas Italiana, accogliendo l&#8217;invito di papa Francesco nel 50\u00b0 della Fondazione, ha pensato di indire un bando rivolto a giovani che intendono realizzare un&#8217;idea imprenditoriale.<\/p>\n<p class=\"yiv2284704430MsoNormal\"><a href=\"https:\/\/www.diocesimolfetta.it\/caritas\/wp-content\/uploads\/sites\/7\/2022\/05\/Locandina_bando_creativita\u0300_caritasitaliana.png\"><img loading=\"lazy\" decoding=\"async\" class=\"size-medium wp-image-1523 alignright\" src=\"https:\/\/www.diocesimolfetta.it\/caritas\/wp-content\/uploads\/sites\/7\/2022\/05\/Locandina_bando_creativita\u0300_caritasitaliana-300x300.png\" alt=\"\" width=\"300\" height=\"300\" srcset=\"https:\/\/www.diocesimolfetta.it\/caritas\/wp-content\/uploads\/sites\/7\/2022\/05\/Locandina_bando_creativita\u0300_caritasitaliana-300x300.png 300w, https:\/\/www.diocesimolfetta.it\/caritas\/wp-content\/uploads\/sites\/7\/2022\/05\/Locandina_bando_creativita\u0300_caritasitaliana-1024x1024.png 1024w, https:\/\/www.diocesimolfetta.it\/caritas\/wp-content\/uploads\/sites\/7\/2022\/05\/Locandina_bando_creativita\u0300_caritasitaliana-150x150.png 150w, https:\/\/www.diocesimolfetta.it\/caritas\/wp-content\/uploads\/sites\/7\/2022\/05\/Locandina_bando_creativita\u0300_caritasitaliana-768x768.png 768w, https:\/\/www.diocesimolfetta.it\/caritas\/wp-content\/uploads\/sites\/7\/2022\/05\/Locandina_bando_creativita\u0300_caritasitaliana-800x800.png 800w, https:\/\/www.diocesimolfetta.it\/caritas\/wp-content\/uploads\/sites\/7\/2022\/05\/Locandina_bando_creativita\u0300_caritasitaliana.png 1080w\" sizes=\"auto, (max-width: 300px) 100vw, 300px\" \/><\/a>Attraverso questo bando, promosso in collaborazione con Inecoop e Progetto Policoro, si intende selezionare, formare e finanziare \u2013 su tutto il territorio nazionale \u2013 idee di impresa, promuovendo al contempo un percorso di accompagnamento (anche successivo al finanziamento) attraverso le Caritas sui cui territori le imprese agiscono, affinch\u00e9 si possano attivare percorsi di sostegno duraturi nel tempo.<\/p>\n<p class=\"yiv2284704430MsoNormal\">In sintesi,\u00a0<b>Cre@ttivit\u00e0<\/b>\u00a0\u00e8 un bando promosso da Caritas Italiana per sostenere la nascita di nuove piccole iniziative imprenditoriali giovanili che prevedano un fabbisogno complessivo stimato per l&#8217;avvio di massimo 30.000 \u20ac.<\/p>\n<p class=\"yiv2284704430MsoNormal\">L&#8217;opportunit\u00e0 \u00e8 rivolta a giovani di et\u00e0 compresa tra 18 e 35 anni (36 non compiuti), non titolari di partita IVA n\u00e9 soci di cooperative, di societ\u00e0 di persone o di capitale.<\/p>\n<p class=\"yiv2284704430MsoNormal\">Il bando offre un corso di formazione di 40 ore, un contributo a fondo perduto fino a 20.000 \u20ac e servizi di accompagnamento.<\/p>\n<p class=\"yiv2284704430MsoNormal\">Sar\u00e0 possibile registrarsi per presentare candidature a partire dal 10 maggio 2022. \u00c8 possibile intanto scaricare il bando completo, i facsimile dei moduli da compilare sulla piattaforma e le FAQ costantemente aggiornate direttamente sul sito\u00a0<a href=\"https:\/\/creattivita.caritas.it\/\" target=\"_blank\" rel=\"noopener noreferrer\">https:\/\/creattivita.caritas.it\/<\/a><\/p>\n<p class=\"yiv2284704430MsoNormal\">\n<p class=\"yiv2284704430MsoNormal\">Il bando prevede la figura di un tutor che accompagner\u00e0 gli aspiranti imprenditori nel percorso di realizzazione del proprio progetto d&#8217;impresa, svolgendo un&#8217;attivit\u00e0 di informazione, supervisione del rispetto dei tempi e degli adempimenti richiesti, di supporto nel superare eventuali criticit\u00e0. Gli aspiranti candidati del territorio della Diocesi di Molfetta-Ruvo-Giovinazzo-Terlizzi possono contattare il tutor con una mail a\u00a0<a href=\"mailto:caritasmolfetta@libero.it\" rel=\"noreferrer\">caritasmolfetta@libero.it<\/a>\u00a0inserendo nell&#8217;oggetto &#8220;bando creattivit\u00e0&#8221;.<\/p>\n<p>&nbsp;<\/p>\n<p><strong>SCARICA IL BANDO<\/strong><\/p>\n<p><a href=\"https:\/\/www.diocesimolfetta.it\/caritas\/wp-content\/uploads\/sites\/7\/2022\/05\/Bando-Cre@ttivita.pdf\">Bando-Cre@ttivita<\/a><\/p>\n","protected":false},"excerpt":{"rendered":"<p>Cre@ttivit\u00e0 \u00e8 un bando promosso da Caritas Italiana per sostenere la nascita di nuove piccole iniziative imprenditoriali giovanili che prevedano un fabbisogno complessivo stimato per l\u2019avvio di massimo 30.000 \u20ac.<\/p>\n","protected":false},"author":3,"featured_media":1523,"comment_status":"closed","ping_status":"closed","sticky":true,"template":"","format":"standard","meta":{"footnotes":""},"categories":[2,6],"tags":[87,70,397,399,398,323,167],"class_list":["post-1522","post","type-post","status-publish","format-standard","has-post-thumbnail","hentry","category-caritas-diocesana","category-news","tag-bando","tag-caritas-italiana","tag-creattivita","tag-futuro","tag-giovnai","tag-lavoro","tag-progetto-policoro"],"acf":[],"_links":{"self":[{"href":"https:\/\/www.diocesimolfetta.it\/caritas\/wp-json\/wp\/v2\/posts\/1522","targetHints":{"allow":["GET"]}}],"collection":[{"href":"https:\/\/www.diocesimolfetta.it\/caritas\/wp-json\/wp\/v2\/posts"}],"about":[{"href":"https:\/\/www.diocesimolfetta.it\/caritas\/wp-json\/wp\/v2\/types\/post"}],"author":[{"embeddable":true,"href":"https:\/\/www.diocesimolfetta.it\/caritas\/wp-json\/wp\/v2\/users\/3"}],"replies":[{"embeddable":true,"href":"https:\/\/www.diocesimolfetta.it\/caritas\/wp-json\/wp\/v2\/comments?post=1522"}],"version-history":[{"count":2,"href":"https:\/\/www.diocesimolfetta.it\/caritas\/wp-json\/wp\/v2\/posts\/1522\/revisions"}],"predecessor-version":[{"id":1526,"href":"https:\/\/www.diocesimolfetta.it\/caritas\/wp-json\/wp\/v2\/posts\/1522\/revisions\/1526"}],"wp:featuredmedia":[{"embeddable":true,"href":"https:\/\/www.diocesimolfetta.it\/caritas\/wp-json\/wp\/v2\/media\/1523"}],"wp:attachment":[{"href":"https:\/\/www.diocesimolfetta.it\/caritas\/wp-json\/wp\/v2\/media?parent=1522"}],"wp:term":[{"taxonomy":"category","embeddable":true,"href":"https:\/\/www.diocesimolfetta.it\/caritas\/wp-json\/wp\/v2\/categories?post=1522"},{"taxonomy":"post_tag","embeddable":true,"href":"https:\/\/www.diocesimolfetta.it\/caritas\/wp-json\/wp\/v2\/tags?post=1522"}],"curies":[{"name":"wp","href":"https:\/\/api.w.org\/{rel}","templated":true}]}}