{"id":1809,"date":"2024-12-02T12:36:27","date_gmt":"2024-12-02T11:36:27","guid":{"rendered":"https:\/\/www.diocesimolfetta.it\/caritas\/?p=1809"},"modified":"2024-12-02T12:36:43","modified_gmt":"2024-12-02T11:36:43","slug":"la-caritas-diocesana-riflette-sullarticolo-27-della-costituzione-italiana","status":"publish","type":"post","link":"https:\/\/www.diocesimolfetta.it\/caritas\/2024\/12\/02\/la-caritas-diocesana-riflette-sullarticolo-27-della-costituzione-italiana\/","title":{"rendered":"La Caritas Diocesana riflette sull\u2019articolo 27 della Costituzione Italiana"},"content":{"rendered":"<p>Marted\u00ec 3 dicembre 2024, alle ore 16.30, presso la Basilica Madonna dei Martiri a Molfetta, la Caritas Diocesana di Molfetta-Ruvo-Giovinazzo-Terlizzi promuove un incontro sul tema: \u201cLe pene non possono consistere in trattamenti contrari al senso di umanit\u00e0\u201d, tratto dall\u2019articolo 27 della Costituzione Italiana.<\/p>\n<p>L\u2019incontro, promosso in collaborazione con il Consiglio Regionale della Puglia e l\u2019Ordine degli Assistenti Sociali, vedr\u00e0 la partecipazione di esperti e figure istituzionali che dialogheranno su come rendere il sistema penale pi\u00f9 rispettoso della dignit\u00e0 umana, promuovendo percorsi di recupero e reinserimento per le persone detenute.<\/p>\n<p>L\u2019evento sar\u00e0 introdotto dai saluti di Don Cesare Pisani (direttore Caritas diocesana), dell\u2019Avv. Lidia De Leonardis (dirigente Servizio Sociale di Molfetta) e di Milena Matera (Presidente del CROAS Puglia), con la moderazione di Piero Ricci, Presidente dell\u2019Ordine dei Giornalisti Regione Puglia.<\/p>\n<p>L\u2019evento permetter\u00e0 di accendere i riflettori, ancora una volta, sull\u2019importanza e necessit\u00e0 di un riscatto sociale per quanti hanno commesso reati. Nell&#8217;appuntamento del pomeriggio interverranno:<\/p>\n<p>Gherardo Colombo, ex magistrato e attuale Presidente della Cassa delle Ammende;<br \/>\nPiero Rossi, Garante dei diritti delle persone private della libert\u00e0 personale per la Regione Puglia;<br \/>\nDon Francesco Esposito, direttore della pastorale carceraria della Diocesi di Napoli;<br \/>\nMirella Malcangi, esperta in Servizio Sociale ed ex direttrice dell\u2019UEPE di Foggia;<br \/>\nAlessandra Susca, Giudice del Tribunale penale di Bari;<br \/>\nAvv. Edgardo Bisceglia, vicedirettore della Caritas diocesana.<\/p>\n<p>L\u2019invito a partecipare \u00e8 rivolto a operatori sociali, animatori di comunit\u00e0, addetti ai lavori e a quanti credono che sia possibile un modello di giustizia che offra strumenti di redenzione e riscatto, che sia a beneficio non solo di quanti devono scontare pene ma dell\u2019intera comunit\u00e0, avviando processi di dialogo e riconciliazione.<\/p>\n<p>&nbsp;<\/p>\n<p><img loading=\"lazy\" decoding=\"async\" class=\"aligncenter wp-image-1811 size-full\" src=\"https:\/\/www.diocesimolfetta.it\/caritas\/wp-content\/uploads\/sites\/7\/2024\/12\/caritas_3dicembre.jpg\" alt=\"\" width=\"1414\" height=\"2000\" srcset=\"https:\/\/www.diocesimolfetta.it\/caritas\/wp-content\/uploads\/sites\/7\/2024\/12\/caritas_3dicembre.jpg 1414w, https:\/\/www.diocesimolfetta.it\/caritas\/wp-content\/uploads\/sites\/7\/2024\/12\/caritas_3dicembre-212x300.jpg 212w, https:\/\/www.diocesimolfetta.it\/caritas\/wp-content\/uploads\/sites\/7\/2024\/12\/caritas_3dicembre-724x1024.jpg 724w, https:\/\/www.diocesimolfetta.it\/caritas\/wp-content\/uploads\/sites\/7\/2024\/12\/caritas_3dicembre-768x1086.jpg 768w, https:\/\/www.diocesimolfetta.it\/caritas\/wp-content\/uploads\/sites\/7\/2024\/12\/caritas_3dicembre-1086x1536.jpg 1086w, https:\/\/www.diocesimolfetta.it\/caritas\/wp-content\/uploads\/sites\/7\/2024\/12\/caritas_3dicembre-800x1132.jpg 800w, https:\/\/www.diocesimolfetta.it\/caritas\/wp-content\/uploads\/sites\/7\/2024\/12\/caritas_3dicembre-1200x1697.jpg 1200w\" sizes=\"auto, (max-width: 1414px) 100vw, 1414px\" \/><\/p>\n","protected":false},"excerpt":{"rendered":"<p>Marted\u00ec 3 dicembre 2024, alle ore 16.30, presso la Basilica Madonna dei Martiri a Molfetta, la Caritas Diocesana di Molfetta-Ruvo-Giovinazzo-Terlizzi promuove un incontro sul tema: \u201cLe pene non possono consistere in trattamenti contrari al senso di umanit\u00e0\u201d, tratto dall\u2019articolo 27 della Costituzione Italiana.<\/p>\n","protected":false},"author":3,"featured_media":1810,"comment_status":"closed","ping_status":"open","sticky":false,"template":"","format":"standard","meta":{"footnotes":""},"categories":[2,6],"tags":[56,437],"class_list":["post-1809","post","type-post","status-publish","format-standard","has-post-thumbnail","hentry","category-caritas-diocesana","category-news","tag-caritas","tag-detenuti"],"acf":[],"_links":{"self":[{"href":"https:\/\/www.diocesimolfetta.it\/caritas\/wp-json\/wp\/v2\/posts\/1809","targetHints":{"allow":["GET"]}}],"collection":[{"href":"https:\/\/www.diocesimolfetta.it\/caritas\/wp-json\/wp\/v2\/posts"}],"about":[{"href":"https:\/\/www.diocesimolfetta.it\/caritas\/wp-json\/wp\/v2\/types\/post"}],"author":[{"embeddable":true,"href":"https:\/\/www.diocesimolfetta.it\/caritas\/wp-json\/wp\/v2\/users\/3"}],"replies":[{"embeddable":true,"href":"https:\/\/www.diocesimolfetta.it\/caritas\/wp-json\/wp\/v2\/comments?post=1809"}],"version-history":[{"count":1,"href":"https:\/\/www.diocesimolfetta.it\/caritas\/wp-json\/wp\/v2\/posts\/1809\/revisions"}],"predecessor-version":[{"id":1812,"href":"https:\/\/www.diocesimolfetta.it\/caritas\/wp-json\/wp\/v2\/posts\/1809\/revisions\/1812"}],"wp:featuredmedia":[{"embeddable":true,"href":"https:\/\/www.diocesimolfetta.it\/caritas\/wp-json\/wp\/v2\/media\/1810"}],"wp:attachment":[{"href":"https:\/\/www.diocesimolfetta.it\/caritas\/wp-json\/wp\/v2\/media?parent=1809"}],"wp:term":[{"taxonomy":"category","embeddable":true,"href":"https:\/\/www.diocesimolfetta.it\/caritas\/wp-json\/wp\/v2\/categories?post=1809"},{"taxonomy":"post_tag","embeddable":true,"href":"https:\/\/www.diocesimolfetta.it\/caritas\/wp-json\/wp\/v2\/tags?post=1809"}],"curies":[{"name":"wp","href":"https:\/\/api.w.org\/{rel}","templated":true}]}}