{"id":357,"date":"2018-04-26T15:23:16","date_gmt":"2018-04-26T13:23:16","guid":{"rendered":"http:\/\/www.diocesimolfetta.it\/caritas\/?p=357"},"modified":"2018-04-26T15:26:35","modified_gmt":"2018-04-26T13:26:35","slug":"i-care-giovani-volontariato","status":"publish","type":"post","link":"https:\/\/www.diocesimolfetta.it\/caritas\/2018\/04\/26\/i-care-giovani-volontariato\/","title":{"rendered":"I care &#8211; Giovani &#038; Volontariato"},"content":{"rendered":"<p><img loading=\"lazy\" decoding=\"async\" class=\"alignright wp-image-358 size-full\" src=\"https:\/\/www.diocesimolfetta.it\/caritas\/wp-content\/uploads\/sites\/7\/2018\/04\/locandina.jpg\" alt=\"\" width=\"554\" height=\"784\" srcset=\"https:\/\/www.diocesimolfetta.it\/caritas\/wp-content\/uploads\/sites\/7\/2018\/04\/locandina.jpg 554w, https:\/\/www.diocesimolfetta.it\/caritas\/wp-content\/uploads\/sites\/7\/2018\/04\/locandina-212x300.jpg 212w\" sizes=\"auto, (max-width: 554px) 100vw, 554px\" \/>Nei prossimi mesi la Caritas Diocesana sar\u00e0 impegnata in un progetto di promozione del volontariato giovanile dal titolo <strong><em>\u201c I Care \u2013 Giovani&amp;Volontariato\u201d<\/em><\/strong> promosso da Caritas Italiana nell\u2019ambito delle esperienze di volontariato sociale.<\/p>\n<p>In particolar modo il progetto nasce dalla volont\u00e0 di promuovere, attraverso le esperienze di servizio nelle realt\u00e0 presenti sul territorio, un percorso che porti i giovani ad accrescere la propria dimensione valoriale umana e cristiana promuovendo un cammino di fede e carit\u00e0. Offrire un accompagnamento costante, una formazione non solo teorica ma anche esperienziale, che ha al centro l\u2019incontro con l\u2019Altro. In un momento storico particolare, in cui si assiste alla diminuzione di attitudine da parte dei giovani ad avvicinarsi alle esperienze di volontariato, il progetto intende offrire uno spazio di confronto e di impegno costruito su misura per loro. L\u2019idea \u00e8 quella di educare dei giovani dando loro la possibilit\u00e0 di osservare e toccare con mano la realt\u00e0, certi che questo serva ad accrescere in loro il senso di responsabilit\u00e0 nei confronti del territorio in cui vivono.<\/p>\n<p>Vedr\u00e0 coinvolti 35 giovani, individuati dalle parrocchie della diocesi, a cui sar\u00e0 offerto un percorso formativo e la possibilit\u00e0 di svolgere servizio di volontariato all\u2019interno delle opere diocesane.<\/p>\n<p><strong>INCONTRI INFORMATIVI PER PRESENTARE IL PROGETTO<\/strong><\/p>\n<p><u>GIOVINAZZO\u00a0<\/u>3 MAGGIO\u00a0 DALLE 16.00 ALLE 18.00 Vico Marco Polo n.4 presso la Caritas Cittadina<\/p>\n<p><u>MOLFETTA\u00a0<\/u>3 MAGGIO\u00a0 DALLE 18.00 ALLE 20.00 piazza Giovene n.4 presso l\u2019Ufficio Caritas Diocesana<\/p>\n<p><u>TERLIZZI\u00a0<\/u>4 MAGGIO DALLE 16.00 ALLE 18.00 Corso V.Emanuele n.24 presso la Caritas Cittadina<\/p>\n<p><u>RUVO\u00a0<\/u>4 MAGGIO\u00a0\u00a0DALLE 18.00 ALLE 20.00 \u2028C.so Jatta 90 presso la Caritas Cittadina<\/p>\n<p><em>per altre informazioni:\u00a0<\/em><em>puoi scrivere a <\/em><a href=\"mailto:caritasmolfetta@libero.it\"><em>caritasmolfetta@libero.it<\/em><\/a><\/p>\n<p><a href=\"http:\/\/www.diocesimolfetta.it\/caritas\/wp-content\/uploads\/sites\/7\/2018\/04\/SCHEDA-ADESIONE-.pdf\">SCHEDA ADESIONE<\/a><\/p>\n<p>&nbsp;<\/p>\n<p>&nbsp;<\/p>\n","protected":false},"excerpt":{"rendered":"<p>Nei prossimi mesi la Caritas Diocesana sar\u00e0 impegnata in un progetto di promozione del volontariato giovanile dal titolo \u201c I Care \u2013 Giovani&#038;Volontariato\u201d promosso da Caritas Italiana nell\u2019ambito delle esperienze di volontariato sociale.<\/p>\n","protected":false},"author":3,"featured_media":358,"comment_status":"closed","ping_status":"open","sticky":false,"template":"","format":"standard","meta":{"footnotes":""},"categories":[2,29,20,30,6,40,21],"tags":[56,62,64,63],"class_list":["post-357","post","type-post","status-publish","format-standard","has-post-thumbnail","hentry","category-caritas-diocesana","category-citta","category-evidenza","category-molfetta","category-news","category-ruvo-di-puglia","category-ufficio-per-le-comunicazioni-sociali","tag-caritas","tag-colontariato-sociale","tag-comunicazioni-sociali","tag-unitalsi"],"acf":[],"_links":{"self":[{"href":"https:\/\/www.diocesimolfetta.it\/caritas\/wp-json\/wp\/v2\/posts\/357","targetHints":{"allow":["GET"]}}],"collection":[{"href":"https:\/\/www.diocesimolfetta.it\/caritas\/wp-json\/wp\/v2\/posts"}],"about":[{"href":"https:\/\/www.diocesimolfetta.it\/caritas\/wp-json\/wp\/v2\/types\/post"}],"author":[{"embeddable":true,"href":"https:\/\/www.diocesimolfetta.it\/caritas\/wp-json\/wp\/v2\/users\/3"}],"replies":[{"embeddable":true,"href":"https:\/\/www.diocesimolfetta.it\/caritas\/wp-json\/wp\/v2\/comments?post=357"}],"version-history":[{"count":2,"href":"https:\/\/www.diocesimolfetta.it\/caritas\/wp-json\/wp\/v2\/posts\/357\/revisions"}],"predecessor-version":[{"id":361,"href":"https:\/\/www.diocesimolfetta.it\/caritas\/wp-json\/wp\/v2\/posts\/357\/revisions\/361"}],"wp:featuredmedia":[{"embeddable":true,"href":"https:\/\/www.diocesimolfetta.it\/caritas\/wp-json\/wp\/v2\/media\/358"}],"wp:attachment":[{"href":"https:\/\/www.diocesimolfetta.it\/caritas\/wp-json\/wp\/v2\/media?parent=357"}],"wp:term":[{"taxonomy":"category","embeddable":true,"href":"https:\/\/www.diocesimolfetta.it\/caritas\/wp-json\/wp\/v2\/categories?post=357"},{"taxonomy":"post_tag","embeddable":true,"href":"https:\/\/www.diocesimolfetta.it\/caritas\/wp-json\/wp\/v2\/tags?post=357"}],"curies":[{"name":"wp","href":"https:\/\/api.w.org\/{rel}","templated":true}]}}