{"id":635,"date":"2020-07-03T11:54:55","date_gmt":"2020-07-03T09:54:55","guid":{"rendered":"http:\/\/www.diocesimolfetta.it\/caritas\/?p=635"},"modified":"2020-09-18T12:00:06","modified_gmt":"2020-09-18T10:00:06","slug":"casa-daccoglienza-si-rifa-il-look-diventa-accogliente-piu-che-mai","status":"publish","type":"post","link":"https:\/\/www.diocesimolfetta.it\/caritas\/2020\/07\/03\/casa-daccoglienza-si-rifa-il-look-diventa-accogliente-piu-che-mai\/","title":{"rendered":"Casa d&#8217;Accoglienza si rif\u00e0 il look: diventa accogliente pi\u00f9 che mai"},"content":{"rendered":"<p style=\"text-align: left;\">Casa d\u2019Accoglienza \u201cDon Tonino Bello\u201d ha aperto le porte ed \u00e8 diventa pi\u00f9 a<span style=\"font-size: inherit;\">ccogli<\/span><span style=\"font-size: inherit;\">ente che mai durante il periodo di lockdown. Il centro,\u00a0sito in via Carlo Pisacane 95\/T a Molfetta, \u00e8 diventato operativo in modo diverso negli ultimi mesi. C\u2019\u00e8 stata una modifica dei servizi offerti agli ospiti della casa viste le richieste del territorio durante il periodo emergenziale e un progetto legato all\u20198<\/span>xmille che doveva gi\u00e0 prendere avvio. Ai consueti servizi di mensa, lavanderia e doccia si \u00e8 affiancato quello di accoglienza h24 per sei ospiti che, grazie alla fantasia e all\u2019estro degli operatori, si sono messi in gioco partecipando ad attivit\u00e0 laboratoriali. I prodotti finiti dei laboratori hanno reso pi\u00f9 accogliente l&#8217;ambiente che, quotidianamente, \u00e8 la casa di alcuni, soprattutto in questo periodo storico-economico post\u00a0pandemia. Per rendere pi\u00f9 colorata la casa e pi\u00f9\u00a0comoda la permanenza negli ambienti comuni, sono stati realizzati alcuni divani dagli operatori e dagli o<span style=\"font-size: inherit;\">spiti riutilizzando materiale di scarto e dando nuova vita agli oggetti. Sabato scorso, invece, \u00e8 stato piantato del prezzemolo che, insieme ad altre piante e spezie piantate precedentemente, profumer\u00e0 gli ambienti. Continuano, dunque, le attivit\u00e0 di giardinaggio a Casa d\u2019Accoglienza che porteranno alla realizzazione di un orto domestico.<\/span><\/p>\n<p><img loading=\"lazy\" decoding=\"async\" class=\"wp-image-637  aligncenter\" src=\"https:\/\/www.diocesimolfetta.it\/caritas\/wp-content\/uploads\/sites\/7\/2020\/07\/WhatsApp-Image-2020-06-30-at-19.53.49-1024x576.jpeg\" alt=\"\" width=\"453\" height=\"255\" srcset=\"https:\/\/www.diocesimolfetta.it\/caritas\/wp-content\/uploads\/sites\/7\/2020\/07\/WhatsApp-Image-2020-06-30-at-19.53.49-1024x576.jpeg 1024w, https:\/\/www.diocesimolfetta.it\/caritas\/wp-content\/uploads\/sites\/7\/2020\/07\/WhatsApp-Image-2020-06-30-at-19.53.49-300x169.jpeg 300w, https:\/\/www.diocesimolfetta.it\/caritas\/wp-content\/uploads\/sites\/7\/2020\/07\/WhatsApp-Image-2020-06-30-at-19.53.49-768x432.jpeg 768w, https:\/\/www.diocesimolfetta.it\/caritas\/wp-content\/uploads\/sites\/7\/2020\/07\/WhatsApp-Image-2020-06-30-at-19.53.49-1536x864.jpeg 1536w, https:\/\/www.diocesimolfetta.it\/caritas\/wp-content\/uploads\/sites\/7\/2020\/07\/WhatsApp-Image-2020-06-30-at-19.53.49-800x450.jpeg 800w, https:\/\/www.diocesimolfetta.it\/caritas\/wp-content\/uploads\/sites\/7\/2020\/07\/WhatsApp-Image-2020-06-30-at-19.53.49-1200x675.jpeg 1200w, https:\/\/www.diocesimolfetta.it\/caritas\/wp-content\/uploads\/sites\/7\/2020\/07\/WhatsApp-Image-2020-06-30-at-19.53.49.jpeg 2000w\" sizes=\"auto, (max-width: 453px) 100vw, 453px\" \/><\/p>\n<p style=\"font-size: 16px;\"><img loading=\"lazy\" decoding=\"async\" class=\"wp-image-636  aligncenter\" src=\"https:\/\/www.diocesimolfetta.it\/caritas\/wp-content\/uploads\/sites\/7\/2020\/07\/WhatsApp-Image-2020-06-30-at-19.53.42-1024x576.jpeg\" alt=\"\" width=\"456\" height=\"257\" srcset=\"https:\/\/www.diocesimolfetta.it\/caritas\/wp-content\/uploads\/sites\/7\/2020\/07\/WhatsApp-Image-2020-06-30-at-19.53.42-1024x576.jpeg 1024w, https:\/\/www.diocesimolfetta.it\/caritas\/wp-content\/uploads\/sites\/7\/2020\/07\/WhatsApp-Image-2020-06-30-at-19.53.42-300x169.jpeg 300w, https:\/\/www.diocesimolfetta.it\/caritas\/wp-content\/uploads\/sites\/7\/2020\/07\/WhatsApp-Image-2020-06-30-at-19.53.42-768x432.jpeg 768w, https:\/\/www.diocesimolfetta.it\/caritas\/wp-content\/uploads\/sites\/7\/2020\/07\/WhatsApp-Image-2020-06-30-at-19.53.42-1536x864.jpeg 1536w, https:\/\/www.diocesimolfetta.it\/caritas\/wp-content\/uploads\/sites\/7\/2020\/07\/WhatsApp-Image-2020-06-30-at-19.53.42-800x450.jpeg 800w, https:\/\/www.diocesimolfetta.it\/caritas\/wp-content\/uploads\/sites\/7\/2020\/07\/WhatsApp-Image-2020-06-30-at-19.53.42-1200x675.jpeg 1200w, https:\/\/www.diocesimolfetta.it\/caritas\/wp-content\/uploads\/sites\/7\/2020\/07\/WhatsApp-Image-2020-06-30-at-19.53.42.jpeg 2000w\" sizes=\"auto, (max-width: 456px) 100vw, 456px\" \/><\/p>\n<p>&nbsp;<\/p>\n","protected":false},"excerpt":{"rendered":"<p>Casa d\u2019Accoglienza \u201cDon Tonino Bello\u201d ha aperto le porte ed \u00e8 diventa pi\u00f9 accogliente che mai durante il periodo di lockdown offrendo oltre i soliti servizi anche dei nuovi<\/p>\n","protected":false},"author":10,"featured_media":432,"comment_status":"closed","ping_status":"open","sticky":false,"template":"","format":"standard","meta":{"footnotes":""},"categories":[76,2,171,29,136,30,6],"tags":[58,172,131,141,61],"class_list":["post-635","post","type-post","status-publish","format-standard","has-post-thumbnail","hentry","category-attualita","category-caritas-diocesana","category-casa-daccoglienza-don-tonino-bello","category-citta","category-coronavirus","category-molfetta","category-news","tag-8xmille","tag-casa-daccoglienza","tag-coronavirus","tag-covid-19","tag-don-tonino-bello"],"acf":[],"_links":{"self":[{"href":"https:\/\/www.diocesimolfetta.it\/caritas\/wp-json\/wp\/v2\/posts\/635","targetHints":{"allow":["GET"]}}],"collection":[{"href":"https:\/\/www.diocesimolfetta.it\/caritas\/wp-json\/wp\/v2\/posts"}],"about":[{"href":"https:\/\/www.diocesimolfetta.it\/caritas\/wp-json\/wp\/v2\/types\/post"}],"author":[{"embeddable":true,"href":"https:\/\/www.diocesimolfetta.it\/caritas\/wp-json\/wp\/v2\/users\/10"}],"replies":[{"embeddable":true,"href":"https:\/\/www.diocesimolfetta.it\/caritas\/wp-json\/wp\/v2\/comments?post=635"}],"version-history":[{"count":3,"href":"https:\/\/www.diocesimolfetta.it\/caritas\/wp-json\/wp\/v2\/posts\/635\/revisions"}],"predecessor-version":[{"id":859,"href":"https:\/\/www.diocesimolfetta.it\/caritas\/wp-json\/wp\/v2\/posts\/635\/revisions\/859"}],"wp:featuredmedia":[{"embeddable":true,"href":"https:\/\/www.diocesimolfetta.it\/caritas\/wp-json\/wp\/v2\/media\/432"}],"wp:attachment":[{"href":"https:\/\/www.diocesimolfetta.it\/caritas\/wp-json\/wp\/v2\/media?parent=635"}],"wp:term":[{"taxonomy":"category","embeddable":true,"href":"https:\/\/www.diocesimolfetta.it\/caritas\/wp-json\/wp\/v2\/categories?post=635"},{"taxonomy":"post_tag","embeddable":true,"href":"https:\/\/www.diocesimolfetta.it\/caritas\/wp-json\/wp\/v2\/tags?post=635"}],"curies":[{"name":"wp","href":"https:\/\/api.w.org\/{rel}","templated":true}]}}