{"id":205,"date":"2013-04-27T06:58:00","date_gmt":"2013-04-27T04:58:00","guid":{"rendered":"http:\/\/www.diocesimolfetta.it\/famiglia\/2013\/04\/27\/festa-diocesana-delle-famiglie-2\/"},"modified":"2013-04-27T06:58:00","modified_gmt":"2013-04-27T04:58:00","slug":"festa-diocesana-delle-famiglie-2","status":"publish","type":"post","link":"https:\/\/www.diocesimolfetta.it\/famiglia\/2013\/04\/27\/festa-diocesana-delle-famiglie-2\/","title":{"rendered":"Festa diocesana delle Famiglie"},"content":{"rendered":"<div>\n<div><span style=\"color: #221e1f; mso-ascii-font-family: Calibri; mso-hansi-font-family: Calibri; mso-bidi-font-family: Calibri\"><font face=\"Calibri\"><o:p><span lang=\"IT\"><span style=\"font-family: \"><span lang=\"IT\"><font face=\"Ocean Sans Std Book\"><\/p>\n<p><font size=\"3\">Carissimi,<\/font><\/p>\n<div><font size=\"3\">\u00e8 con grande gioia che vogliamo invitare le famiglie della vostra parrocchia alla <b>FESTA DIOCESANA DELLE FAMIGLIE<\/b>, che si terr\u00e0 a Molfetta presso la Parrocchia Madonna della Pace il 5 maggio p.v. . Abbiamo ancora impresso nel nostro ricordo, la bella ed entusiasmante festa dello scorso anno ed ecco perch\u00e9 non vogliamo che quella esperienza ben riuscita resti un evento isolato ma diventi un appuntamento annuale, sempre vivace, coinvolgente ed utile alla pastorale familiare della nostra diocesi.<br \/>Quest&#8217;anno il momento di incontro vedr\u00e0 la partecipazione sia delle famiglie che dei giovani sposi a cui il nostro Vescovo sin dall&#8217;anno scorso ha voluto si dedicassero momenti specifici di catechesi e di spiritualit\u00e0. Il tema scelto per quest&#8217;anno si ispira all&#8217;omelia del Santo Padre, Papa Francesco, in occasione della solennit\u00e0 di San Giuseppe: &#8220;<b>La famiglia custode dell&#8217;Amore<\/b>&#8220;. Questo tema ci aiuter\u00e0 a riflettere e a provocare le nostre coscienze su che cosa significhi oggi custodire l&#8217;Amore, chi sono i protagonisti di questa nobile arte della custodia, quale \u00e8 il ruolo dei singoli e le relazioni che ne scaturiscono, quale \u00e8 \u00a0il compito della Chiesa locale e in che modo la pastorale familiare pu\u00f2 giovarsi di questo esercizio del &#8220;custodire l&#8217;Amore&#8221;. Ci aiuteranno in questo percorso i coniugi <b>Lucia<\/b> <b>Miglionico e Peppino Petracca,<\/b> Referenti regionali della Pastorale Familiare. Nel pomeriggio, poi, dopo aver condiviso il pranzo, avremo un momento di confronto sulle buone pratiche di pastorale familiare. Ogni parrocchia, potr\u00e0 comunicare sinteticamente una iniziativa di successo che ha promosso in ambito parrocchiale o cittadino.\u00a0 In conclusione celebreremo l&#8217;Eucarestia con il nostro Vescovo. In allegato oltre al programma della giornata, alle notizie logistiche e al testo dell&#8217;Omelia del Santo Padre, troverete un pezzo di stoffa colorato e un pennarello. Sul pezzo di stoffa ogni parrocchia dovr\u00e0 riportare sinteticamente con una parola o una breve frase:<\/font><\/div>\n<div><font size=\"3\"><span>\u00b7<span>\u00a0\u00a0\u00a0\u00a0\u00a0\u00a0\u00a0\u00a0 <\/span><\/span>il tema o l&#8217;azione che ha caratterizzato l&#8217;anno pastorale in corso<\/font><\/div>\n<div><font size=\"3\"><span>\u00b7<span>\u00a0\u00a0\u00a0\u00a0\u00a0\u00a0\u00a0\u00a0 <\/span><\/span>Il sogno che sta maturando\u00a0durante quest&#8217;anno.<\/font><\/div>\n<div><font size=\"3\">Certi che anche questa iniziativa incontri il vostro favore, vi salutiamo e vi aspettiamo numerosi.<\/font><\/div>\n<div><b><font size=\"3\">\u00a0<\/font><\/b><\/div>\n<div>\n<p class=\"MsoNormal\" style=\"margin: 0cm 0cm 10pt\"><strong><span style=\"font-family: \"Arial\",\"sans-serif\"; color: black\"><font size=\"3\">Programma<\/font><\/span><\/strong><\/p>\n<p class=\"MsoNormal\" style=\"margin: 0cm 0cm 10pt\"><span style=\"font-family: \"Arial\",\"sans-serif\"; color: black\"><font size=\"3\">Ore 9.30 incontro, accoglienza, iscrizioni<br \/>Ore 10.00 preghiera iniziale<br \/>Ore 10.15 riflessione a due voci sul tema della giornata a cura dei coniugi Lucia Miglionico e Peppino Petracca , referenti regionali della Pastorale familiare<br \/>Ore 11.15 gruppi di lavoro<br \/>Ore 12.15 condivisione del lavoro dei gruppi<span class=\"apple-converted-space\">\u00a0<\/span><br \/>Ore 12.30 conclusioni<br \/>Ore 13.00 pranzo<br \/>Ore 14.30 esperienze a confronto, le buone pratiche di pastorale familiare in Diocesi<br \/>Ore 16.00 S. Messa presieduta S.E. Luigi Martella<span class=\"apple-converted-space\">\u00a0<\/span><br \/>Ore 17.00 conclusione della Festa<br \/><br style=\"mso-special-character: line-break\" \/><br style=\"mso-special-character: line-break\" \/><o:p><\/o:p><\/font><\/span><\/p>\n<p class=\"MsoNormal\" style=\"text-align: justify; margin: 0cm 0cm 10pt\"><span style=\"font-family: \"Arial\",\"sans-serif\"; color: black\"><font size=\"3\">Per il pranzo ogni parrocchia, porter\u00e0 una o pi\u00f9 pietanze, divise equamente tra dolce e salato, per un numero di porzioni pari al numero dei partecipanti della propria parrocchia. Alle bevande provveder\u00e0 l&#8217;organizzazione. Sar\u00e0 organizzato un servizio di intrattenimento per i pi\u00f9 piccoli.<o:p><\/o:p><\/font><\/span><\/p>\n<p class=\"MsoNormal\" style=\"margin: 0cm 0cm 10pt\"><span style=\"font-family: \"Arial\",\"sans-serif\"; color: black\"><font size=\"3\">Per ogni altra informazionecontattare l&#8217;Ufficio Famiglia 080 3341734<o:p><\/o:p><\/font><\/span><\/p>\n<\/div>\n<div>\u00a0<\/div>\n<div><b><font size=\"3\">Vincenzo Di Palo, Ferri Cormio e Antonella Vetrugno <\/font><\/b><\/div>\n<p><b><font size=\"3\">Direttore e Coppia Collaboratrice<\/font><\/b><\/p>\n<p><font size=\"3\">\u00a0<\/font><\/p>\n<p><\/font><\/span><\/span><\/span><\/o:p><\/font><\/span><\/div>\n<\/div>\n","protected":false},"excerpt":{"rendered":"<p>Con grande gioia che vogliamo invitare le famiglie alla FESTA DIOCESANA DELLE FAMIGLIE, che si terr\u00e0 a Molfetta presso la Parrocchia Madonna della Pace il 5 maggio p.v. . Abbiamo ancora impresso nel nostro ricordo, la bella ed entusiasmante festa dello scorso anno ed ecco perch\u00e9 non vogliamo che quella esperienza ben riuscita resti un evento isolato ma diventi un appuntamento annuale, sempre vivace, coinvolgente ed utile alla pastorale familiare della nostra diocesi.<\/p>\n","protected":false},"author":1,"featured_media":206,"comment_status":"closed","ping_status":"closed","sticky":false,"template":"","format":"standard","meta":{"footnotes":""},"categories":[5,2],"tags":[],"class_list":["post-205","post","type-post","status-publish","format-standard","has-post-thumbnail","hentry","category-in-evidenza-news-2013","category-ufficio-per-la-pastorale-della-famiglia"],"acf":[],"_links":{"self":[{"href":"https:\/\/www.diocesimolfetta.it\/famiglia\/wp-json\/wp\/v2\/posts\/205","targetHints":{"allow":["GET"]}}],"collection":[{"href":"https:\/\/www.diocesimolfetta.it\/famiglia\/wp-json\/wp\/v2\/posts"}],"about":[{"href":"https:\/\/www.diocesimolfetta.it\/famiglia\/wp-json\/wp\/v2\/types\/post"}],"author":[{"embeddable":true,"href":"https:\/\/www.diocesimolfetta.it\/famiglia\/wp-json\/wp\/v2\/users\/1"}],"replies":[{"embeddable":true,"href":"https:\/\/www.diocesimolfetta.it\/famiglia\/wp-json\/wp\/v2\/comments?post=205"}],"version-history":[{"count":0,"href":"https:\/\/www.diocesimolfetta.it\/famiglia\/wp-json\/wp\/v2\/posts\/205\/revisions"}],"wp:featuredmedia":[{"embeddable":true,"href":"https:\/\/www.diocesimolfetta.it\/famiglia\/wp-json\/wp\/v2\/media\/206"}],"wp:attachment":[{"href":"https:\/\/www.diocesimolfetta.it\/famiglia\/wp-json\/wp\/v2\/media?parent=205"}],"wp:term":[{"taxonomy":"category","embeddable":true,"href":"https:\/\/www.diocesimolfetta.it\/famiglia\/wp-json\/wp\/v2\/categories?post=205"},{"taxonomy":"post_tag","embeddable":true,"href":"https:\/\/www.diocesimolfetta.it\/famiglia\/wp-json\/wp\/v2\/tags?post=205"}],"curies":[{"name":"wp","href":"https:\/\/api.w.org\/{rel}","templated":true}]}}