{"id":217,"date":"2014-01-29T06:56:00","date_gmt":"2014-01-29T05:56:00","guid":{"rendered":"http:\/\/www.diocesimolfetta.it\/famiglia\/2014\/01\/29\/generare-futuro-la-giornata-della-vita-in-diocesi\/"},"modified":"2014-01-29T06:56:00","modified_gmt":"2014-01-29T05:56:00","slug":"generare-futuro-la-giornata-della-vita-in-diocesi","status":"publish","type":"post","link":"https:\/\/www.diocesimolfetta.it\/famiglia\/2014\/01\/29\/generare-futuro-la-giornata-della-vita-in-diocesi\/","title":{"rendered":"&#8220;Generare futuro&#8221;: la Giornata della vita in diocesi"},"content":{"rendered":"<div><font size=\"3\"><font face=\"Calibri\"><\/p>\n<p class=\"MsoNormal\" style=\"margin: 0cm 0cm 10pt\">La 36ma Giornata\u00a0per la\u00a0Vita, indetta dalla Conferenza Episcopale Italiana, si celebra ogni nella prima domenica di febbraio. Alla vigilia di tale appuntamento la nostra diocesi propone un appuntamento di riflessione, testimonianze e preghiera, guidato dal Vescovo Mons. Luigi Martella.<\/p>\n<p class=\"MsoNormal\" style=\"margin: 0cm 0cm 10pt\">L&#8217;incontro, promosso dall&#8217;Ufficio di Pastorale della Famiglia, Pastorale della salute e dal Consultorio diocesano, si svolger\u00e0 sabato 1 febbraio 2014, a partire dalle ore 16,30, presso le strutture della parrocchia Madonna della Rosa a Molfetta. Sono invitati i giovani, adulti, famiglie e quanti hanno a cuore la vita.<\/p>\n<p class=\"MsoNormal\" style=\"margin: 0cm 0cm 10pt\">\u00a0<\/p>\n<p class=\"MsoNormal\" style=\"margin: 0cm 0cm 10pt\">Di seguito proponiamo il Messaggio dei Vescovi italiani per la 36a Giornata Nazionale per la Vita, 2 febbraio 2014<\/p>\n<p class=\"MsoNormal\" style=\"margin: 0cm 0cm 10pt\"><strong>Generare futuro<\/strong><\/p>\n<p class=\"MsoNormal\" style=\"line-height: normal; margin: 0cm 0cm 0pt\">&#8216;I figli sono la pupilla dei nostri occhi&#8217; Che ne sar\u00e0 di noi se non ci prendiamo cura dei nostri occhi? Come potremo andare avanti?&#8217;. Cos\u00ec Papa Francesco all&#8217;apertura della XXVIII Giornata Mondiale della Giovent\u00f9 ha illuminato ed esortato tutti<span style=\"mso-spacerun: yes\">\u00a0 <\/span>alla custodia della vita, ricordando che generare ha in s\u00e9 il germe del futuro. Il figlio si protende verso il domani fin dal grembo materno, accompagnato dalla scelta provvida e consapevole di un uomo e di una donna che si fanno collaboratori del Creatore. La nascita spalanca l&#8217;orizzonte verso passi ulteriori che disegneranno il suo futuro, quello dei suoi genitori e della societ\u00e0 che lo circonda, nella quale egli \u00e8 chiamato ad offrire un contributo originale. Questo percorso mette in evidenza &#8216;il nesso stretto tra educare e generare: la relazione educativa si innesta nell&#8217;atto generativo e nell&#8217;esperienza dell&#8217;essere figli&#8217;, nella consapevolezza che &#8216;il bambino impara a vivere guardando ai genitori e agli adulti&#8217;.<\/p>\n<p class=\"MsoNormal\" style=\"line-height: normal; margin: 0cm 0cm 0pt\">Ogni figlio \u00e8 volto del &#8216;Signore amante della vita&#8217; (Sap 11,26), dono per la famiglia e per la societ\u00e0. Generare la vita \u00e8 generare il futuro anche e soprattutto oggi, nel tempo della crisi; da essa si pu\u00f2 uscire mettendo i genitori nella condizione di realizzare le loro scelte e i loro progetti.<o:p><\/o:p><\/p>\n<p class=\"MsoNormal\" style=\"line-height: normal; margin: 0cm 0cm 0pt\">La testimonianza di giovani sposi e i dati che emergono da inchieste recenti indicano ancora un grande desiderio di generare, che resta mortificato per la carenza di adeguate politiche familiari, per la pressione fiscale e una cultura diffidente verso la vita. Favorire questa aspirazione (valutata nella percentuale di 2,2 figli per donna sull&#8217;attuale 1,3 di tasso di natalit\u00e0) porterebbe a invertire la tendenza negativa della natalit\u00e0, e soprattutto ad arricchirci del contributo unico dei figli, autentico bene sociale oltre che segno fecondo dell&#8217;amore sponsale.<o:p><\/o:p><\/p>\n<p class=\"MsoNormal\" style=\"line-height: normal; margin: 0cm 0cm 0pt\">La societ\u00e0 tutta \u00e8 chiamata a interrogarsi e a decidere quale modello di civilt\u00e0 e quale cultura intende promuovere, a cominciare da quella palestra decisiva per le nuove generazioni che \u00e8 la scuola.<o:p><\/o:p><\/p>\n<p class=\"MsoNormal\" style=\"line-height: normal; margin: 0cm 0cm 0pt\">Per porre i mattoni del futuro siamo sollecitati ad andare verso le periferie esistenziali della societ\u00e0, sostenendo donne, uomini e comunit\u00e0 che si impegnino, come afferma Papa Francesco, per un&#8217;autentica &#8216;cultura dell&#8217;incontro&#8217;. Educando al dialogo tra le generazioni potremo unire in modo fecondo la speranza e le fatiche dei giovani con la saggezza, l&#8217;esperienza di vita e la tenacia degli anziani. <o:p><\/o:p><\/p>\n<p class=\"MsoNormal\" style=\"line-height: normal; margin: 0cm 0cm 0pt\">La cultura dell&#8217;incontro \u00e8 indispensabile per coltivare il valore della vita in tutte le sue fasi: dal concepimento alla nascita, educando e rigenerando di giorno in giorno, accompagnando la crescita verso l&#8217;et\u00e0 adulta e anziana fino al suo naturale termine, e superare cos\u00ec la cultura dello &#8216;scarto&#8217;. Si tratta di accogliere con stupore la vita, il mistero che la abita, la<span style=\"mso-spacerun: yes\">\u00a0 <\/span>sua forza sorgiva, come realt\u00e0 che sorregge tutte le altre, che \u00e8 data e si impone da s\u00e9 e pertanto non pu\u00f2 essere soggetta all&#8217;arbitrio dell&#8217;uomo. <o:p><\/o:p><\/p>\n<p class=\"MsoNormal\" style=\"line-height: normal; margin: 0cm 0cm 0pt\">L&#8217;alleanza per la vita \u00e8 capace di suscitare ancora autentico progresso per la nostra societ\u00e0, anche da un punto di vista materiale. Infatti il ricorso all&#8217;aborto priva ogni anno il nostro Paese anche dell&#8217;apporto prezioso di tanti nuovi uomini e donne. Se lamentiamo l&#8217;emorragia di energie positive che vive il nostro Paese con l&#8217;emigrazione forzata di persone &#8216; spesso giovani &#8216; dotate di preparazione e professionalit\u00e0 eccellenti, dobbiamo ancor pi\u00f9 deplorare il mancato contributo di coloro ai quali \u00e8 stato impedito di nascere. Ancora oggi, nascere non \u00e8 una prospettiva sicura per chi ha ricevuto, con il concepimento, il dono della vita. \u00c8 davvero preoccupante considerare come in Italia l&#8217;aspettativa di vita media di un essere umano cali vistosamente se lo consideriamo non alla nascita, ma al concepimento. <o:p><\/o:p><\/p>\n<p class=\"MsoNormal\" style=\"line-height: normal; margin: 0cm 0cm 0pt\">La nostra societ\u00e0 ha bisogno oggi di solidariet\u00e0 rinnovata, di uomini e donne che la abitino con responsabilit\u00e0 e siano messi in condizione di svolgere il loro compito di padri e madri, impegnati a superare l&#8217;attuale crisi demografica e, con essa, tutte le forme di esclusione. Una esclusione che tocca in particolare chi \u00e8 ammalato e anziano, magari con il ricorso a forme mascherate di eutanasia. Vengono meno cos\u00ec il senso dell&#8217;umano e la capacit\u00e0 del farsi carico che stanno a fondamento della societ\u00e0. &#8216;\u00c8 il custodire la gente, l&#8217;aver cura di tutti, di ogni persona, con amore, specialmente dei bambini, dei vecchi, di coloro che sono pi\u00f9 fragili e che spesso sono nella periferia del nostro cuore. \u00c8 l&#8217;aver cura l&#8217;uno dell&#8217;altro nella famiglia: i coniugi si custodiscono reciprocamente, poi come genitori si prendono cura dei figli, e col tempo anche i figli diventano custodi dei genitori&#8217;.<o:p><\/o:p><\/p>\n<p class=\"MsoNormal\" style=\"line-height: normal; margin: 0cm 0cm 0pt\">Come un giorno si \u00e8 stati accolti e accompagnati alla vita dai genitori, che rendono presente la pi\u00f9 ampia comunit\u00e0 umana, cos\u00ec nella fase finale la famiglia e la comunit\u00e0 umana accompagnano chi \u00e8 &#8216;rivestito di debolezza&#8217; (Eb 5,2), ammalato, anziano, non autosufficiente, non solo restituendo quanto dovuto, ma facendo unit\u00e0 attorno alla persona ora fragile, bisognosa, affidata alle cure e alle mani provvide degli altri.<o:p><\/o:p><\/p>\n<p class=\"MsoNormal\" style=\"margin: 0cm 0cm 10pt\"><span new=\"\" style=\"font-family: ; font-size: 11pt\">Generare futuro \u00e8 tenere ben ferma e alta questa relazione di amore e di sostegno, indispensabile per prospettare una comunit\u00e0 umana ancora unita e in crescita, consapevoli che &#8216;un popolo che non si prende cura degli anziani e dei bambini e dei giovani non ha futuro, perch\u00e9 maltr<\/span><\/p>\n<p><\/font><\/font><\/div>\n","protected":false},"excerpt":{"rendered":"<p>La 36ma Giornata per la Vita, indetta dalla Conferenza Episcopale Italiana, si celebra ogni nella prima domenica di febbraio. Alla vigilia di tale appuntamento la nostra diocesi propone un appuntamento di riflessione, testimonianze e preghiera, guidato dal Vescovo Mons. Luigi Martella.<br \/>\nL&#8217;incontro, promosso dall&#8217;Ufficio di Pastorale della Famiglia, Pastorale della salute e dal Consultorio diocesano, si svolger\u00e0 sabato 1 febbraio 2014, a partire dalle ore 16,30, presso le strutture della parrocchia Madonna della Rosa a Molfetta. Sono invitati i giovani, adulti, famiglie e quanti hanno a cuore la vita.<br \/>\nDi seguito proponiamo il Messaggio dei Vescovi italiani per la 36a Giornata Nazionale per la Vita, 2 febbrai0 2014<\/p>\n","protected":false},"author":1,"featured_media":218,"comment_status":"closed","ping_status":"closed","sticky":false,"template":"","format":"standard","meta":{"footnotes":""},"categories":[7,2],"tags":[],"class_list":["post-217","post","type-post","status-publish","format-standard","has-post-thumbnail","hentry","category-in-evidenza-news-2014","category-ufficio-per-la-pastorale-della-famiglia"],"acf":[],"_links":{"self":[{"href":"https:\/\/www.diocesimolfetta.it\/famiglia\/wp-json\/wp\/v2\/posts\/217","targetHints":{"allow":["GET"]}}],"collection":[{"href":"https:\/\/www.diocesimolfetta.it\/famiglia\/wp-json\/wp\/v2\/posts"}],"about":[{"href":"https:\/\/www.diocesimolfetta.it\/famiglia\/wp-json\/wp\/v2\/types\/post"}],"author":[{"embeddable":true,"href":"https:\/\/www.diocesimolfetta.it\/famiglia\/wp-json\/wp\/v2\/users\/1"}],"replies":[{"embeddable":true,"href":"https:\/\/www.diocesimolfetta.it\/famiglia\/wp-json\/wp\/v2\/comments?post=217"}],"version-history":[{"count":0,"href":"https:\/\/www.diocesimolfetta.it\/famiglia\/wp-json\/wp\/v2\/posts\/217\/revisions"}],"wp:featuredmedia":[{"embeddable":true,"href":"https:\/\/www.diocesimolfetta.it\/famiglia\/wp-json\/wp\/v2\/media\/218"}],"wp:attachment":[{"href":"https:\/\/www.diocesimolfetta.it\/famiglia\/wp-json\/wp\/v2\/media?parent=217"}],"wp:term":[{"taxonomy":"category","embeddable":true,"href":"https:\/\/www.diocesimolfetta.it\/famiglia\/wp-json\/wp\/v2\/categories?post=217"},{"taxonomy":"post_tag","embeddable":true,"href":"https:\/\/www.diocesimolfetta.it\/famiglia\/wp-json\/wp\/v2\/tags?post=217"}],"curies":[{"name":"wp","href":"https:\/\/api.w.org\/{rel}","templated":true}]}}