{"id":219,"date":"2014-02-15T06:58:00","date_gmt":"2014-02-15T05:58:00","guid":{"rendered":"http:\/\/www.diocesimolfetta.it\/famiglia\/2014\/02\/15\/le-parole-che-fanno-lamore\/"},"modified":"2014-02-15T06:58:00","modified_gmt":"2014-02-15T05:58:00","slug":"le-parole-che-fanno-lamore","status":"publish","type":"post","link":"https:\/\/www.diocesimolfetta.it\/famiglia\/2014\/02\/15\/le-parole-che-fanno-lamore\/","title":{"rendered":"Le parole che fanno l&#8217;amore"},"content":{"rendered":"<div>\n<div>\n<p><span style=\"color:rgb(34, 30, 31)\">\u00c9 gi\u00e0\u00a0qualche anno che l&#8217;ufficio diocesano di Pastorale della Famiglia, diretto da don Vincenzo di Palo,\u00a0promuove l&#8217;incontro di tutte le coppie di fidanzati che frequentano o frequenteranno i percorsi di preparazione al matrimonio nelle 36 parrocchie della Diocesi; centinaia di giovani, che intendono approfondire la scelta sacramentale che stanno per compiere, si incontrano\u00a0con il Vescovo <strong>don Gino Martella <\/strong>per riflettere e condividere<strong>\u00a0&#8220;Le parole che fanno l&#8217;amore&#8221;; <\/strong>questo infatti il tema della giornata di domenica 16 febbraio,\u00a0dalle 9,30 alle 13,00,\u00a0presso la parrocchia Madonna della Pace, a Molfetta.<\/span><\/p>\n<p><span style=\"color:rgb(34, 30, 31)\">La riflessione sociopsicologica sar\u00e0 proposta dal <strong>dott. Michele Ciccolella<\/strong>, psicologo; a questa seguir\u00e0 un dibattito tra i presenti, quindi il Vescovo presieder\u00e0 la celebrazione eucaristica, durante la quale proporr\u00e0 alcuni pensieri e linee direttrici per una vita coniugale che sia piena e duratura. Provvidenzialmente l&#8217;incontro diocesano si colloca all&#8217;indomani dell bellissmo appuntamento di Papa Francesco in piazza San Pietro con i fidanzati, nel giorno di San Valentino. <\/span><\/p>\n<p> &#8216;Gli sposi possono imparare a pregare anche cos\u00ec: Signore, dacci oggi il nostro amore quotidiano, insegnaci ad amarci, a volerci bene! Pi\u00f9 vi affiderete a Lui, pi\u00f9 il vostro amore sar\u00e0 per sempre, capace di rinnovarsi, e vincer\u00e0 ogni difficolt\u00e0&#8217;. Lo ha detto il Papa, secondo il quale &#8216;l&#8217;amore quotidiano degli sposi \u00e8 il vero pane dell&#8217;anima&#8217;, ha detto a braccio. &#8216;Chiedete a Ges\u00f9 di moltiplicare il vostro amore&#8217;, l&#8217;invito del Papa, che ha esortato i fidanzati a non fondare la loro casa sulla sabbia dei sentimenti che vanno e vengono, ma sulla roccia dell&#8217;amore vero, l&#8217;amore che viene da Dio&#8217;. &#8216;La famiglia nasce da questo progetto d&#8217;amore che vuole crescere come si costruisce una casa che sia luogo di affetto, di aiuto, di speranza, di sostegno&#8217;, ha ricordato il Papa: &#8216;Come l&#8217;amore di Dio \u00e8 stabile e per sempre, cos\u00ec anche l&#8217;amore che fonda la famiglia vogliamo che sia stabile e per sempre&#8217;. &#8216;Anche per voi, il Signore pu\u00f2 moltiplicare il vostro amore e donarvelo fresco e buono ogni giorno&#8217;, ha assicurato Papa Francesco citando il miracolo della moltiplicazione dei pani e dei pesci: &#8216;Ne ha una riserva infinita! Lui vi dona l&#8217;amore che sta a fondamento della vostra unione e ogni giorno lo rinnova, lo rafforza. E lo rende ancora pi\u00f9 grande quando la famiglia cresce con i figli&#8217;.<\/p>\n<p>\u00a0<\/p>\n<p>\u00a0<\/p>\n<p>\u00a0<\/p>\n<\/p><\/div>\n<\/p><\/div>\n","protected":false},"excerpt":{"rendered":"<p>\u00c9 gi\u00e0 qualche anno che l&#8217;ufficio diocesano di Pastorale della Famiglia, diretto da don Vincenzo di Palo, promuove l&#8217;incontro di tutte le coppie di fidanzati che frequentano o frequenteranno i percorsi di preparazione al matrimonio nelle 36 parrocchie della Diocesi; centinaia di giovani, che intendono approfondire la scelta sacramentale che stanno per compiere, si incontrano con il Vescovo don Gino Martella per riflettere e condividere &#8220;Le parole che fanno l&#8217;amore&#8221;; questo infatti il tema della giornata di domenica 16 febbraio, dalle 9,30 alle 13,00, presso la parrocchia Madonna della Pace, a Molfetta.<\/p>\n","protected":false},"author":1,"featured_media":220,"comment_status":"closed","ping_status":"closed","sticky":false,"template":"","format":"standard","meta":{"footnotes":""},"categories":[7,2],"tags":[],"class_list":["post-219","post","type-post","status-publish","format-standard","has-post-thumbnail","hentry","category-in-evidenza-news-2014","category-ufficio-per-la-pastorale-della-famiglia"],"acf":[],"_links":{"self":[{"href":"https:\/\/www.diocesimolfetta.it\/famiglia\/wp-json\/wp\/v2\/posts\/219","targetHints":{"allow":["GET"]}}],"collection":[{"href":"https:\/\/www.diocesimolfetta.it\/famiglia\/wp-json\/wp\/v2\/posts"}],"about":[{"href":"https:\/\/www.diocesimolfetta.it\/famiglia\/wp-json\/wp\/v2\/types\/post"}],"author":[{"embeddable":true,"href":"https:\/\/www.diocesimolfetta.it\/famiglia\/wp-json\/wp\/v2\/users\/1"}],"replies":[{"embeddable":true,"href":"https:\/\/www.diocesimolfetta.it\/famiglia\/wp-json\/wp\/v2\/comments?post=219"}],"version-history":[{"count":0,"href":"https:\/\/www.diocesimolfetta.it\/famiglia\/wp-json\/wp\/v2\/posts\/219\/revisions"}],"wp:featuredmedia":[{"embeddable":true,"href":"https:\/\/www.diocesimolfetta.it\/famiglia\/wp-json\/wp\/v2\/media\/220"}],"wp:attachment":[{"href":"https:\/\/www.diocesimolfetta.it\/famiglia\/wp-json\/wp\/v2\/media?parent=219"}],"wp:term":[{"taxonomy":"category","embeddable":true,"href":"https:\/\/www.diocesimolfetta.it\/famiglia\/wp-json\/wp\/v2\/categories?post=219"},{"taxonomy":"post_tag","embeddable":true,"href":"https:\/\/www.diocesimolfetta.it\/famiglia\/wp-json\/wp\/v2\/tags?post=219"}],"curies":[{"name":"wp","href":"https:\/\/api.w.org\/{rel}","templated":true}]}}