{"id":231,"date":"2015-02-03T22:03:00","date_gmt":"2015-02-03T21:03:00","guid":{"rendered":"http:\/\/www.diocesimolfetta.it\/famiglia\/2015\/02\/03\/i-fidanzati-la-fantasia-dellamore\/"},"modified":"2015-02-03T22:03:00","modified_gmt":"2015-02-03T21:03:00","slug":"i-fidanzati-la-fantasia-dellamore","status":"publish","type":"post","link":"https:\/\/www.diocesimolfetta.it\/famiglia\/2015\/02\/03\/i-fidanzati-la-fantasia-dellamore\/","title":{"rendered":"I Fidanzati: la fantasia dell&#8217;amore"},"content":{"rendered":"<div><span style=\"font-family: 'Lucida Grande', Verdana, Arial, Helvetica, sans-serif;\">Torna puntuale, come gi\u00e0 da alcuni anni, l&#8217;appuntamento che la diocesi rivolge a\u00a0tutti i fidanzati che sono impegnati nei percorsi di preparazione al matrimonio, nelle 36 parrocchie di Molfetta-Ruvo-Giovinazzo-Terlizzi, e che celebreranno le nozze nel corso dell&#8217;anno 2015.<br >Una modalit\u00e0\u00a0di grande spessore sociale ed ecclesiale che l&#8217;Ufficio di pastorale famigliare, diretto da don Vincenzo di Palo e dall&#8217;\u00e8quipe diocesana, promuove a ridosso del\u00a014 febbraio, giorno comunemente dedicato agli innamorati (San Valentino).<br >Nella profonda convinzione del significato umano, sociale e spirituale della famiglia, fondata sul matrimonio, e nella consapevolezza della preziosit\u00e0 del tempo del fidanzamento, l&#8217;incontro di domenica si integra con i percorsi che ciascuna parrocchia promuove per offrire ai giovani nubendi l&#8217;opportunit\u00e0 di riflettere sul dono che si preparano a ricevere e a custodire. \u00c9 anche l&#8217;occasione per il Vescovo di incontrare i futuri sposi e offrire loro il suo pensiero di padre e pastore.<br >Il tema, &#8220;Fidanzati, la fantasia dell&#8217;amore&#8221; richiama la scelta tematica annuale che orienta la programmazione pastorale annuale: &#8220;E si prese cura di lui. Educare alla carit\u00e0&#8221;. E non c&#8217;\u00e8 esperienza pi\u00f9 intensa e totale del &#8220;prendersi cura&#8221; e dell'&#8221;educarsi alla carit\u00e0&#8221; che il fidanzamento e la vita coniugale.<br ><\/span><span style=\"font-family: Verdana, Geneva, sans-serif; font-size: 13px;\">Dopo l&#8217;accoglienza e la preghiera iniziale, alle ore 9,30, la riflessione sul tema sar\u00e0 curata dal\u00a0<\/span><strong style=\"font-family: Verdana, Geneva, sans-serif; font-size: 13px;\">Dott. MICHELE CICCOLELLA<\/strong><span style=\"font-family: Verdana, Geneva, sans-serif; font-size: 13px;\">\u00a0Psicologo;<\/span><br style=\"font-family: Verdana, Geneva, sans-serif; font-size: 13px;\" ><span style=\"font-family: 'Lucida Grande', Verdana, Arial, Helvetica, sans-serif;\">Seguir\u00e0 alle 12 la S.Messa presieduta da\u00a0<\/span><strong style=\"font-family: 'Lucida Grande', Verdana, Arial, Helvetica, sans-serif;\">Mons. LUIGI MARTELLA<\/strong><span style=\"font-family: 'Lucida Grande', Verdana, Arial, Helvetica, sans-serif;\">\u00a0Vescovo.<\/span><\/div>\n<div>\u00a0<\/div>\n","protected":false},"excerpt":{"rendered":"<p>Come \u00e8 consuetudine nella programmazione pastorale, in ricorrenza del 14 febbraio, giorno comunemente dedicato agli innamorati (San Valentino) l&#8217;Ufficio di Pastorale della Famiglia promuove un appuntamento di grande spessore ecclesiale ed affettivo: l&#8217;incontro diocesano di tutti i fidanzati che sono impegnati nei percorsi di preparazione al matrimonio.<\/p>\n","protected":false},"author":1,"featured_media":232,"comment_status":"closed","ping_status":"closed","sticky":false,"template":"","format":"standard","meta":{"footnotes":""},"categories":[8,2],"tags":[],"class_list":["post-231","post","type-post","status-publish","format-standard","has-post-thumbnail","hentry","category-news","category-ufficio-per-la-pastorale-della-famiglia"],"acf":[],"_links":{"self":[{"href":"https:\/\/www.diocesimolfetta.it\/famiglia\/wp-json\/wp\/v2\/posts\/231","targetHints":{"allow":["GET"]}}],"collection":[{"href":"https:\/\/www.diocesimolfetta.it\/famiglia\/wp-json\/wp\/v2\/posts"}],"about":[{"href":"https:\/\/www.diocesimolfetta.it\/famiglia\/wp-json\/wp\/v2\/types\/post"}],"author":[{"embeddable":true,"href":"https:\/\/www.diocesimolfetta.it\/famiglia\/wp-json\/wp\/v2\/users\/1"}],"replies":[{"embeddable":true,"href":"https:\/\/www.diocesimolfetta.it\/famiglia\/wp-json\/wp\/v2\/comments?post=231"}],"version-history":[{"count":0,"href":"https:\/\/www.diocesimolfetta.it\/famiglia\/wp-json\/wp\/v2\/posts\/231\/revisions"}],"wp:featuredmedia":[{"embeddable":true,"href":"https:\/\/www.diocesimolfetta.it\/famiglia\/wp-json\/wp\/v2\/media\/232"}],"wp:attachment":[{"href":"https:\/\/www.diocesimolfetta.it\/famiglia\/wp-json\/wp\/v2\/media?parent=231"}],"wp:term":[{"taxonomy":"category","embeddable":true,"href":"https:\/\/www.diocesimolfetta.it\/famiglia\/wp-json\/wp\/v2\/categories?post=231"},{"taxonomy":"post_tag","embeddable":true,"href":"https:\/\/www.diocesimolfetta.it\/famiglia\/wp-json\/wp\/v2\/tags?post=231"}],"curies":[{"name":"wp","href":"https:\/\/api.w.org\/{rel}","templated":true}]}}