{"id":236,"date":"2015-04-15T14:14:00","date_gmt":"2015-04-15T12:14:00","guid":{"rendered":"http:\/\/www.diocesimolfetta.it\/famiglia\/2015\/04\/15\/incontro-festa-diocesano-delle-famiglie-2\/"},"modified":"2015-04-15T14:14:00","modified_gmt":"2015-04-15T12:14:00","slug":"incontro-festa-diocesano-delle-famiglie-2","status":"publish","type":"post","link":"https:\/\/www.diocesimolfetta.it\/famiglia\/2015\/04\/15\/incontro-festa-diocesano-delle-famiglie-2\/","title":{"rendered":"Incontro-festa diocesano delle famiglie"},"content":{"rendered":"<div>\n<div><span style=\"font-size: medium;\">Anche quest\u2019anno, con grande gioia, vogliamo invitare le famiglie della diocesi alla Festa delle famiglie, che si terr\u00e0 a Ruvo presso la Parrocchia San Domenico, domenica 19 aprile p.v.. Questo appuntamento annuale, lo abbiamo constatato tutti, \u00e8 coinvolgente ed utile alla pastorale familiare della nostra diocesi. \u00c8 un\u2019occasione di confronto tra generazioni. Infatti vi parteciperanno famiglie di ogni et\u00e0 con particolare attenzione ai giovani sposi, la cui cura di catechesi e di spiritualit\u00e0 \u00e8 messa in atto gi\u00e0 da qualche anno nelle nostre citt\u00e0. <\/span><\/div>\n<div><span style=\"font-size: medium;\">Il tema scelto per quest\u2019anno \u00e8: <strong>Animare l\u2019umano; la persona dall\u2019interiorit\u00e0 al nuovo umanesimo<\/strong>. <\/span><\/div>\n<div><span style=\"font-size: medium;\">Vogliamo anche noi, famiglie cristiane, prepararci al prossimo convegno ecclesiale di Firenze. <\/span><\/div>\n<div><span style=\"font-size: medium;\">Ci aiuter\u00e0 nella riflessione Don Franco Castellana, docente emerito di filosofia e spiritualit\u00e0.\u00a0<\/span><\/div>\n<div>\u00a0<\/div>\n<div><span style=\"font-size: medium;\">PROGRAMMA<\/span><\/div>\n<div><span style=\"font-size: medium;\">Ore 09,30 incontro, accoglienza\u00a0<\/span><\/div>\n<div><span style=\"font-size: medium;\">Ore 10,00 preghiera iniziale<\/span><\/div>\n<div><span style=\"font-size: medium;\">Ore 10,15 riflessione\u00a0<\/span><\/div>\n<div><span style=\"font-size: medium;\">Ore 11,30 gruppi di lavoro<\/span><\/div>\n<div><span style=\"font-size: medium;\">Ore 13,00 pranzo<\/span><\/div>\n<div><span style=\"font-size: medium;\">Ore 14,30 condivisione del lavoro dei gruppi<\/span><\/div>\n<div><span style=\"font-size: medium;\">Ore 16,30 S. Messa presieduta da Mons. Luigi Martella e conclusione.<\/span><\/div>\n<div><span style=\"font-size: medium;\">P.S. Per il pranzo ogni parrocchia, porter\u00e0 una o pi\u00f9 pietanze, divise equamente tra dolce e salato, per un numero di porzioni pari al numero dei partecipanti della propria parrocchia, insieme alle bevande. Sar\u00e0 organizzata per i figli un\u2019animazione sul medesimo tema.<\/span><\/div>\n<div>\u00a0<\/div>\n<div><span style=\"font-size: medium;\">Per ogni altra informazione contattare l\u2019Ufficio Famiglia 080 3341734<\/span><\/div>\n<\/div>\n<div>\u00a0<\/div>\n<div>\u00a0<\/div>\n","protected":false},"excerpt":{"rendered":"<p>Anche quest\u2019anno, con grande gioia, vogliamo invitare le famiglie della diocesi alla Festa delle famiglie, che si terr\u00e0 a Ruvo presso la Parrocchia San Domenico, domenica 19 aprile p.v.<\/p>\n","protected":false},"author":1,"featured_media":237,"comment_status":"closed","ping_status":"closed","sticky":false,"template":"","format":"standard","meta":{"footnotes":""},"categories":[8,2],"tags":[],"class_list":["post-236","post","type-post","status-publish","format-standard","has-post-thumbnail","hentry","category-news","category-ufficio-per-la-pastorale-della-famiglia"],"acf":[],"_links":{"self":[{"href":"https:\/\/www.diocesimolfetta.it\/famiglia\/wp-json\/wp\/v2\/posts\/236","targetHints":{"allow":["GET"]}}],"collection":[{"href":"https:\/\/www.diocesimolfetta.it\/famiglia\/wp-json\/wp\/v2\/posts"}],"about":[{"href":"https:\/\/www.diocesimolfetta.it\/famiglia\/wp-json\/wp\/v2\/types\/post"}],"author":[{"embeddable":true,"href":"https:\/\/www.diocesimolfetta.it\/famiglia\/wp-json\/wp\/v2\/users\/1"}],"replies":[{"embeddable":true,"href":"https:\/\/www.diocesimolfetta.it\/famiglia\/wp-json\/wp\/v2\/comments?post=236"}],"version-history":[{"count":0,"href":"https:\/\/www.diocesimolfetta.it\/famiglia\/wp-json\/wp\/v2\/posts\/236\/revisions"}],"wp:featuredmedia":[{"embeddable":true,"href":"https:\/\/www.diocesimolfetta.it\/famiglia\/wp-json\/wp\/v2\/media\/237"}],"wp:attachment":[{"href":"https:\/\/www.diocesimolfetta.it\/famiglia\/wp-json\/wp\/v2\/media?parent=236"}],"wp:term":[{"taxonomy":"category","embeddable":true,"href":"https:\/\/www.diocesimolfetta.it\/famiglia\/wp-json\/wp\/v2\/categories?post=236"},{"taxonomy":"post_tag","embeddable":true,"href":"https:\/\/www.diocesimolfetta.it\/famiglia\/wp-json\/wp\/v2\/tags?post=236"}],"curies":[{"name":"wp","href":"https:\/\/api.w.org\/{rel}","templated":true}]}}