{"id":238,"date":"2015-09-10T08:04:00","date_gmt":"2015-09-10T06:04:00","guid":{"rendered":"http:\/\/www.diocesimolfetta.it\/famiglia\/2015\/09\/10\/le-famiglie-illuminano-il-sinodo-viaggio-a-roma-dalla-diocesi\/"},"modified":"2015-09-10T08:04:00","modified_gmt":"2015-09-10T06:04:00","slug":"le-famiglie-illuminano-il-sinodo-viaggio-a-roma-dalla-diocesi","status":"publish","type":"post","link":"https:\/\/www.diocesimolfetta.it\/famiglia\/2015\/09\/10\/le-famiglie-illuminano-il-sinodo-viaggio-a-roma-dalla-diocesi\/","title":{"rendered":"Le famiglie illuminano il Sinodo. Viaggio a Roma dalla diocesi"},"content":{"rendered":"<div><span style=\"font-size: medium;\">Il Sinodo ordinario sulla famiglia si svolger\u00e0 dal 4 al 25 ottobre. Gi\u00e0 lo scorso anno, nella sua lettera alle famiglie, Papa Francesco ci chiese: &#8220;il sostegno della preghiera \u00e8 quanto mai necessario e significativo specialmente da parte vostra, care famiglie. Infatti, questa Assemblea sinodale \u00e8 dedicata in modo speciale a voi, alla vostra vocazione e missione nella Chiesa e nella societ\u00e0. Pertanto vi chiedo di pregare intensamente lo Spirito Santo, affinch\u00e9 illumini i Padri sinodali e li guidi nel loro impegnativo compito&#8221;.<br >Per questo scopo siamo convocati <strong>sabato 3 ottobre di nuovo a Roma in Piazza San Pietro<\/strong> per vivere nel pomeriggio (dalle 18.00 alle 19.30) un momento di preghiera e testimonianza di fede attorno al Sommo Pontefice e ai Padri Sinodali. Sar\u00e0 bello essere tutti l\u00ec e il momento storico che stiamo attraversando ci chiede di fare il possibile per partecipare, mostrando in unit\u00e0 tutta la bellezza della famiglia. Se ci fossero difficolt\u00e0 per famiglie pressate dalla crisi economica che desiderano vivere questo evento storico, fatecelo direttamente presente e troveremo vie adeguate di sostegno.<br >\u00abAbbiamo una grande necessit\u00e0 di far vedere la bellezza della famiglia che \u00e8 in Italia, in unit\u00e0\u00bb ha sostenuto Monsignor Galantino. La nostra vera forza \u00e8 rimanere ancorati alla realt\u00e0 con la consapevolezza che la realt\u00e0 \u00e8 superiore all&#8217;idea: e la realt\u00e0 \u00e8 la famiglia\u00bb.<\/span><\/div>\n<div>\u00a0<\/div>\n<div><span style=\"font-size: medium;\">L\u2019Ufficio Famiglia della nostra Diocesi chiama le nostre famiglie a partecipare \u00a0a tale momento di preghiera.<\/span><\/div>\n<div><span style=\"font-size: medium;\">A tal fine organizza dei <strong>pullman che partiranno dalle quattro citt\u00e0 della Diocesi alle ore 6 di sabato 3 ottobre per ripartire da Roma intorno alle ore 20<\/strong>, al termine della veglia di preghiera.<\/span><\/div>\n<div><span style=\"font-size: medium;\">La partecipazione \u00e8 rivolta alle famiglie: genitori e figli.<\/span><\/div>\n<div>\u00a0<\/div>\n<div><strong><span style=\"font-size: medium;\">Per informazioni su costi e organizzazione del viaggio contattare:<\/span><\/strong><\/div>\n<div><span style=\"font-size: medium;\">Molfetta: Nicola Stasi (335356874)<\/span><\/div>\n<div><span style=\"font-size: medium;\">Ruvo: Angelo Mazzone (3478628740)<\/span><\/div>\n<div><span style=\"font-size: medium;\">Giovinazzo: Saverio de Candia (3291021294)<\/span><\/div>\n<div><span style=\"font-size: medium;\">Terlizzi: Alessio Antonelli (3498711346).<\/span><\/div>\n<div>\u00a0<\/div>\n<div><a href=\"http:\/\/www.chiesacattolica.it\/famiglia\/siti_di_uffici_e_servizi\/ufficio_nazionale_per_la_pastorale_della_famiglia\/00072148_Le_famiglie_illuminano_il_Sinodo.html\" onclick=\"window.open(this.href,'','resizable=no,location=no,menubar=no,scrollbars=no,status=no,toolbar=no,fullscreen=no,dependent=no,status'); return false\"><strong>Ulteriori informazioni sull&#8217;evento<\/strong><\/a><\/div>\n<div>\u00a0<\/div>\n","protected":false},"excerpt":{"rendered":"<p>L\u2019Ufficio Famiglia della nostra Diocesi chiama le nostre famiglie a partecipare alla veglia di preghiera con Papa Francesco, alla vigilia del Sinodo sulla Famiglia. A tal fine organizza dei pullman che partiranno dalle quattro citt\u00e0 della Diocesi.<\/p>\n","protected":false},"author":1,"featured_media":239,"comment_status":"closed","ping_status":"closed","sticky":false,"template":"","format":"standard","meta":{"footnotes":""},"categories":[8,2],"tags":[],"class_list":["post-238","post","type-post","status-publish","format-standard","has-post-thumbnail","hentry","category-news","category-ufficio-per-la-pastorale-della-famiglia"],"acf":[],"_links":{"self":[{"href":"https:\/\/www.diocesimolfetta.it\/famiglia\/wp-json\/wp\/v2\/posts\/238","targetHints":{"allow":["GET"]}}],"collection":[{"href":"https:\/\/www.diocesimolfetta.it\/famiglia\/wp-json\/wp\/v2\/posts"}],"about":[{"href":"https:\/\/www.diocesimolfetta.it\/famiglia\/wp-json\/wp\/v2\/types\/post"}],"author":[{"embeddable":true,"href":"https:\/\/www.diocesimolfetta.it\/famiglia\/wp-json\/wp\/v2\/users\/1"}],"replies":[{"embeddable":true,"href":"https:\/\/www.diocesimolfetta.it\/famiglia\/wp-json\/wp\/v2\/comments?post=238"}],"version-history":[{"count":0,"href":"https:\/\/www.diocesimolfetta.it\/famiglia\/wp-json\/wp\/v2\/posts\/238\/revisions"}],"wp:featuredmedia":[{"embeddable":true,"href":"https:\/\/www.diocesimolfetta.it\/famiglia\/wp-json\/wp\/v2\/media\/239"}],"wp:attachment":[{"href":"https:\/\/www.diocesimolfetta.it\/famiglia\/wp-json\/wp\/v2\/media?parent=238"}],"wp:term":[{"taxonomy":"category","embeddable":true,"href":"https:\/\/www.diocesimolfetta.it\/famiglia\/wp-json\/wp\/v2\/categories?post=238"},{"taxonomy":"post_tag","embeddable":true,"href":"https:\/\/www.diocesimolfetta.it\/famiglia\/wp-json\/wp\/v2\/tags?post=238"}],"curies":[{"name":"wp","href":"https:\/\/api.w.org\/{rel}","templated":true}]}}