{"id":243,"date":"2015-09-30T16:28:00","date_gmt":"2015-09-30T14:28:00","guid":{"rendered":"http:\/\/www.diocesimolfetta.it\/famiglia\/2015\/09\/30\/le-famiglie-della-diocesi-col-papa-in-preghiera-per-il-sinodo\/"},"modified":"2015-09-30T16:28:00","modified_gmt":"2015-09-30T14:28:00","slug":"le-famiglie-della-diocesi-col-papa-in-preghiera-per-il-sinodo","status":"publish","type":"post","link":"https:\/\/www.diocesimolfetta.it\/famiglia\/2015\/09\/30\/le-famiglie-della-diocesi-col-papa-in-preghiera-per-il-sinodo\/","title":{"rendered":"Le famiglie della diocesi col Papa in preghiera per il Sinodo"},"content":{"rendered":"<div><span style=\"font-size: medium;\">Il Sinodo ordinario sulla famiglia si svolger\u00e0 dal 4 al 25 ottobre. Gi\u00e0 lo scorso anno nella sua lettera alle famiglie Papa Francesco ci chiese: &#8220;il sostegno della preghiera \u00e8 quanto mai necessario e significativo specialmente da parte vostra, care famiglie. Infatti, questa Assemblea sinodale \u00e8 dedicata in modo speciale a voi, alla vostra vocazione e missione nella Chiesa e nella societ\u00e0. Pertanto vi chiedo di pregare intensamente lo Spirito Santo, affinch\u00e9 illumini i Padri sinodali e li guidi nel loro impegnativo compito&#8221;.<br >Per questo scopo le famiglie sono convocate sabato 3 ottobre di nuovo a Roma in Piazza San Pietro per vivere nel pomeriggio (dalle 18.00 alle 19.30) un momento di preghiera e testimonianza di fede attorno al Sommo Pontefice e ai Padri Sinodali. <\/span><\/div>\n<div><span style=\"font-size: medium;\">Dalla nostra diocesi saranno presenti circa 60 persone, coordinate da don Vincenzo di Palo e dall&#8217;\u00e8quipe di pastorale famigliare.<\/span><\/div>\n<div><strong><span style=\"font-size: medium;\">A tutte le altre famiglie e comunit\u00e0 parrocchiali si chiede di unirsi spiritualmente, o a livello domestico oppure organizzandosi in parrocchia, per seguire tramite Tv2000 l&#8217;evento.<\/span><\/strong><\/div>\n<div><strong><span style=\"font-size: medium;\">Un segno esteriore sar\u00e0 l&#8217;accensione di una luce sui balconi.<\/span><\/strong><\/div>\n<div><span style=\"font-size: medium;\">Chiediamo a tutti di aggiungere una intenzione di preghiera particolare per il nostro don Mimmo Amato.<\/span><\/div>\n<div>\u00a0<\/div>\n<div><span style=\"font-size: medium;\">Di seguito la riflessione dell&#8217;ufficio diocesano di pastorale famigliare che sar\u00e0 pubblicata su Luce e Vita del 4 ottobre 2015.<\/span><\/div>\n<div>\u00a0<\/div>\n<div>\n<div><span style=\"font-family: 'Times New Roman';\"><span style=\"font-size: medium;\">\u00abPer la prima volta la Chiesa viene convocata in Sinodo per affrontare il tema della famiglia. Non era mai accaduto prima e solo questo dato ci porta a pensare alla sfida lanciata da Papa Francesco al mondo, ma anche alla Chiesa. Tutte le comunit\u00e0 diocesane del pianeta sono state interpellate, i laici, le donne e gli uomini, il clero, tutti hanno potuto esprimere le proprie opinioni, rappresentare i problemi, gridare il dolore per le famiglie ferite e sottolineare la bellezza della famiglia nel suo farsi.<\/span><\/span><\/div>\n<div><span style=\"font-family: 'Times New Roman';\"><span style=\"font-size: medium;\">A volte la stampa ha enfatizzato molto i temi caldi posti all\u2019attenzione di questo Sinodo, l\u2019omosessualit\u00e0, le coppie divorziate, la riforma della Sacra Rota. Papa Francesco nelle sue catechesi sottolinea un aspetto che ci sembra centrale per vivere questo momento di grazia e di discernimento per la Chiesa.<\/span><\/span><\/div>\n<div><span style=\"font-family: 'Times New Roman';\"><span style=\"font-size: medium;\">Le famiglie, dice \u201cportano in campo i fondamentali della creazione di Dio: l\u2019identit\u00e0 e il legame dell\u2019uomo e della donna, la generazione dei figli, il lavoro che rende domestica la terra e abitabile il mondo\u201d.\u00a0<\/span><\/span><\/div>\n<div><span style=\"font-family: 'Times New Roman';\"><span style=\"font-size: medium;\">La vita familiare \u00e8 \u201cun capolavoro di semplicit\u00e0, bello proprio perch\u00e9 non artificiale, non finto, ma capace di incorporare in s\u00e9 tutti gli aspetti della vita vera\u201d, che \u201cnon si fa in laboratorio, si fa nella realt\u00e0\u201d. \u00c9 da questa affermazione che poi deriva l\u2019esigenza di mettere ordine in un istituto che ovviamente risente della modernit\u00e0, della cultura del tempo che condiziona la vita degli uomini. Oggi si tratta di ripartire dai fondamenti della creazione che ci parlano di un legame generativo tra uomo e donna.<\/span><\/span><\/div>\n<div><span style=\"font-family: 'Times New Roman';\"><span style=\"font-size: medium;\">Non si tratta di una crociata contro la modernit\u00e0, contro alcuni elementi propri del relativismo culturale di questo tempo che a volte ci sembra stiano demolendo l\u2019identit\u00e0 sessuale dell\u2019uomo e della donna. A noi cattolici il Papa chiede di testimoniare la bellezza dell\u2019essere uomo e donna insieme, senza falsit\u00e0 e senza prevaricazioni.\u00a0<\/span><\/span><\/div>\n<div><span style=\"font-family: 'Times New Roman';\"><span style=\"font-size: medium;\">\u201cLa Chiesa \u00e8 madre\u201d, ma le madri \u201cdovrebbero trovare pi\u00f9 ascolto\u201d nella societ\u00e0 e nella Chiesa. Francesco propone una pedagogia concreta: \u201cBisognerebbe comprendere di pi\u00f9 la loro lotta quotidiana per essere efficienti al lavoro e attente e affettuose in famiglia; bisognerebbe capire meglio a che cosa aspirano per esprimere i frutti migliori e autentici della loro emancipazione\u201d.<\/span><\/span><\/div>\n<div><span style=\"font-family: 'Times New Roman';\"><span style=\"font-size: medium;\">\u00a0\u201cUna societ\u00e0 senza madri sarebbe una societ\u00e0 disumana\u201d. \u201cLa donna non \u00e8 la replica dell\u2019uomo\u201d.<\/span><\/span><\/div>\n<div><span style=\"font-family: 'Times New Roman';\"><span style=\"font-size: medium;\">\u201cReciprocit\u00e0\u201d \u00e8 la parola-chiave scelta dal Papa per disegnare il rapporto tra uomo e donna: \u201cla rimozione della differenza \u00e8 il problema, non la soluzione\u201d.<\/span><\/span><\/div>\n<div><span style=\"font-family: 'Times New Roman';\"><span style=\"font-size: medium;\">Pi\u00f9 volte, nelle udienze, il Papa denuncia le molteplici \u201cforme di maschilismo\u201d che tendono a far considerare la donna \u201cdi seconda classe\u201d e stigmatizza i \u201cmolti luoghi comuni, a volte persino offensivi, sulla donna tentatrice\u201d.<\/span><\/span><\/div>\n<div><span style=\"font-family: 'Times New Roman';\"><span style=\"font-size: medium;\">\u201cIl problema dei nostri giorni non sembra essere pi\u00f9 tanto la presenza invadente dei padri, quanto piuttosto la loro assenza, la loro latitanza\u201d.\u00a0<\/span><\/span><\/div>\n<div><span style=\"font-family: 'Times New Roman';\"><span style=\"font-size: medium;\">I ragazzi vivono oggi un \u201csenso di sentirsi orfani\u201d e l\u2019assenza dei padri \u201cproduce lacune e ferite che possono essere anche molto gravi\u201d, fino a trasformarsi in \u201cdevianze\u201d. Anche la societ\u00e0 lascia i giovani \u201corfani\u201d.<\/span><\/span><\/div>\n<div><span style=\"font-family: 'Times New Roman';\"><span style=\"font-size: medium;\">\u00a0Ed ecco perch\u00e9 il Papa ci dice che \u201cIl legame matrimoniale e familiare \u00e8 una cosa seria, lo \u00e8 per tutti, non solo per i credenti\u201d.\u00a0<\/span><\/span><\/div>\n<div><span style=\"font-family: 'Times New Roman';\"><span style=\"font-size: medium;\">\u201cIl capolavoro della societ\u00e0 \u00e8 la famiglia\u201d, verit\u00e0 da riscoprire nella \u201ccultura del provvisorio\u201d.<\/span><\/span><\/div>\n<div><span style=\"font-family: 'Times New Roman';\"><span style=\"font-size: medium;\">\u201cDove c\u2019\u00e8 una famiglia con amore, quella famiglia \u00e8 capace di riscaldare il cuore di tutta una citt\u00e0\u201d, \u00e8 la famiglia l\u2019antidoto alla \u201cdesertificazione comunitaria della citt\u00e0 moderna\u201d. Per questo bisogna consegnare \u201cil timone della storia \u2013 della societ\u00e0, dell\u2019economia, della politica \u2013 all\u2019alleanza dell\u2019uomo e della donna\u201d.\u00bb<\/span><\/span><\/div>\n<div>\u00a0<\/div>\n<div>\n<div>\n<div>di Vincenzo di Palo,\u00a0<\/div>\n<div>Antonella e Ferri Cormio<\/div>\n<\/div>\n<\/div>\n<\/div>\n<div>\u00a0<\/div>\n<div>\u00a0<\/div>\n<p>null<\/p>\n","protected":false},"excerpt":{"rendered":"<p>A tutte le altre famiglie e comunit\u00e0 parrocchiali si chiede di unirsi spiritualmente, o a livello domestico oppure organizzandosi in parrocchia, per seguire tramite Tv2000 l&#8217;evento.<br \/>\nUn segno esteriore sar\u00e0 l&#8217;accensione di una luce sui balconi. Una intenzione particolare per don Mimmo Amato.<\/p>\n","protected":false},"author":1,"featured_media":244,"comment_status":"closed","ping_status":"closed","sticky":false,"template":"","format":"standard","meta":{"footnotes":""},"categories":[8,2],"tags":[],"class_list":["post-243","post","type-post","status-publish","format-standard","has-post-thumbnail","hentry","category-news","category-ufficio-per-la-pastorale-della-famiglia"],"acf":[],"_links":{"self":[{"href":"https:\/\/www.diocesimolfetta.it\/famiglia\/wp-json\/wp\/v2\/posts\/243","targetHints":{"allow":["GET"]}}],"collection":[{"href":"https:\/\/www.diocesimolfetta.it\/famiglia\/wp-json\/wp\/v2\/posts"}],"about":[{"href":"https:\/\/www.diocesimolfetta.it\/famiglia\/wp-json\/wp\/v2\/types\/post"}],"author":[{"embeddable":true,"href":"https:\/\/www.diocesimolfetta.it\/famiglia\/wp-json\/wp\/v2\/users\/1"}],"replies":[{"embeddable":true,"href":"https:\/\/www.diocesimolfetta.it\/famiglia\/wp-json\/wp\/v2\/comments?post=243"}],"version-history":[{"count":0,"href":"https:\/\/www.diocesimolfetta.it\/famiglia\/wp-json\/wp\/v2\/posts\/243\/revisions"}],"wp:featuredmedia":[{"embeddable":true,"href":"https:\/\/www.diocesimolfetta.it\/famiglia\/wp-json\/wp\/v2\/media\/244"}],"wp:attachment":[{"href":"https:\/\/www.diocesimolfetta.it\/famiglia\/wp-json\/wp\/v2\/media?parent=243"}],"wp:term":[{"taxonomy":"category","embeddable":true,"href":"https:\/\/www.diocesimolfetta.it\/famiglia\/wp-json\/wp\/v2\/categories?post=243"},{"taxonomy":"post_tag","embeddable":true,"href":"https:\/\/www.diocesimolfetta.it\/famiglia\/wp-json\/wp\/v2\/tags?post=243"}],"curies":[{"name":"wp","href":"https:\/\/api.w.org\/{rel}","templated":true}]}}