{"id":249,"date":"2016-02-06T19:49:00","date_gmt":"2016-02-06T18:49:00","guid":{"rendered":"http:\/\/www.diocesimolfetta.it\/famiglia\/2016\/02\/06\/la-misericordia-fa-rifiorire-la-vita\/"},"modified":"2016-02-06T19:49:00","modified_gmt":"2016-02-06T18:49:00","slug":"la-misericordia-fa-rifiorire-la-vita","status":"publish","type":"post","link":"https:\/\/www.diocesimolfetta.it\/famiglia\/2016\/02\/06\/la-misericordia-fa-rifiorire-la-vita\/","title":{"rendered":"La misericordia fa rifiorire la vita"},"content":{"rendered":"<div style=\"text-align: center;\">Messaggio del Consiglio Episcopale Permanente<\/div>\n<div style=\"text-align: center;\">per la 38a Giornata Nazionale per la vita<\/div>\n<div style=\"text-align: center;\">(7 febbraio 2016)<\/div>\n<div style=\"text-align: center;\">\u00a0\u00a0<\/div>\n<div style=\"text-align: center;\"><b>LA MISERICORDIA FA FIORIRE LA VITA<\/b><\/div>\n<div>\u00a0<\/div>\n<div><b>\u00a0<\/b><\/div>\n<div>\u201cSiamo noi il sogno di Dio che, da vero innamorato, vuole cambiare la nostra vita\u201d. Con queste parole Papa Francesco invitava a spalancare il cuore alla tenerezza del Padre, \u201cche nella sua grande misericordia ci ha rigenerati\u201d (<i>1Pt<\/i> 1,3) e ha fatto fiorire la nostra vita.<\/div>\n<div><i>\u00a0<\/i><\/div>\n<div><i>La vita \u00e8 cambiamento<\/i><\/div>\n<div>L\u2019Anno Santo della misericordia ci sollecita a un profondo cambiamento. Bisogna togliere \u201cvia il lievito vecchio, per essere pasta nuova\u201d (<i>1Cor<\/i> 5,7), bisogna abbandonare stili di vita sterili, come gli stili ingessati dei farisei. Di loro il Papa dice che \u201cerano forti, ma al di fuori. Erano ingessati. Il cuore era molto debole, non sapevano in cosa credevano. E per questo la loro vita era \u2013 la parte di fuori \u2013 tutta regolata; ma il cuore andava da una parte all\u2019altra: un cuore debole e una pelle ingessata, forte, dura\u201d<span style=\"font-size: 8.33333px;\">.<\/span>\u00a0La misericordia, invero, cambia lo sguardo, allarga il cuore e trasforma la vita in dono: si realizza cos\u00ec il sogno di Dio.<\/div>\n<div><i>\u00a0<\/i><\/div>\n<div><i>La vita \u00e8 crescita<\/i><\/div>\n<div>Una vera crescita in umanit\u00e0 avviene innanzitutto grazie all\u2019amore materno e paterno: \u201cla buona educazione familiare \u00e8 la colonna vertebrale dell\u2019umanesimo\u201d. La famiglia, costituita da un uomo e una donna con un legame stabile, \u00e8 vitale se continua a far nascere e a generare. Ogni figlio che viene al mondo \u00e8 volto del \u201cSignore amante della vita\u201d (<i>Sap<\/i> 11,26), dono per i suoi genitori e per la societ\u00e0; ogni vita non accolta impoverisce il nostro tessuto sociale. Ce lo ricordava Papa Benedetto XVI: \u201cLo sterminio di milioni di bambini non nati, in nome della lotta alla povert\u00e0, costituisce in realt\u00e0 l&#8217;eliminazione dei pi\u00f9 poveri tra gli esseri umani\u201d<span style=\"font-size: 8.33333px;\">.<\/span>\u00a0Il nostro Paese, in particolare, continua a soffrire un preoccupante calo demografico, che in buona parte scaturisce da una carenza di autentiche politiche familiari. Mentre si continuano a investire notevoli energie a favore di piccoli gruppi di persone, non sembra che ci sia lo stesso impegno per milioni di famiglie che, a volte sopravvivendo alla precariet\u00e0 lavorativa, continuano ad offrire una straordinaria cura dei piccoli e degli anziani. \u201cUna societ\u00e0 cresce forte, cresce buona, cresce bella e cresce sana se si edifica sulla base della famiglia\u201d<span style=\"font-size: 8.33333px;\">.\u00a0<\/span>\u00c8 la cura dell\u2019altro \u2013 nella famiglia come nella scuola \u2013 che offre un orizzonte di senso alla vita e fa crescere una societ\u00e0 pienamente umana.<\/div>\n<div><i>\u00a0<\/i><\/div>\n<div><i>La vita \u00e8 dialogo<\/i><\/div>\n<div>I credenti in ogni luogo sono chiamati a farsi diffusori di vita \u201ccostruendo ponti\u201d\u00a0di dialogo, capaci di trasmettere la potenza del Vangelo, guarire la paura di donarsi, generare la \u201ccultura dell\u2019incontro\u201d. Le nostre comunit\u00e0 parrocchiali e le nostre associazioni sanno bene che \u201cla Chiesa deve venire a dialogo col mondo in cui si trova a vivere\u201d<span style=\"font-size: 8.33333px;\">.<\/span>\u00a0Siamo chiamati ad assumere lo stile di Emmaus: \u00e8 il vangelo della misericordia che ce lo chiede (cfr. <i>Lc<\/i> 24,13-35). Ges\u00f9 si mette accanto, anche quando l\u2019altro non lo riconosce o \u00e8 convinto di avere gi\u00e0 tutte le risposte. La sua presenza cambia lo sguardo ai due di Emmaus e fa fiorire la gioia: nei loro occhi si \u00e8 accesa una luce. Di tale luce fanno esperienza gli sposi che, magari dopo una crisi o un tradimento, scoprono la forza del perdono e riprendono di nuovo ad amare. Ritrovano, cos\u00ec, il sapore pieno delle parole dette durante la celebrazione del matrimonio: \u201cPadre, hai rivelato un amore sconosciuto ai nostri occhi, un amore disposto a donarsi senza chiedere nulla in cambio\u201d.\u00a0In questa gratuit\u00e0 del dono fiorisce lo spazio umano pi\u00f9 fecondo per far crescere le giovani generazioni e per \u201cintrodurre \u2013 con la famiglia \u2013 la fraternit\u00e0 nel mondo\u201d. Il sogno di Dio &#8211; fare del mondo una famiglia \u2013 diventa metodo quando in essa si impara a custodire la vita dal concepimento al suo naturale termine e quando la fraternit\u00e0 si irradia dalla famiglia al condominio, ai luoghi di lavoro, alla scuola, agli ospedali, ai centri di accoglienza, alle istituzioni civili.<\/div>\n<div><i>\u00a0<\/i><\/div>\n<div><i>La vita \u00e8 misericordia<\/i><\/div>\n<div>Chiunque si pone al servizio della persona umana realizza il sogno di Dio. Contagiare di misericordia significa aiutare la nostra societ\u00e0 a guarire da tutti gli attentati alla vita. L\u2019elenco \u00e8 impressionante: \u201c\u00c8 attentato alla vita la piaga dell\u2019aborto. \u00c8 attentato alla vita lasciar morire i nostri fratelli sui barconi nel canale di Sicilia. \u00c8 attentato alla vita la morte sul lavoro perch\u00e9 non si rispettano le minime condizioni di sicurezza. \u00c8 attentato alla vita la morte per denutrizione. \u00c8 attentato alla vita il terrorismo, la guerra, la violenza; ma anche l\u2019eutanasia. Amare la vita \u00e8 sempre prendersi cura dell\u2019altro, volere il suo bene, coltivare e rispettare la sua dignit\u00e0 trascendente\u201d. Contagiare di misericordia significa affermare \u2013 con papa Francesco \u2013 che \u00e8 la misericordia il nuovo nome della pace.\u00a0La misericordia far\u00e0 fiorire la vita: quella dei migranti respinti sui barconi o ai confini dell&#8217;Europa, la vita dei bimbi costretti a fare i soldati, la vita delle persone anziane escluse dal focolare domestico e abbandonate negli ospizi, la vita di chi viene sfruttato da padroni senza scrupoli, la vita di chi non vede riconosciuto il suo diritto a nascere.\u00a0Contagiare di misericordia significa osare un cambiamento interiore, che si manifesta contro corrente attraverso opere di misericordia. Opere di chi <i>esce<\/i> da se stesso, <i>annuncia<\/i> l\u2019esistenza ricca in umanit\u00e0, <i>abita<\/i> fiducioso i legami sociali, <i>educa<\/i> alla vita buona del Vangelo e <i>trasfigura<\/i> il mondo con il sogno di Dio.<\/div>\n<div>\u00a0<\/div>\n<div>Roma, 22 ottobre 2015<\/div>\n<div><i>Memoria di San Giovanni Paolo II<\/i><\/div>\n<div><i>\u00a0<\/i><\/div>\n<div>\u00a0<\/div>\n<div>\u00a0\u00a0\u00a0\u00a0\u00a0\u00a0\u00a0\u00a0\u00a0\u00a0\u00a0\u00a0\u00a0\u00a0\u00a0\u00a0\u00a0\u00a0\u00a0\u00a0\u00a0\u00a0\u00a0\u00a0\u00a0\u00a0\u00a0\u00a0\u00a0\u00a0\u00a0\u00a0\u00a0\u00a0\u00a0\u00a0\u00a0\u00a0\u00a0\u00a0\u00a0\u00a0\u00a0\u00a0\u00a0\u00a0\u00a0\u00a0\u00a0\u00a0\u00a0\u00a0\u00a0\u00a0\u00a0\u00a0\u00a0\u00a0\u00a0\u00a0\u00a0\u00a0\u00a0\u00a0\u00a0\u00a0\u00a0\u00a0\u00a0\u00a0\u00a0\u00a0\u00a0\u00a0\u00a0\u00a0\u00a0\u00a0\u00a0\u00a0 Il Consiglio Permanente<\/div>\n<div>\u00a0\u00a0\u00a0\u00a0\u00a0\u00a0\u00a0\u00a0\u00a0\u00a0\u00a0\u00a0\u00a0\u00a0\u00a0\u00a0\u00a0\u00a0\u00a0\u00a0\u00a0\u00a0\u00a0\u00a0\u00a0\u00a0\u00a0\u00a0\u00a0\u00a0\u00a0\u00a0\u00a0\u00a0\u00a0\u00a0\u00a0\u00a0\u00a0\u00a0\u00a0\u00a0\u00a0\u00a0\u00a0\u00a0\u00a0\u00a0\u00a0\u00a0\u00a0\u00a0\u00a0\u00a0\u00a0\u00a0\u00a0\u00a0\u00a0\u00a0\u00a0\u00a0\u00a0\u00a0\u00a0\u00a0\u00a0\u00a0 della Conferenza Episcopale Italiana<\/div>\n<div><br clear=\"all\" >  <\/p>\n<hr align=\"left\" size=\"1\" width=\"33%\" >\n<div id=\"ftn11\">\n<div>\u00a0<\/div>\n<\/div>\n<\/div>\n","protected":false},"excerpt":{"rendered":"<p>Messaggio del Consiglio Episcopale Permanente per la 38a Giornata Nazionale per la vita (7 febbraio 2016)<\/p>\n","protected":false},"author":1,"featured_media":250,"comment_status":"closed","ping_status":"closed","sticky":false,"template":"","format":"standard","meta":{"footnotes":""},"categories":[8,2],"tags":[],"class_list":["post-249","post","type-post","status-publish","format-standard","has-post-thumbnail","hentry","category-news","category-ufficio-per-la-pastorale-della-famiglia"],"acf":[],"_links":{"self":[{"href":"https:\/\/www.diocesimolfetta.it\/famiglia\/wp-json\/wp\/v2\/posts\/249","targetHints":{"allow":["GET"]}}],"collection":[{"href":"https:\/\/www.diocesimolfetta.it\/famiglia\/wp-json\/wp\/v2\/posts"}],"about":[{"href":"https:\/\/www.diocesimolfetta.it\/famiglia\/wp-json\/wp\/v2\/types\/post"}],"author":[{"embeddable":true,"href":"https:\/\/www.diocesimolfetta.it\/famiglia\/wp-json\/wp\/v2\/users\/1"}],"replies":[{"embeddable":true,"href":"https:\/\/www.diocesimolfetta.it\/famiglia\/wp-json\/wp\/v2\/comments?post=249"}],"version-history":[{"count":0,"href":"https:\/\/www.diocesimolfetta.it\/famiglia\/wp-json\/wp\/v2\/posts\/249\/revisions"}],"wp:featuredmedia":[{"embeddable":true,"href":"https:\/\/www.diocesimolfetta.it\/famiglia\/wp-json\/wp\/v2\/media\/250"}],"wp:attachment":[{"href":"https:\/\/www.diocesimolfetta.it\/famiglia\/wp-json\/wp\/v2\/media?parent=249"}],"wp:term":[{"taxonomy":"category","embeddable":true,"href":"https:\/\/www.diocesimolfetta.it\/famiglia\/wp-json\/wp\/v2\/categories?post=249"},{"taxonomy":"post_tag","embeddable":true,"href":"https:\/\/www.diocesimolfetta.it\/famiglia\/wp-json\/wp\/v2\/tags?post=249"}],"curies":[{"name":"wp","href":"https:\/\/api.w.org\/{rel}","templated":true}]}}