{"id":711,"date":"2023-10-20T16:27:01","date_gmt":"2023-10-20T14:27:01","guid":{"rendered":"https:\/\/www.diocesimolfetta.it\/famiglia\/?p=711"},"modified":"2023-10-20T16:30:44","modified_gmt":"2023-10-20T14:30:44","slug":"festa-diocesana-della-famiglia-2023","status":"publish","type":"post","link":"https:\/\/www.diocesimolfetta.it\/famiglia\/2023\/10\/20\/festa-diocesana-della-famiglia-2023\/","title":{"rendered":"La bellezza e le sfide dell&#8217;essere genitori nell&#8217;era digitale: Festa diocesana della famiglia 2023"},"content":{"rendered":"<p>Nella frenetica corsa della vita moderna, con la tecnologia che si fa sempre pi\u00f9 presente nelle nostre giornate, la famiglia pu\u00f2 spesso sentirsi messa alla prova. L&#8217;Ufficio Diocesano per la Pastorale della Famiglia, consapevole di queste sfide, ha organizzato un momento di riflessione e convivialit\u00e0 dal titolo &#8220;Bellezza e difficolt\u00e0 di essere genitori nell&#8217;era digitale&#8221; che si svolger\u00e0 domenica 22 ottobre presso la Parrocchia San Giuseppe a Molfetta.<\/p>\n<p>L&#8217;evento inizier\u00e0 con un&#8217;accoglienza alle ore 9, a cui seguir\u00e0 la relazione del Prof. Alfredo Altomonte, <em>docente UPS<\/em> .<\/p>\n<p><img loading=\"lazy\" decoding=\"async\" class=\"aligncenter size-large wp-image-712\" src=\"https:\/\/www.diocesimolfetta.it\/famiglia\/wp-content\/uploads\/sites\/4\/2023\/10\/festa-della-famiglia-2023-724x1024.jpeg\" alt=\"\" width=\"724\" height=\"1024\" srcset=\"https:\/\/www.diocesimolfetta.it\/famiglia\/wp-content\/uploads\/sites\/4\/2023\/10\/festa-della-famiglia-2023-724x1024.jpeg 724w, https:\/\/www.diocesimolfetta.it\/famiglia\/wp-content\/uploads\/sites\/4\/2023\/10\/festa-della-famiglia-2023-212x300.jpeg 212w, https:\/\/www.diocesimolfetta.it\/famiglia\/wp-content\/uploads\/sites\/4\/2023\/10\/festa-della-famiglia-2023-768x1086.jpeg 768w, https:\/\/www.diocesimolfetta.it\/famiglia\/wp-content\/uploads\/sites\/4\/2023\/10\/festa-della-famiglia-2023-1086x1536.jpeg 1086w, https:\/\/www.diocesimolfetta.it\/famiglia\/wp-content\/uploads\/sites\/4\/2023\/10\/festa-della-famiglia-2023-800x1132.jpeg 800w, https:\/\/www.diocesimolfetta.it\/famiglia\/wp-content\/uploads\/sites\/4\/2023\/10\/festa-della-famiglia-2023.jpeg 1131w\" sizes=\"auto, (max-width: 724px) 100vw, 724px\" \/>Il tema scelto, &#8220;Bellezza e difficolt\u00e0 di essere genitori nell&#8217;era digitale,&#8221; \u00e8 di estrema rilevanza e influenza molto la vita familiare in modi che spesso non comprendiamo appieno.<\/p>\n<p>Dopo la relazione, ci sar\u00e0 una pausa pranzo che offrir\u00e0 un&#8217;opportunit\u00e0 per dialogare e condividere esperienze. Il pomeriggio culminer\u00e0 con la Santa Messa alle ore 16, presieduta dal Vescovo Domenico Cornacchia.<\/p>\n<p>L&#8217;invito \u00e8 rivolto a tutte le famiglie della diocesi.<\/p>\n<p style=\"text-align: right;\"><em>Redazione internet<\/em><\/p>\n","protected":false},"excerpt":{"rendered":"<p>L&#8217;Ufficio Diocesano per la Pastorale della Famiglia ha organizzato un incontro speciale rivolto alle famiglie presso la Parrocchia San Giuseppe a Molfetta, domenica 22 ottobre, per esplorare il tema &#8220;Bellezza e difficolt\u00e0 di essere genitori nell&#8217;era digitale.&#8221;<\/p>\n","protected":false},"author":3,"featured_media":712,"comment_status":"closed","ping_status":"open","sticky":false,"template":"","format":"standard","meta":{"footnotes":""},"categories":[8,2],"tags":[],"class_list":["post-711","post","type-post","status-publish","format-standard","has-post-thumbnail","hentry","category-news","category-ufficio-per-la-pastorale-della-famiglia"],"acf":[],"_links":{"self":[{"href":"https:\/\/www.diocesimolfetta.it\/famiglia\/wp-json\/wp\/v2\/posts\/711","targetHints":{"allow":["GET"]}}],"collection":[{"href":"https:\/\/www.diocesimolfetta.it\/famiglia\/wp-json\/wp\/v2\/posts"}],"about":[{"href":"https:\/\/www.diocesimolfetta.it\/famiglia\/wp-json\/wp\/v2\/types\/post"}],"author":[{"embeddable":true,"href":"https:\/\/www.diocesimolfetta.it\/famiglia\/wp-json\/wp\/v2\/users\/3"}],"replies":[{"embeddable":true,"href":"https:\/\/www.diocesimolfetta.it\/famiglia\/wp-json\/wp\/v2\/comments?post=711"}],"version-history":[{"count":3,"href":"https:\/\/www.diocesimolfetta.it\/famiglia\/wp-json\/wp\/v2\/posts\/711\/revisions"}],"predecessor-version":[{"id":715,"href":"https:\/\/www.diocesimolfetta.it\/famiglia\/wp-json\/wp\/v2\/posts\/711\/revisions\/715"}],"wp:featuredmedia":[{"embeddable":true,"href":"https:\/\/www.diocesimolfetta.it\/famiglia\/wp-json\/wp\/v2\/media\/712"}],"wp:attachment":[{"href":"https:\/\/www.diocesimolfetta.it\/famiglia\/wp-json\/wp\/v2\/media?parent=711"}],"wp:term":[{"taxonomy":"category","embeddable":true,"href":"https:\/\/www.diocesimolfetta.it\/famiglia\/wp-json\/wp\/v2\/categories?post=711"},{"taxonomy":"post_tag","embeddable":true,"href":"https:\/\/www.diocesimolfetta.it\/famiglia\/wp-json\/wp\/v2\/tags?post=711"}],"curies":[{"name":"wp","href":"https:\/\/api.w.org\/{rel}","templated":true}]}}