{"id":10083,"date":"2021-04-19T17:47:16","date_gmt":"2021-04-19T15:47:16","guid":{"rendered":"http:\/\/www.diocesimolfetta.it\/luceevita\/?p=10083"},"modified":"2021-11-29T21:57:26","modified_gmt":"2021-11-29T20:57:26","slug":"premio-letterario-don-tonino-bello-114-partecipanti-195-poesie-38-articoli-giornalistici","status":"publish","type":"post","link":"https:\/\/www.diocesimolfetta.it\/luceevita\/premio-letterario-don-tonino-bello-114-partecipanti-195-poesie-38-articoli-giornalistici\/","title":{"rendered":"Premio letterario \u201cdon Tonino Bello\u201d: 114 partecipanti, 195 poesie, 38 articoli giornalistici"},"content":{"rendered":"<p><img loading=\"lazy\" decoding=\"async\" class=\"size-medium wp-image-8705 alignright\" src=\"https:\/\/www.diocesimolfetta.it\/luceevita\/wp-content\/uploads\/sites\/2\/2020\/12\/premio-letterario-don-tonino-bello-300x221.jpg\" alt=\"premio\" width=\"300\" height=\"221\" srcset=\"https:\/\/www.diocesimolfetta.it\/luceevita\/wp-content\/uploads\/sites\/2\/2020\/12\/premio-letterario-don-tonino-bello-300x221.jpg 300w, https:\/\/www.diocesimolfetta.it\/luceevita\/wp-content\/uploads\/sites\/2\/2020\/12\/premio-letterario-don-tonino-bello-768x565.jpg 768w, https:\/\/www.diocesimolfetta.it\/luceevita\/wp-content\/uploads\/sites\/2\/2020\/12\/premio-letterario-don-tonino-bello-360x265.jpg 360w, https:\/\/www.diocesimolfetta.it\/luceevita\/wp-content\/uploads\/sites\/2\/2020\/12\/premio-letterario-don-tonino-bello-800x589.jpg 800w, https:\/\/www.diocesimolfetta.it\/luceevita\/wp-content\/uploads\/sites\/2\/2020\/12\/premio-letterario-don-tonino-bello.jpg 886w\" sizes=\"auto, (max-width: 300px) 100vw, 300px\" \/>\u00abSecondo me il poeta non \u00e8 uno che merita di essere ammirato perch\u00e9 crea. \u00c8 uno che merita di essere ringraziato perch\u00e9 libera\u00bb. Diceva cos\u00ec il Servo di Dio Antonio Bello, da tutti conosciuto come don Tonino, vescovo della diocesi di Molfetta-Ruvo-Giovinazzo-Terlizzi dal 1982 al 1993. Proprio lui, con il suo stile poetico e i suoi scritti nati da molteplici incontri, ha saputo dare uno slancio davvero liberante alla parola, soprattutto a quella in forma scritta. \u00c8 diventato cos\u00ec, in ambito poetico, modello di quella poesia che esprime la tensione dell\u2019individuo verso l\u2019Assoluto, attingendo nel suo stile alle vette del \u201csublime inferiore\u201d. In ambito giornalistico, invece, ha mostrato con i suoi articoli come poter leggere i fenomeni \u201cmettendosi in corpo l\u2019occhio del povero\u201d, consumando le suole delle scarpe, frequentando le periferie esistenziali su cui oggi richiama tanto l\u2019attenzione anche papa Francesco.<\/p>\n<p>Questa eredit\u00e0 di stili e di parole, ma soprattutto di contenuti e di visioni, lasciata dal Servo di Dio, ha portato la diocesi di Molfetta-Ruvo-Giovinazzo-Terlizzi, attraverso l\u2019impegno del settimanale diocesano <em>Luce e Vita<\/em> \u2013 che edita l\u2019opera omnia degli scritti di don Bello \u2013 e dell\u2019associazione <em>Stola e grembiule<\/em>\u00a0&#8211; istituita da circa tre anni per promuovere in diocesi le opere sociali e culturali del presule &#8211; , a indire da quest\u2019anno il premio letterario \u201cDon Tonino Bello\u201d con due sezioni distinte: la poesia metafisico-civile e il giornalismo di prossimit\u00e0.<\/p>\n<p>Il premio ha inteso incoraggiare una scrittura alta e altra, una narrazione profonda della realt\u00e0, anche in contrapposizione all\u2019uso tante volte distorto della parola che dilaga sui moderni canali di comunicazione.<\/p>\n<p>Le iscrizioni della prima edizione si sono chiuse il 31 gennaio 2021. 114 i partecipanti di cui il 51% donne e il 49% uomini, con una leggera prevalenza delle donne (55%) nella sezione giornalistica e degli uomini (51%) in quella poetica.<\/p>\n<p>76 i poeti che hanno presentato un totale di 195 componimenti (ne erano richiesti massimo tre pro capite) e 38 i giornalisti che hanno partecipato con un articolo a testa. Sono provenienti da numerose regioni italiane (Basilicata, Calabria, Emilia Romagna, Friuli Venezia Giulia, Lazio, Lombardia, Marche, Molise, Piemonte, Puglia, Sardegna, Sicilia, Toscana, Trentino Alto-Adige, Veneto). Trattandosi di una prima edizione, circa il 60% degli iscritti al premio risulta essere residente nelle sei province pugliesi, in quanto pi\u00f9 vicine alla diocesi promotrice, mentre il restante 40% risiede in altre regioni. Con il diffondersi dell\u2019iniziativa, si auspica che le provenienze geografiche possano essere sempre pi\u00f9 variegate. Il risultato \u00e8 comunque notevole, come lo \u00e8 anche la significativa rappresentanza di giovani nella variegata et\u00e0 anagrafica dei partecipanti. Infatti, se il pi\u00f9 grande dei poeti ha 87 anni e dei giornalisti 67, per entrambe le sezioni i pi\u00f9 giovani, anzi, le pi\u00f9 giovani hanno appena 20 anni. Sicuramente, un\u2019occasione di dialogo intergenerazionale. Tuttavia, la media di et\u00e0 si attesta sui 42 anni per i giornalisti partecipanti, e per i poeti sale a 51. L\u2019optimum sarebbe riuscire a coinvolgere un maggior numero di giovani, soprattutto per incoraggiarli alla scrittura e alla pubblicazione.<\/p>\n<p>Tutti gli scritti pervenuti sono stati valutati tra marzo e aprile da una giuria di esperti &#8211; giornalisti, critici letterari, italianisti e altre figure di spicco del panorama nazionale letterario, editoriale, giornalistico ed ecclesiale -. Dopo questa fase, si giunger\u00e0 alla premiazione il prossimo 14 maggio. L\u2019evento \u00e8 parte del programma del 16\u00b0 Festival della Comunicazione, dato che l\u2019organizzazione dell\u2019edizione 2021 \u00e8 proprio a cura delle diocesi di Molfetta e di Rieti.<\/p>\n<p><strong>Roberta Carlucci<br \/>\n<\/strong><\/p>\n","protected":false},"excerpt":{"rendered":"<p>Dopo questa fase, si giunger\u00e0 alla premiazione il prossimo 14 maggio. L\u2019evento \u00e8 parte del programma del 16\u00b0 Festival della Comunicazione, dato che l\u2019organizzazione dell\u2019edizione 2021 \u00e8 proprio a cura delle diocesi di Molfetta e di Rieti.<\/p>\n","protected":false},"author":3,"featured_media":8705,"comment_status":"closed","ping_status":"closed","sticky":false,"template":"","format":"standard","meta":{"footnotes":""},"categories":[459,101,4,1340,1106],"tags":[1591],"class_list":["post-10083","post","type-post","status-publish","format-standard","has-post-thumbnail","hentry","category-attualita","category-don-tonino-bello","category-news","category-premio-letterario-don-tonino-bello","category-stola-e-grembiule","tag-premio-letterario-don-tonino"],"acf":[],"_links":{"self":[{"href":"https:\/\/www.diocesimolfetta.it\/luceevita\/wp-json\/wp\/v2\/posts\/10083","targetHints":{"allow":["GET"]}}],"collection":[{"href":"https:\/\/www.diocesimolfetta.it\/luceevita\/wp-json\/wp\/v2\/posts"}],"about":[{"href":"https:\/\/www.diocesimolfetta.it\/luceevita\/wp-json\/wp\/v2\/types\/post"}],"author":[{"embeddable":true,"href":"https:\/\/www.diocesimolfetta.it\/luceevita\/wp-json\/wp\/v2\/users\/3"}],"replies":[{"embeddable":true,"href":"https:\/\/www.diocesimolfetta.it\/luceevita\/wp-json\/wp\/v2\/comments?post=10083"}],"version-history":[{"count":1,"href":"https:\/\/www.diocesimolfetta.it\/luceevita\/wp-json\/wp\/v2\/posts\/10083\/revisions"}],"predecessor-version":[{"id":10084,"href":"https:\/\/www.diocesimolfetta.it\/luceevita\/wp-json\/wp\/v2\/posts\/10083\/revisions\/10084"}],"wp:featuredmedia":[{"embeddable":true,"href":"https:\/\/www.diocesimolfetta.it\/luceevita\/wp-json\/wp\/v2\/media\/8705"}],"wp:attachment":[{"href":"https:\/\/www.diocesimolfetta.it\/luceevita\/wp-json\/wp\/v2\/media?parent=10083"}],"wp:term":[{"taxonomy":"category","embeddable":true,"href":"https:\/\/www.diocesimolfetta.it\/luceevita\/wp-json\/wp\/v2\/categories?post=10083"},{"taxonomy":"post_tag","embeddable":true,"href":"https:\/\/www.diocesimolfetta.it\/luceevita\/wp-json\/wp\/v2\/tags?post=10083"}],"curies":[{"name":"wp","href":"https:\/\/api.w.org\/{rel}","templated":true}]}}