{"id":10528,"date":"2021-06-04T18:12:35","date_gmt":"2021-06-04T16:12:35","guid":{"rendered":"http:\/\/www.diocesimolfetta.it\/luceevita\/?p=10528"},"modified":"2021-06-04T18:51:33","modified_gmt":"2021-06-04T16:51:33","slug":"rischio-calcolato","status":"publish","type":"post","link":"https:\/\/www.diocesimolfetta.it\/luceevita\/rischio-calcolato\/","title":{"rendered":"Rischio calcolato"},"content":{"rendered":"<p><a href=\"https:\/\/www.diocesimolfetta.it\/luceevita\/wp-content\/uploads\/sites\/2\/2021\/06\/lev-23_2021-scaled.jpg\"><img loading=\"lazy\" decoding=\"async\" class=\"alignright wp-image-10530\" src=\"https:\/\/www.diocesimolfetta.it\/luceevita\/wp-content\/uploads\/sites\/2\/2021\/06\/lev-23_2021-702x1024.jpg\" alt=\"lev 23_2021\" width=\"491\" height=\"716\" srcset=\"https:\/\/www.diocesimolfetta.it\/luceevita\/wp-content\/uploads\/sites\/2\/2021\/06\/lev-23_2021-702x1024.jpg 702w, https:\/\/www.diocesimolfetta.it\/luceevita\/wp-content\/uploads\/sites\/2\/2021\/06\/lev-23_2021-206x300.jpg 206w, https:\/\/www.diocesimolfetta.it\/luceevita\/wp-content\/uploads\/sites\/2\/2021\/06\/lev-23_2021-768x1121.jpg 768w, https:\/\/www.diocesimolfetta.it\/luceevita\/wp-content\/uploads\/sites\/2\/2021\/06\/lev-23_2021-192x280.jpg 192w, https:\/\/www.diocesimolfetta.it\/luceevita\/wp-content\/uploads\/sites\/2\/2021\/06\/lev-23_2021-526x768.jpg 526w, https:\/\/www.diocesimolfetta.it\/luceevita\/wp-content\/uploads\/sites\/2\/2021\/06\/lev-23_2021-1053x1536.jpg 1053w, https:\/\/www.diocesimolfetta.it\/luceevita\/wp-content\/uploads\/sites\/2\/2021\/06\/lev-23_2021-1404x2048.jpg 1404w, https:\/\/www.diocesimolfetta.it\/luceevita\/wp-content\/uploads\/sites\/2\/2021\/06\/lev-23_2021-800x1167.jpg 800w, https:\/\/www.diocesimolfetta.it\/luceevita\/wp-content\/uploads\/sites\/2\/2021\/06\/lev-23_2021-1200x1751.jpg 1200w, https:\/\/www.diocesimolfetta.it\/luceevita\/wp-content\/uploads\/sites\/2\/2021\/06\/lev-23_2021-1320x1926.jpg 1320w, https:\/\/www.diocesimolfetta.it\/luceevita\/wp-content\/uploads\/sites\/2\/2021\/06\/lev-23_2021-scaled.jpg 1755w\" sizes=\"auto, (max-width: 491px) 100vw, 491px\" \/><\/a>Con l\u2019onere del rischio di una recrudescenza del contagio, il Presidente del Consiglio Draghi si \u00e8 assunto anche un \u201crischio calcolato\u201d dando cos\u00ec avvio ad un progressivo allentamento delle restrizioni pandemiche per favorire una ripresa economica dei tanti operatori che rischiavano di chiudere definitivamente le proprie attivit\u00e0. Una responsabilit\u00e0 certamente non semplice, ma che, come spesso accade, si pone a cavallo fra la tutela della salute e l\u2019esigenza del lavoro. Una situazione borderline in cui vengono a trovarsi tanti lavoratori i quali devono decidere cosa fare in un tempo ragionevolmente breve, a volte anche attimi. E quel \u201crischio calcolato\u201d che a volte con tanta leggerezza viene adottato, in alcuni casi si trasforma in dramma perch\u00e9 l\u2019imprevisto straccia ogni calcolo ed il rischio si trasforma in dramma.<\/p>\n<p>\u00c8 quanto accaduto nell\u2019incidente alla funivia di Stresa-Mottarone dove il capo servizio della funivia ha ammesso di avere deliberatamente e ripetutamente inserito i dispositivi blocca freni (forchettoni), disattivando il sistema frenante di emergenza, mentre il direttore di esercizio e l\u2019amministratore locale non hanno agito per consentire i necessari interventi di manutenzione. Per loro si trattava di un \u201crischio calcolato\u201d che la rottura imprevista della fune traente, fune portante, ha trasformato in dramma provocando la caduta della cabina con la conseguente morte di 14 persone.<\/p>\n<p>Sono state violate delle disposizioni di legge in materia di sicurezza e per questo si assumeranno ogni responsabilit\u00e0 dinanzi alla giustizia. Ma apostrofare come assassini i responsabili di questa tragedia non deve bastare a tacitare la nostra coscienza. Il dramma \u00e8 ben pi\u00f9 grande perch\u00e9 coinvolge i tanti, troppi lavoratori che sono spesso costretti a venire a patti con la propria coscienza, omettendo, modificando, edulcorando report, relazioni, certificati per \u201cfar scorrere\u201d il lavoro per \u201cfar girare l\u2019economia\u201d. Certo sono altrettanto numerosi coloro che operano nel rispetto delle leggi, ma inutile nascondersi dietro un dito: il compromesso \u00e8 sempre dietro l\u2019angolo e di quella logica del \u201crischio calcolato\u201d \u00e8 spesso intrisa la nostra coscienza dalle azioni pi\u00f9 banali sino alle pi\u00f9 grandi. Spesso si tratta di scelte obbligate perch\u00e9 in ballo c\u2019\u00e8 il proprio posto di lavoro o l\u2019intera commessa di lavoro e per tale ragione la scelta \u00e8 quasi \u201cobbligata\u201d.<br \/>\nEppure coniugare lavoro e rispetto delle regole non deve essere una scelta, deve essere una naturale condizione lavorativa. Sappiamo bene che questo stile ha un costo, ma ha un prezzo il rispetto della dignit\u00e0 di ogni persona? Pu\u00f2 essere calpestato da accordi al ribasso? Quando potr\u00e0 innescarsi quel cambiamento di stile di vita dettato da una rinnovata presa di coscienza della legalit\u00e0, della giustizia, della sussidiariet\u00e0 che possono realmente spingere al cambiamento radicale di un\u2019economia di mercato per decenni orientata solo al profitto?<br \/>\nSegnali positivi generati proprio dal perdurare di questa pandemia nel mondo del lavoro si intravedono. L\u2019innovazione tecnologica sta riscrivendo le regole aziendali dando il via ad una umanizzazione dei processi aziendali in cui l\u2019uomo, con i suoi bisogni, sta ritornando ad essere centrale. Il bene comune non dovrebbe essere considerato solo come un obiettivo da appendere al muro, va attuato con azioni concrete!<\/p>\n<p>Non lasciamo che questo passaggio epocale, che vedr\u00e0 nei prossimi anni anche una grande opportunit\u00e0 di cambiamento nel Piano Nazionale di Ripresa e Resilienza (PNRR), possa rivelarsi un\u2019altra occasione perduta. Lasciamo che quel \u201crischio calcolato\u201d possa trasformarsi in un \u201crischio annullato\u201d lasciando spazio solo all\u2019imponderabile o all\u2019imprevisto.<br \/>\nDipende solo da noi, da tutti noi!<\/p>\n","protected":false},"excerpt":{"rendered":"<p>Con l\u2019onere del rischio di una recrudescenza del contagio, il Presidente del Consiglio Draghi si \u00e8 assunto anche un \u201crischio &hellip; <a href=\"https:\/\/www.diocesimolfetta.it\/luceevita\/rischio-calcolato\/\" class=\"more-link\">+LEGGI TUTTO<span class=\"screen-reader-text\">Rischio calcolato<\/span> <span class=\"meta-nav\">&raquo;<\/span><\/a><\/p>\n","protected":false},"author":3,"featured_media":10530,"comment_status":"closed","ping_status":"closed","sticky":false,"template":"","format":"standard","meta":{"footnotes":""},"categories":[459,13,4,36],"tags":[1165,1616],"class_list":["post-10528","post","type-post","status-publish","format-standard","has-post-thumbnail","hentry","category-attualita","category-editoriali","category-news","category-news-luce-e-vita","tag-attualita","tag-funivia-mottarone"],"acf":[],"_links":{"self":[{"href":"https:\/\/www.diocesimolfetta.it\/luceevita\/wp-json\/wp\/v2\/posts\/10528","targetHints":{"allow":["GET"]}}],"collection":[{"href":"https:\/\/www.diocesimolfetta.it\/luceevita\/wp-json\/wp\/v2\/posts"}],"about":[{"href":"https:\/\/www.diocesimolfetta.it\/luceevita\/wp-json\/wp\/v2\/types\/post"}],"author":[{"embeddable":true,"href":"https:\/\/www.diocesimolfetta.it\/luceevita\/wp-json\/wp\/v2\/users\/3"}],"replies":[{"embeddable":true,"href":"https:\/\/www.diocesimolfetta.it\/luceevita\/wp-json\/wp\/v2\/comments?post=10528"}],"version-history":[{"count":1,"href":"https:\/\/www.diocesimolfetta.it\/luceevita\/wp-json\/wp\/v2\/posts\/10528\/revisions"}],"predecessor-version":[{"id":10531,"href":"https:\/\/www.diocesimolfetta.it\/luceevita\/wp-json\/wp\/v2\/posts\/10528\/revisions\/10531"}],"wp:featuredmedia":[{"embeddable":true,"href":"https:\/\/www.diocesimolfetta.it\/luceevita\/wp-json\/wp\/v2\/media\/10530"}],"wp:attachment":[{"href":"https:\/\/www.diocesimolfetta.it\/luceevita\/wp-json\/wp\/v2\/media?parent=10528"}],"wp:term":[{"taxonomy":"category","embeddable":true,"href":"https:\/\/www.diocesimolfetta.it\/luceevita\/wp-json\/wp\/v2\/categories?post=10528"},{"taxonomy":"post_tag","embeddable":true,"href":"https:\/\/www.diocesimolfetta.it\/luceevita\/wp-json\/wp\/v2\/tags?post=10528"}],"curies":[{"name":"wp","href":"https:\/\/api.w.org\/{rel}","templated":true}]}}