{"id":10798,"date":"2021-07-01T11:21:22","date_gmt":"2021-07-01T09:21:22","guid":{"rendered":"http:\/\/www.diocesimolfetta.it\/luceevita\/?p=10798"},"modified":"2021-07-01T11:21:22","modified_gmt":"2021-07-01T09:21:22","slug":"giovinazzo-in-festa-con-san-tommaso-patrono","status":"publish","type":"post","link":"https:\/\/www.diocesimolfetta.it\/luceevita\/giovinazzo-in-festa-con-san-tommaso-patrono\/","title":{"rendered":"Giovinazzo in festa con San Tommaso, patrono"},"content":{"rendered":"<p><a href=\"https:\/\/www.diocesimolfetta.it\/luceevita\/wp-content\/uploads\/sites\/2\/2021\/07\/giovinazzo.jpg\"><img loading=\"lazy\" decoding=\"async\" class=\"alignright size-full wp-image-10799\" src=\"https:\/\/www.diocesimolfetta.it\/luceevita\/wp-content\/uploads\/sites\/2\/2021\/07\/giovinazzo.jpg\" alt=\"stemma giovinazzo\" width=\"225\" height=\"225\" srcset=\"https:\/\/www.diocesimolfetta.it\/luceevita\/wp-content\/uploads\/sites\/2\/2021\/07\/giovinazzo.jpg 225w, https:\/\/www.diocesimolfetta.it\/luceevita\/wp-content\/uploads\/sites\/2\/2021\/07\/giovinazzo-150x150.jpg 150w, https:\/\/www.diocesimolfetta.it\/luceevita\/wp-content\/uploads\/sites\/2\/2021\/07\/giovinazzo-200x200.jpg 200w\" sizes=\"auto, (max-width: 225px) 100vw, 225px\" \/><\/a>La citt\u00e0 di Giovinazzo vive la preparazione alla festa del co-patrono San Tommaso con il triduo iniziato il 30 giugno nella Concattedrale fino a venerd\u00ec 2 luglio. Le serate liturgiche prevendo alle 19,30 il Santo Rosario e alle 19,00 la S.Messa. Sabato 3 luglio, solennit\u00e0 di San Tommaso, il Vescovo<strong> S.E. Mons. Domenico Cornacchia<\/strong> presieder\u00e0, alle ore 20,00, il Pontificale in onore del Santo patrono, con la presenza delle autorit\u00e0 e del Comitato feste Patronali presieduto da Gaetano Dagostino. I posti in Concattedrale sono quelli previste dalle norme, cio\u00e8 120.<\/p>\n<p>Cenni storici del patronato di San Tommaso a Giovinazzo, la cui effige \u00e8 riportata nello stemma del Comune, sono documentati nel quaderno di Francesco Andriano, <em>Sotto l&#8217;ala di San Tommaso Apostolo<\/em>, Collana Studi Demologici giovinazzesi, 2018.<\/p>\n","protected":false},"excerpt":{"rendered":"<p>Sabato 3 luglio, solennit\u00e0 di San Tommaso, il Vescovo S.E. Mons. Domenico Cornacchia presieder\u00e0, alle ore 20,00, il Pontificale in onore del Santo patrono, con la presenza delle autorit\u00e0 e del Comitato feste Patronali presieduto da Gaetano Dagostino. I posti in Concattedrale sono quelli previste dalle norme, cio\u00e8 120.<\/p>\n","protected":false},"author":3,"featured_media":10799,"comment_status":"closed","ping_status":"closed","sticky":false,"template":"","format":"standard","meta":{"footnotes":""},"categories":[1248,34,380,99,4],"tags":[],"class_list":["post-10798","post","type-post","status-publish","format-standard","has-post-thumbnail","hentry","category-beni-culturali-e-arte-sacra","category-citta","category-esperienze-pastorali","category-giovinazzo","category-news"],"acf":[],"_links":{"self":[{"href":"https:\/\/www.diocesimolfetta.it\/luceevita\/wp-json\/wp\/v2\/posts\/10798","targetHints":{"allow":["GET"]}}],"collection":[{"href":"https:\/\/www.diocesimolfetta.it\/luceevita\/wp-json\/wp\/v2\/posts"}],"about":[{"href":"https:\/\/www.diocesimolfetta.it\/luceevita\/wp-json\/wp\/v2\/types\/post"}],"author":[{"embeddable":true,"href":"https:\/\/www.diocesimolfetta.it\/luceevita\/wp-json\/wp\/v2\/users\/3"}],"replies":[{"embeddable":true,"href":"https:\/\/www.diocesimolfetta.it\/luceevita\/wp-json\/wp\/v2\/comments?post=10798"}],"version-history":[{"count":1,"href":"https:\/\/www.diocesimolfetta.it\/luceevita\/wp-json\/wp\/v2\/posts\/10798\/revisions"}],"predecessor-version":[{"id":10800,"href":"https:\/\/www.diocesimolfetta.it\/luceevita\/wp-json\/wp\/v2\/posts\/10798\/revisions\/10800"}],"wp:featuredmedia":[{"embeddable":true,"href":"https:\/\/www.diocesimolfetta.it\/luceevita\/wp-json\/wp\/v2\/media\/10799"}],"wp:attachment":[{"href":"https:\/\/www.diocesimolfetta.it\/luceevita\/wp-json\/wp\/v2\/media?parent=10798"}],"wp:term":[{"taxonomy":"category","embeddable":true,"href":"https:\/\/www.diocesimolfetta.it\/luceevita\/wp-json\/wp\/v2\/categories?post=10798"},{"taxonomy":"post_tag","embeddable":true,"href":"https:\/\/www.diocesimolfetta.it\/luceevita\/wp-json\/wp\/v2\/tags?post=10798"}],"curies":[{"name":"wp","href":"https:\/\/api.w.org\/{rel}","templated":true}]}}