{"id":10802,"date":"2021-07-01T11:27:10","date_gmt":"2021-07-01T09:27:10","guid":{"rendered":"http:\/\/www.diocesimolfetta.it\/luceevita\/?p=10802"},"modified":"2021-07-02T18:52:30","modified_gmt":"2021-07-02T16:52:30","slug":"riconoscersi-fratelli-adulti-di-ac-in-festa","status":"publish","type":"post","link":"https:\/\/www.diocesimolfetta.it\/luceevita\/riconoscersi-fratelli-adulti-di-ac-in-festa\/","title":{"rendered":"Riconoscersi fratelli. Adulti di AC in festa"},"content":{"rendered":"<p><a href=\"https:\/\/www.diocesimolfetta.it\/luceevita\/wp-content\/uploads\/sites\/2\/2021\/07\/zoom_0.mp4.00_45_21_15.Immagine004-400x255-1.jpg\"><img loading=\"lazy\" decoding=\"async\" class=\"alignright size-full wp-image-10803\" src=\"https:\/\/www.diocesimolfetta.it\/luceevita\/wp-content\/uploads\/sites\/2\/2021\/07\/zoom_0.mp4.00_45_21_15.Immagine004-400x255-1.jpg\" alt=\"adulti ac\" width=\"400\" height=\"255\" srcset=\"https:\/\/www.diocesimolfetta.it\/luceevita\/wp-content\/uploads\/sites\/2\/2021\/07\/zoom_0.mp4.00_45_21_15.Immagine004-400x255-1.jpg 400w, https:\/\/www.diocesimolfetta.it\/luceevita\/wp-content\/uploads\/sites\/2\/2021\/07\/zoom_0.mp4.00_45_21_15.Immagine004-400x255-1-300x191.jpg 300w, https:\/\/www.diocesimolfetta.it\/luceevita\/wp-content\/uploads\/sites\/2\/2021\/07\/zoom_0.mp4.00_45_21_15.Immagine004-400x255-1-360x230.jpg 360w\" sizes=\"auto, (max-width: 400px) 100vw, 400px\" \/><\/a><\/p>\n<p><strong>FESTA, FRATERNITA\u2019 E AMICIZIA SOCIALE \u2013\u00a0<\/strong>Amici e gruppi ritrovati, tanta voglia di riprendere quelle relazioni vietate nel lockdown. Tanti gli elementi di convergenza tra le locations associative delle quattro citt\u00e0 interconnesse in videoconferenza: atmosfera effervescente, ambienti accoglienti, coinvolgimento motivato, curiosit\u00e0, voglia di incontrarsi, allegria ritrovata.<\/p>\n<p>L\u2019appuntamento che abbiamo desiderato e atteso sabato 19 giugno l\u2019abbiamo vissuto e gustato.<\/p>\n<p><strong>RICONOSCERSI FRATELLI \u2013 Promuovere la cultura dell\u2019incontro<\/strong>\u00a0\u2013 Con questo provocatorio tema sulla fraternit\u00e0 \u201cuniversale\u201d ci siamo aperti a una festa dalla formula inedita, essenziale e ben riuscita. Ci siamo lasciati prendere per mano dalla preghiera\/riflessione, spazio di dolcezza spirituale accompagnata dalla musica e dai canti la cui esecuzione ha avuto un impatto immediato di emozioni sui partecipanti.<\/p>\n<p>Ci siamo stupiti? S\u00ec.<\/p>\n<p>Tanta bellezza nelle parole di riflessione, tanta energia e vitalit\u00e0 nelle performances dei giovani artisti: cantante, musicisti di sassofono, chitarra, batteria che hanno valorizzato tutto col proprio talento di artisti portando dentro la musica una idea innovativa. Le emozioni in grado di elevarci nello spirito hanno soddisfatto quel bisogno di arte e di bellezza ricercato da ognuno nel proprio profondo.<\/p>\n<p>Con questa festa abbiamo provato a riagganciare la fiducia che non si arrende a costruire legami avendo a cuore il sogno di un futuro pi\u00f9 bello e pi\u00f9 giusto per l\u2019umanit\u00e0, a riaccendere motivazione a misura del compito a cui siamo chiamati senza smarrire la rotta. Una scelta precisa quella adottata dai Responsabili del Settore Adulti e dall\u2019Equipe diocesana di approfondire lo studio della lettera Enciclica\u00a0<strong>\u201cFratelli Tutti\u201d<\/strong>\u00a0circoscrivendo l\u2019attenzione al cap. VI\u00a0<strong>\u201cDialogo e amicizia sociale\u201d<\/strong>\u00a0in tre passaggi. Primo passaggio sull\u2019aspetto del dialogo sociale, il secondo sull\u2019incontro fatto cultura e il terzo sull\u2019atto di riconoscere l\u2019altro. L\u2019enciclica \u00e8 una polifonia ci ha detto la professoressa biblista e docente di esegesi\u00a0<strong>Rosanna Virgili.\u00a0<\/strong>\u00a0L\u2019intera Enciclica \u00e8 una sollecitazione del Papa rivolta a tutti a concretizzare l\u2019orizzonte della fratellanza e dell\u2019amicizia sociale. La prof.ssa ha ricordato e collegato tra loro le ingiustizie e le sopraffazioni che provocano crisi e male sociale da combattere, sottolineandone le chiusure nell\u2019egoismo personale, nell\u2019egoismo ecclesiale, nazionale e di classe. Il percorso \u00e8 dunque la conversione del cuore per mettere al centro la fraternit\u00e0 universale, la solidariet\u00e0 e il dialogo. Ha concluso indicando la\u00a0<strong>Gentilezza<\/strong>\u00a0come lo stile che rinnova e trasforma le relazioni.<\/p>\n<p>Una fonte di ricco richiamo, una base a procedere insieme in una direzione condivisa per rendere sempre pi\u00f9 concreta nelle cose e nelle azioni, nelle fatiche di tutti i giorni, un\u2019ottica diversa, un tono spirituale e fraterno, ricco di gratitudine e fermezza. Un punto di svolta sentendosi pienamente coinvolti per dare voce al cambiamento personale, alla corresponsabilit\u00e0 a perseguire un \u201cprogetto di fratellanza\u201d superando disinteresse, trascuratezza.<\/p>\n<p>Un gioco bizzarro ha allentato la seria attenzione dei nostri adulti mettendo in subbuglio le quattro location che si sono colorate di detti, poesie, mimiche dando vita a una ricerca tra le parole incontrate nelle tappe del percorso formativo: ABBASSARSI, SFIORARE, ABBRACCIARE, SOLLEVARE, MANGIARE.<\/p>\n<p>Si \u00e8 conclusa la festa con un gioioso e frizzante concerto e non \u00e8 mancato il momento della condivisione del gustoso gelato.<\/p>\n<p>Anna Vacca, Membro d\u2019equipe diocesana adulti<\/p>\n","protected":false},"excerpt":{"rendered":"<p>Amici e gruppi ritrovati, tanta voglia di riprendere quelle relazioni vietate nel lockdown. Tanti gli elementi di convergenza tra le locations associative delle quattro citt\u00e0 interconnesse in videoconferenza: atmosfera effervescente, ambienti accoglienti, coinvolgimento motivato, curiosit\u00e0, voglia di incontrarsi, allegria ritrovata.<\/p>\n","protected":false},"author":3,"featured_media":10803,"comment_status":"closed","ping_status":"closed","sticky":false,"template":"","format":"standard","meta":{"footnotes":""},"categories":[117,1663,4],"tags":[118,1658,1657,1448],"class_list":["post-10802","post","type-post","status-publish","format-standard","has-post-thumbnail","hentry","category-azione-cattolica-diocesana","category-batti-5w-estate-2021","category-news","tag-azione-cattolica","tag-batti-5w","tag-estate-2021","tag-settore-adulti"],"acf":[],"_links":{"self":[{"href":"https:\/\/www.diocesimolfetta.it\/luceevita\/wp-json\/wp\/v2\/posts\/10802","targetHints":{"allow":["GET"]}}],"collection":[{"href":"https:\/\/www.diocesimolfetta.it\/luceevita\/wp-json\/wp\/v2\/posts"}],"about":[{"href":"https:\/\/www.diocesimolfetta.it\/luceevita\/wp-json\/wp\/v2\/types\/post"}],"author":[{"embeddable":true,"href":"https:\/\/www.diocesimolfetta.it\/luceevita\/wp-json\/wp\/v2\/users\/3"}],"replies":[{"embeddable":true,"href":"https:\/\/www.diocesimolfetta.it\/luceevita\/wp-json\/wp\/v2\/comments?post=10802"}],"version-history":[{"count":1,"href":"https:\/\/www.diocesimolfetta.it\/luceevita\/wp-json\/wp\/v2\/posts\/10802\/revisions"}],"predecessor-version":[{"id":10804,"href":"https:\/\/www.diocesimolfetta.it\/luceevita\/wp-json\/wp\/v2\/posts\/10802\/revisions\/10804"}],"wp:featuredmedia":[{"embeddable":true,"href":"https:\/\/www.diocesimolfetta.it\/luceevita\/wp-json\/wp\/v2\/media\/10803"}],"wp:attachment":[{"href":"https:\/\/www.diocesimolfetta.it\/luceevita\/wp-json\/wp\/v2\/media?parent=10802"}],"wp:term":[{"taxonomy":"category","embeddable":true,"href":"https:\/\/www.diocesimolfetta.it\/luceevita\/wp-json\/wp\/v2\/categories?post=10802"},{"taxonomy":"post_tag","embeddable":true,"href":"https:\/\/www.diocesimolfetta.it\/luceevita\/wp-json\/wp\/v2\/tags?post=10802"}],"curies":[{"name":"wp","href":"https:\/\/api.w.org\/{rel}","templated":true}]}}