{"id":10882,"date":"2021-07-06T14:46:31","date_gmt":"2021-07-06T12:46:31","guid":{"rendered":"http:\/\/www.diocesimolfetta.it\/luceevita\/?p=10882"},"modified":"2021-07-06T17:16:48","modified_gmt":"2021-07-06T15:16:48","slug":"francesco-nella-debolezza-influencer-dello-spirito-santo","status":"publish","type":"post","link":"https:\/\/www.diocesimolfetta.it\/luceevita\/francesco-nella-debolezza-influencer-dello-spirito-santo\/","title":{"rendered":"Francesco, nella debolezza, influencer dello Spirito Santo"},"content":{"rendered":"<div class=\"column medium-12\">\n<div class=\"post-content\">\n<div id=\"attachment_10883\" style=\"width: 765px\" class=\"wp-caption aligncenter\"><a href=\"https:\/\/www.diocesimolfetta.it\/luceevita\/wp-content\/uploads\/sites\/2\/2021\/07\/PapaUdienzaPiazzaSanPietro_04122019_0057-755x491-1.jpg\"><img loading=\"lazy\" decoding=\"async\" aria-describedby=\"caption-attachment-10883\" class=\"wp-image-10883 size-full\" src=\"https:\/\/www.diocesimolfetta.it\/luceevita\/wp-content\/uploads\/sites\/2\/2021\/07\/PapaUdienzaPiazzaSanPietro_04122019_0057-755x491-1.jpg\" alt=\"Papa Francesco\" width=\"755\" height=\"491\" srcset=\"https:\/\/www.diocesimolfetta.it\/luceevita\/wp-content\/uploads\/sites\/2\/2021\/07\/PapaUdienzaPiazzaSanPietro_04122019_0057-755x491-1.jpg 755w, https:\/\/www.diocesimolfetta.it\/luceevita\/wp-content\/uploads\/sites\/2\/2021\/07\/PapaUdienzaPiazzaSanPietro_04122019_0057-755x491-1-300x195.jpg 300w, https:\/\/www.diocesimolfetta.it\/luceevita\/wp-content\/uploads\/sites\/2\/2021\/07\/PapaUdienzaPiazzaSanPietro_04122019_0057-755x491-1-360x234.jpg 360w\" sizes=\"auto, (max-width: 755px) 100vw, 755px\" \/><\/a><p id=\"caption-attachment-10883\" class=\"wp-caption-text\">Foto: M. Calvarese, Sir<\/p><\/div>\n<p>Non \u00e8 questione di rango o di preminenza sociale o pseudo sociale che dir si voglia, \u2026 pi\u00f9 stai in alto pi\u00f9 vali oppure pi\u00f9 \u2026influenzi\u2026 pi\u00f9\u00a0influencer\u00a0sei\u2026<\/p>\n<p>Il nostro rapporto con il Vescovo di Roma \u00e8 altro e ben pi\u00f9 qualificato ed inoltre gratuito. Cosa non di poco valore in una societ\u00e0 come la nostra che controlla diagrammi e schemi di entrate ed uscite e tutto si basa sul flusso del denaro. Dobbiamo ricordarne la definizione? Sterco del diavolo. Quindi tutto puzzerebbe.<\/p>\n<p>Per noi Francesco \u00e8 prima di tutto una persona sofferente che ha bisogno del nostro sostegno in un momento difficile della sua esistenza.<\/p>\n<p>Come tutte le persone oggi ammalate o sofferenti, indubbiamente mi verr\u00e0 obiettato. Certamente ma proprio qui si colloca il perno: il cristiano, se tale vuole essere nei fatti pi\u00f9 che proclamarsi con vane ciance, non \u00e8 l\u2019influencer\u00a0che attira e produce e produce denaro, se non proprio a fiumi magari a rivoli.<\/p>\n<p>Chi crede si riconosce viandante, pellegrino nella sua esistenza, pellegrino fra pellegrini, solidale.<br \/>\nNel momento in cui si richiudesse nel suo guscio e attirasse verso di s\u00e9 quanto ritiene un bene, in questo specifico caso, la preghiera, semplicemente perirebbe.<\/p>\n<p>Preghiera significa aprire il proprio cuore \u2013 non il sentimentalismo romantico ma la profondit\u00e0 della propria personalit\u00e0, intelligenza inclusa \u2013 al dono della vita che riceviamo da Colui che per noi \u00e8 Padre, il nostro Creatore.<\/p>\n<p>Egli conosce la nostra necessit\u00e0, ci accompagna nel cammino che percorriamo per incontrarLo e per costruire un mondo in cui ogni persona possa vivere dignitosamente e con gioia.<br \/>\nPreghiera per\u00f2 che non si pu\u00f2 catturare, perch\u00e9 chiede di essere lasciata libera: sfiora, invade, cura, si dilata e, simultaneamente, raggiunge tutti e chiunque.<\/p>\n<p>Supera latitudini e longitudini, \u00e8 una realt\u00e0 impalpabile e perci\u00f2 ubiqua.<\/p>\n<p>Perch\u00e9 concentrarsi su di una persona o su di un evento? Perch\u00e9 tutti uniti non rafforziamo il dono che scende alla bont\u00e0 dell\u2019Altissimo, ma perch\u00e9 modifica e plasma il nostro animo, ci rende solidali, pi\u00f9 attenti alle necessit\u00e0 altrui, meno concentrati solo sulla nostra necessit\u00e0, presunta e reale che sia.<\/p>\n<p>Diventiamo un nucleo incandescente che purifica dalle scorie, rende trasparente e raggiunge semplicemente tutto e tutti.<\/p>\n<p>Mettere al centro delle nostre preghiere Francesco ammalato infirma quanto detto?<\/p>\n<p>Certamente se, il detto Francesco volesse accaparrare, farsi il conto per un presunto bancomat pi\u00f9 o meno celestiale\u2026<br \/>\nMa Francesco per noi \u00e8 Padre, di tutti i cristiani indubbiamente, non solo ma come pi\u00f9 volte ha ribadito, Padre di tutti indistintamente.<\/p>\n<p>Ora, riversare su di lui il nostro ricordo orante ed intercedente significa sostenerlo nel suo dono di spogliamento, di povert\u00e0, di necessit\u00e0, per renderlo incandescente nel suo donarsi. Non \u00e8 un gioco di effetti cromatici, di filtri speciali. \u00c8 la realt\u00e0 di tutti i cuori che vengono radunati in uno: poich\u00e9 Francesco riceve, Francesco dona a piene mani e tutti insieme veniamo coinvolti nel turbinio che percorre tutti.<br \/>\nIn quel vento che \u00e8 lo Spirito e lambisce tutti e a tutti dona luce per comprendere il progetto di salvezza del Padre.<\/p>\n<p>La ricaduta \u00e8 sicura: noi, oranti e intercedenti, anonimi ma tutti presenti a Lui perch\u00e9 figli dello stesso Padre, ne traiamo beneficio.<\/p>\n<p>A tutti si augura di uscire dalla malattia, a tutti per\u00f2 si augura anche di fare del proprio letto un altare su di cui risplenda l\u2019Altissimo e la nostra risposta di dono.<\/p>\n<p>Non \u00e8 cos\u00ec Francesco, nella debolezza,\u00a0influencer\u00a0dello Spirito?<\/p>\n<p style=\"text-align: right;\"><em>Sr. Cristiana Dobner, Sir<\/em><\/p>\n<\/div>\n<\/div>\n","protected":false},"excerpt":{"rendered":"<p>Non \u00e8 questione di rango o di preminenza sociale o pseudo sociale che dir si voglia, \u2026 pi\u00f9 stai in &hellip; <a href=\"https:\/\/www.diocesimolfetta.it\/luceevita\/francesco-nella-debolezza-influencer-dello-spirito-santo\/\" class=\"more-link\">+LEGGI TUTTO<span class=\"screen-reader-text\">Francesco, nella debolezza, influencer dello Spirito Santo<\/span> <span class=\"meta-nav\">&raquo;<\/span><\/a><\/p>\n","protected":false},"author":3,"featured_media":10883,"comment_status":"closed","ping_status":"closed","sticky":false,"template":"","format":"standard","meta":{"footnotes":""},"categories":[459,4,271],"tags":[1671,1672,217],"class_list":["post-10882","post","type-post","status-publish","format-standard","has-post-thumbnail","hentry","category-attualita","category-news","category-santo-padre","tag-intervento-chirurgico","tag-malattia","tag-papa-francesco"],"acf":[],"_links":{"self":[{"href":"https:\/\/www.diocesimolfetta.it\/luceevita\/wp-json\/wp\/v2\/posts\/10882","targetHints":{"allow":["GET"]}}],"collection":[{"href":"https:\/\/www.diocesimolfetta.it\/luceevita\/wp-json\/wp\/v2\/posts"}],"about":[{"href":"https:\/\/www.diocesimolfetta.it\/luceevita\/wp-json\/wp\/v2\/types\/post"}],"author":[{"embeddable":true,"href":"https:\/\/www.diocesimolfetta.it\/luceevita\/wp-json\/wp\/v2\/users\/3"}],"replies":[{"embeddable":true,"href":"https:\/\/www.diocesimolfetta.it\/luceevita\/wp-json\/wp\/v2\/comments?post=10882"}],"version-history":[{"count":3,"href":"https:\/\/www.diocesimolfetta.it\/luceevita\/wp-json\/wp\/v2\/posts\/10882\/revisions"}],"predecessor-version":[{"id":10888,"href":"https:\/\/www.diocesimolfetta.it\/luceevita\/wp-json\/wp\/v2\/posts\/10882\/revisions\/10888"}],"wp:featuredmedia":[{"embeddable":true,"href":"https:\/\/www.diocesimolfetta.it\/luceevita\/wp-json\/wp\/v2\/media\/10883"}],"wp:attachment":[{"href":"https:\/\/www.diocesimolfetta.it\/luceevita\/wp-json\/wp\/v2\/media?parent=10882"}],"wp:term":[{"taxonomy":"category","embeddable":true,"href":"https:\/\/www.diocesimolfetta.it\/luceevita\/wp-json\/wp\/v2\/categories?post=10882"},{"taxonomy":"post_tag","embeddable":true,"href":"https:\/\/www.diocesimolfetta.it\/luceevita\/wp-json\/wp\/v2\/tags?post=10882"}],"curies":[{"name":"wp","href":"https:\/\/api.w.org\/{rel}","templated":true}]}}