{"id":11309,"date":"2021-08-13T17:11:39","date_gmt":"2021-08-13T15:11:39","guid":{"rendered":"http:\/\/www.diocesimolfetta.it\/luceevita\/?p=11309"},"modified":"2021-08-13T17:16:44","modified_gmt":"2021-08-13T15:16:44","slug":"gino-strada-protagonista-del-nostro-tempo","status":"publish","type":"post","link":"https:\/\/www.diocesimolfetta.it\/luceevita\/gino-strada-protagonista-del-nostro-tempo\/","title":{"rendered":"Gino Strada, protagonista del nostro tempo"},"content":{"rendered":"<p><a href=\"https:\/\/www.diocesimolfetta.it\/luceevita\/wp-content\/uploads\/sites\/2\/2021\/08\/gino-strada.jpg\"><img loading=\"lazy\" decoding=\"async\" class=\"aligncenter size-full wp-image-11310\" src=\"https:\/\/www.diocesimolfetta.it\/luceevita\/wp-content\/uploads\/sites\/2\/2021\/08\/gino-strada.jpg\" alt=\"Gino strada\" width=\"755\" height=\"491\" srcset=\"https:\/\/www.diocesimolfetta.it\/luceevita\/wp-content\/uploads\/sites\/2\/2021\/08\/gino-strada.jpg 755w, https:\/\/www.diocesimolfetta.it\/luceevita\/wp-content\/uploads\/sites\/2\/2021\/08\/gino-strada-300x195.jpg 300w, https:\/\/www.diocesimolfetta.it\/luceevita\/wp-content\/uploads\/sites\/2\/2021\/08\/gino-strada-360x234.jpg 360w\" sizes=\"auto, (max-width: 755px) 100vw, 755px\" \/><\/a><\/p>\n<p>Se ne \u00e8 andato a 73 anni, in questo disgraziato periodo fatto di fuoco, fiamme, lutti. Una laurea in Medicina a Milano (era nato a Sesto San Giovanni nel 1948), si era avviato verso la cura delle vittime della guerra attraverso la chirurgia traumatologica. L\u2019esperienza con la Croce Rossa nei luoghi della sofferenza per fame, guerre, carestie lo aveva colpito in profondit\u00e0, e per questo aveva pensato ad un organismo mirato a alleviare quelle sofferenze e a salvare vite grazie anche, ma non solo, al personale medico specialistico.<\/p>\n<p>Prese cos\u00ec vita, 25 anni fa, Emergency, associata poi come partner alle Nazioni Unite.<\/p>\n<p>Portato pi\u00f9 all\u2019azione che all\u2019apparizione mediatica, suscit\u00f2 qualche vespaio quando disse francamente che non c\u2019erano stati approcci reali e pragmatici per il suo incarico di responsabile dell\u2019emergenza Covid in Calabria, come a dire: non inseguo il successo e la fama, ma la realt\u00e0 dei fatti e soprattutto la cura; se posso essere utile, volentieri. E su quella strada continuer\u00e0 la sua creatura, come nelle dichiarazioni della presidente di Emergency, Rossella Miccio. A offrire la giusta misura del senso dell\u2019operato di Strada sono stati probabilmente in due: la Caritas Ambrosiana \u2013 la sua \u00e8 stata una vera, disinteressata, \u201cper la cura dei feriti e delle vittime dei conflitti, in ogni angolo del pianeta\u201d e David Sassoli, presidente del Parlamento Europeo, che ha pubblicato la foto di Strada mentre cura un bambino.<\/p>\n<p>Come nel caso del clima planetario e degli incendi, non c\u2019\u00e8 pi\u00f9 tempo per le parole e le dichiarazioni diplomatiche; il fondatore di Emergency lo ha dimostrato con l\u2019impegno costante verso gli ultimi, a rischio della sua stessa vita. Anche quando si \u00e8 spinto con i suoi collaboratori in zone altamente pericolose, con il rischio di una raffica di mitra e via.<\/p>\n<p>Per questa vocazione pragmatica, Strada non le mandava a dire, come nel caso della situazione della nostra sanit\u00e0 o della situazione politica in Somalia: \u201ccon gli Shabaab non si tratta\u201d, ha riposto rassegnato a chi, in questo caso il <em>Corriere della sera<\/em>, gli chiedeva quali fossero stati i limiti invalicabili che aveva trovato nella sua opera.<br \/>\nAmico di gente come De Andr\u00e8, Umberto Eco, Noam Chomsky, \u00e8 stato un protagonista del tempo, non della trib\u00f9 dei chiacchierini, dei sorrisini a 360 gradi o delle parolacce fino a non respirare pi\u00f9, ma quello coraggioso del rischio di sparire senza lasciare traccia, se non nel cuore e nella memoria, andando a curare un bambino dall\u2019altra parte del mondo, magari con quel governo che non ti vuole far entrare, o ti chiede soldi per farlo.<\/p>\n<p>Marco Testi, sir<\/p>\n","protected":false},"excerpt":{"rendered":"<p>Amico di gente come De Andr\u00e8, Umberto Eco, Noam Chomsky, \u00e8 stato un protagonista del tempo, non della trib\u00f9 dei chiacchierini, dei sorrisini a 360 gradi o delle parolacce fino a non respirare pi\u00f9, ma quello coraggioso del rischio di sparire senza lasciare traccia, se non nel cuore e nella memoria, andando a curare un bambino dall\u2019altra parte del mondo, magari con quel governo che non ti vuole far entrare, o ti chiede soldi per farlo.<\/p>\n","protected":false},"author":3,"featured_media":11310,"comment_status":"closed","ping_status":"closed","sticky":false,"template":"","format":"standard","meta":{"footnotes":""},"categories":[459,4],"tags":[1755,1754],"class_list":["post-11309","post","type-post","status-publish","format-standard","has-post-thumbnail","hentry","category-attualita","category-news","tag-emergency","tag-gino-strada"],"acf":[],"_links":{"self":[{"href":"https:\/\/www.diocesimolfetta.it\/luceevita\/wp-json\/wp\/v2\/posts\/11309","targetHints":{"allow":["GET"]}}],"collection":[{"href":"https:\/\/www.diocesimolfetta.it\/luceevita\/wp-json\/wp\/v2\/posts"}],"about":[{"href":"https:\/\/www.diocesimolfetta.it\/luceevita\/wp-json\/wp\/v2\/types\/post"}],"author":[{"embeddable":true,"href":"https:\/\/www.diocesimolfetta.it\/luceevita\/wp-json\/wp\/v2\/users\/3"}],"replies":[{"embeddable":true,"href":"https:\/\/www.diocesimolfetta.it\/luceevita\/wp-json\/wp\/v2\/comments?post=11309"}],"version-history":[{"count":3,"href":"https:\/\/www.diocesimolfetta.it\/luceevita\/wp-json\/wp\/v2\/posts\/11309\/revisions"}],"predecessor-version":[{"id":11315,"href":"https:\/\/www.diocesimolfetta.it\/luceevita\/wp-json\/wp\/v2\/posts\/11309\/revisions\/11315"}],"wp:featuredmedia":[{"embeddable":true,"href":"https:\/\/www.diocesimolfetta.it\/luceevita\/wp-json\/wp\/v2\/media\/11310"}],"wp:attachment":[{"href":"https:\/\/www.diocesimolfetta.it\/luceevita\/wp-json\/wp\/v2\/media?parent=11309"}],"wp:term":[{"taxonomy":"category","embeddable":true,"href":"https:\/\/www.diocesimolfetta.it\/luceevita\/wp-json\/wp\/v2\/categories?post=11309"},{"taxonomy":"post_tag","embeddable":true,"href":"https:\/\/www.diocesimolfetta.it\/luceevita\/wp-json\/wp\/v2\/tags?post=11309"}],"curies":[{"name":"wp","href":"https:\/\/api.w.org\/{rel}","templated":true}]}}