{"id":11421,"date":"2021-08-26T18:16:59","date_gmt":"2021-08-26T16:16:59","guid":{"rendered":"http:\/\/www.diocesimolfetta.it\/luceevita\/?p=11421"},"modified":"2021-08-27T18:40:05","modified_gmt":"2021-08-27T16:40:05","slug":"celebrazione-16a-giornata-nazionale-per-la-custodia-del-creato","status":"publish","type":"post","link":"https:\/\/www.diocesimolfetta.it\/luceevita\/celebrazione-16a-giornata-nazionale-per-la-custodia-del-creato\/","title":{"rendered":"Celebrazione 16\u00aa Giornata Nazionale per la Custodia del Creato"},"content":{"rendered":"<p><a href=\"https:\/\/www.diocesimolfetta.it\/luceevita\/wp-content\/uploads\/sites\/2\/2021\/08\/gmc.jpeg\"><img loading=\"lazy\" decoding=\"async\" class=\"aligncenter size-large wp-image-11426\" src=\"https:\/\/www.diocesimolfetta.it\/luceevita\/wp-content\/uploads\/sites\/2\/2021\/08\/gmc-723x1024.jpeg\" alt=\"gmc 2021\" width=\"723\" height=\"1024\" srcset=\"https:\/\/www.diocesimolfetta.it\/luceevita\/wp-content\/uploads\/sites\/2\/2021\/08\/gmc-723x1024.jpeg 723w, https:\/\/www.diocesimolfetta.it\/luceevita\/wp-content\/uploads\/sites\/2\/2021\/08\/gmc-212x300.jpeg 212w, https:\/\/www.diocesimolfetta.it\/luceevita\/wp-content\/uploads\/sites\/2\/2021\/08\/gmc-768x1088.jpeg 768w, https:\/\/www.diocesimolfetta.it\/luceevita\/wp-content\/uploads\/sites\/2\/2021\/08\/gmc-198x280.jpeg 198w, https:\/\/www.diocesimolfetta.it\/luceevita\/wp-content\/uploads\/sites\/2\/2021\/08\/gmc-542x768.jpeg 542w, https:\/\/www.diocesimolfetta.it\/luceevita\/wp-content\/uploads\/sites\/2\/2021\/08\/gmc-800x1133.jpeg 800w, https:\/\/www.diocesimolfetta.it\/luceevita\/wp-content\/uploads\/sites\/2\/2021\/08\/gmc.jpeg 970w\" sizes=\"auto, (max-width: 723px) 100vw, 723px\" \/><\/a>La 16\u00aa Giornata Nazionale per la Custodia del Creato ci invita a \u201ccamminare in una vita nuova\u201d (Rm 6,4) in un mondo che mostra tutta la sua sofferenza e che chiede lo sforzo e l\u2019impegno di tutti. Se camminare \u00e8 metafora della vita perch\u00e9 l\u2019uomo \u00e8 sempre in cammino, possiamo per\u00f2 riflettere in quale modo oggi ci \u00e8 richiesto di camminare. Sembra finito il tempo in cui si possa camminare individualmente per il solo scopo personale o al pi\u00f9 per la ristretta rete familiare, questo modello antropologico mostra il suo fallimento.<br \/>\nOggi camminare sar\u00e0 esperienza significativa solo se comunitaria, dove l\u2019obiettivo comune di custodia del creato sar\u00e0 ritenuto da tutti meta irrinunciabile e sapr\u00e0 promuovere l\u2019ascolto, la vicinanza, la condivisione, il dialogo per <em>programmare <\/em>il percorso su cui camminare insieme, <em>sperimentando <\/em>lungo il cammino quali siano le strategie pi\u00f9 funzionali al gruppo, in una costante <em>interconnessione <\/em>delle potenzialit\u00e0 buone di tutti i partecipanti al cammino per la ricerca del bene comune. Camminare con il desiderio di custodire il creato in un processo ricco di speranza che veda tutti gli uomini di azione, interconnessi.<br \/>\nPer la transizione ecologica sar\u00e0 importante che le istituzioni guidino i processi, mentre le singole buone pratiche siano di stimolo ed implementazione degli stessi, in una dinamica biunivoca consapevole, dove si educhi costantemente ad uno stile responsabile di abitare il creato.<br \/>\nIncontrarsi nella mia diocesi di Montepulciano-Chiusi-Pienza per celebrare la 16^ giornata nazionale per la custodia del creato sar\u00e0 innanzitutto esperienza di comunione, di Chiese cristiane in comunione in cui la <em>partenza <\/em>comune del cammino \u00e8 Cristo, il battesimo in Cristo, la morte in Cristo, la resurrezione di Cristo (Rm 6,3) che sar\u00e0 garanzia per il <em>cammino in una vita nuova <\/em>(Rm6,4) , in cui relazioni e azioni santificate dallo Spirito ( Gal 5,16) sapranno portare frutti buoni per l\u2019obiettivo ecologico integrale comune.<br \/>\nFrutti di questo nostro camminare nello Spirito saranno \u201camore, gioia, pace, magnanimit\u00e0 benevolenza, bont\u00e0, fedelt\u00e0, mitezza, dominio di s\u00e9\u201d (Gal 5,22) per il bene di tutto il creato.<br \/>\nUn convegno perch\u00e9 il processo di transizione ecologica possa avere un garante speciale: lo Spirito.<br \/>\nAuspico che il convegno proposto dalla Cei possa far emergere come il contributo dei Cristiani possa avere un aspetto peculiare nel processo di transizione ecologica in atto. Credere con fiducia e speranza che nuovi paradigmi e modelli di sviluppo economico possano essere trovati grazie all\u2019 interconnessione di tutti gli uomini di buona volont\u00e0, non \u00e8 valore secondario al processo perch\u00e9, mentre valorizza la capacit\u00e0 della persona umana, la sua creativit\u00e0 la sua dignit\u00e0, concorre in maniera speciale a guardare ad ogni persona nel processo ecologico: ognuno con i suoi carismi da mettere a servizio del bene comune e per tutti garanzia di cibo, lavoro e salute. Leggo in filigrana la bellezza dello sguardo ecumenico sul processo ecologico uno sguardo che sento maturo ed indispensabile, volano e sostegno del processo stesso.<br \/>\nIl 5 giugno 2020, nel 60^ anniversario dell\u2019avvio del cammino ecumenico voluto da S. Giovanni XXIII, il cardinal Koch, Presidente del Pontificio Consiglio per l\u2019Unit\u00e0 dei Cristiani, in un\u2019intervista affermava: \u201cAttualmente, una delle maggiori sfide consiste nella mancanza di un consenso realmente solido sull\u2019obiettivo dell\u2019ecumenismo. Si \u00e8 concordi sulla necessit\u00e0 dell\u2019unit\u00e0, ma non ancora su quale forma essa debba avere. Occorre una visione comune che \u00e8 essenziale per l\u2019unit\u00e0 della Chiesa. I prossimi passi potranno essere compiuti infatti soltanto se abbiamo un obiettivo chiaro in mente.\u201d E se fossero i processi come quello ecologico, gli obiettivi comuni di bene, a saper dare <em>pienezza <\/em>all\u2019unit\u00e0?<br \/>\nSe, secondo il disegno rigoroso di Romano Guardini di \u201copposizione polare\u201d, la <em>forma <\/em>ecumenica non fosse pi\u00f9 importante della sua <em>pienezza<\/em>?<br \/>\nSe, non sentendo pi\u00f9 la contrapposizione tra forma e pienezza (ecumenica) e sapendo che nella realt\u00e0 non esiste una pura forma (\u201cperch\u00e9 la vita contrasta la forma; vuole rimanere sempre sorgiva, liberante, zampillante. Impossibile da prendere da legare sigillare, sempre sfuggente, perennemente straripante, debordante oltre ogni forma e figura. (Cit. Romano Guardini \u2013 l\u2019opposizione polare\u201d) lo sguardo ecumenico sentisse l\u2019unit\u00e0 nella differenza come la forma pi\u00f9 utile al mondo attuale?<br \/>\nScrive Luigino Bruni su <em>Avvenire<\/em> del 22 agosto 2021 in un\u2019analisi sulle comunit\u00e0 religiose e spirituali confrontando la diversa grammatica del passato e del presente: &#8220;<em>Tuttavia, nel nuovo ecosistema spirituale del XXI secolo sopravvivono solo realt\u00e0 pi\u00f9 liquide e meno strutturate, decentrate e meno compatte, delta non estuario, che non aggregano le persone tramite le regole e i vincoli giuridici, ma con la forza del messaggio del carisma e dell\u2019esperienza concreta. Pi\u00f9 tenda e meno palazzo, pi\u00f9 accampamento e meno istituzione, pi\u00f9 spirito e meno legge, pi\u00f9 ospiti e meno padroni, pi\u00f9 provvisori e meno stabili, pi\u00f9 promesse e meno voti. Comunit\u00e0 dove le persone sono aiutate a raggiungere una condizione soggettiva di libert\u00e0 e quindi di autonomia dalla stessa comunit\u00e0, che non cercano una identificazione totale e totalizzante con il carisma comunitario. Perch\u00e9 quando accade (ed \u00e8 accaduto troppo spesso) arriva presto il giorno nel quale la persona a forza di dire &#8220;noi&#8221; non sa pi\u00f9 dire &#8220;io&#8221; e quindi non sa pi\u00f9 rispondere alla domanda cruciale: &#8220;ma io chi sono?&#8221;.\u201d<br \/>\n<\/em>Se anche la comunit\u00e0 ecumenica si amasse nella propria fluidit\u00e0? Se addirittura fosse una ricchezza questa forma non piena di unit\u00e0 ma, nel suo tendere ad essa, essa fosse garanzia di pienezza?<br \/>\n<em>Se cos\u00ec fosse il processo ecologico avrebbe gi\u00e0 un valore inestimabile per ogni Cristiano, nel suo sentirsi gi\u00e0 parte di una comunit\u00e0 ecumenica piena.<\/em><\/p>\n<p><strong>Francesca Neri<\/strong><br \/>\n<em>Servizio diocesano per l&#8217;Ecumenismo\u00a0<\/em><br \/>\n<em>Diocesi Montepluciano-Chiusi-Pienza<\/em><\/p>\n<p>&nbsp;<\/p>\n<p><strong>Il convegno:<br \/>\nLa transizione ecologica per la cura della vita<\/strong><\/p>\n<p>L\u2019epoca che stiamo vivendo \u00e8 piena di contraddizioni e di opportunit\u00e0. Nella fede siamo chiamati ad abbandonare ci\u00f2 che isterilisce la nostra vita: nell\u2019incontro con Cristo rinasce la speranza e diveniamo capaci di rinnovata fecondit\u00e0. &#8230;<\/p>\n<p>&#8230;La 16\u00aa Giornata Nazionale per la Custodia del Creato vede la Chiesa che \u00e8 in Italia in cammino verso la 49\u00aa Settimana Sociale dei cattolici italiani, che avr\u00e0 per titolo \u00abIl pianeta che speriamo. Ambiente, lavoro, futuro. #tutto\u00e8connesso\u00bb.<br \/>\nLa strada che conduce a Taranto richiede a tutti un supplemento di coinvolgimento perch\u00e9 sia un percorso di Chiesa che intende camminare insieme e con stile sinodale. &#8230;<\/p>\n<p>Saranno\u00a0<strong>due gli appuntamenti<\/strong>\u00a0che celebreranno questa giornata:<\/p>\n<ul>\n<li><strong>sabato 4 settembre<\/strong>\u00a0presso il Teatro Poliziano, un Convegno approfondir\u00e0 il tema di quest\u2019anno, incentrato sulla transizione ecologica.<\/li>\n<li><strong>domenica 5 settembre<\/strong>\u00a0la Celebrazione Eucaristica dalla Chiesa di San Biagio in diretta su RAIUNO\n<ul>\n<li><strong><a href=\"https:\/\/lavoro.chiesacattolica.it\/wp-content\/uploads\/sites\/27\/2021\/08\/03\/Programma-Montepulciano-4-5-settembre-2021.pdf\">Programma del Convegno<\/a><\/strong>\u00a0presso il Teatro Poliziano (Via del Teatro 4)<\/li>\n<li><strong><a href=\"http:\/\/www.montepulcianochiusipienza.it\/\">Sito della Diocesi<\/a><\/strong><\/li>\n<\/ul>\n<\/li>\n<\/ul>\n<p><strong>Contributi stampa<\/strong><\/p>\n<ul>\n<li><strong><a href=\"https:\/\/www.toscanaoggi.it\/Vita-Chiesa\/Giornata-del-creato-a-settembre-l-appuntamento-e-in-Toscana\">Toscanaoggi.it<\/a><\/strong>\u00a0del 26\/6<\/li>\n<\/ul>\n","protected":false},"excerpt":{"rendered":"<p>La diocesi di Montepulciano &#8211; Chiusi &#8211; Pienza ospita la celebrazione con un Convegno il 4 settembre e la Santa Messa domenica 5 settembre 2021. La riflessione della delegata diocesana per l&#8217;Ecumenismo<\/p>\n","protected":false},"author":3,"featured_media":11426,"comment_status":"closed","ping_status":"closed","sticky":false,"template":"","format":"standard","meta":{"footnotes":""},"categories":[459,521,4,901],"tags":[719,1252,410,906],"class_list":["post-11421","post","type-post","status-publish","format-standard","has-post-thumbnail","hentry","category-attualita","category-ufficio-per-lecumenismo-e-il-dialogo-interreligioso","category-news","category-ufficio-pastorale-sociale-e-del-lavoro","tag-ambiente","tag-creato","tag-ecumenismo","tag-pastorale-sociale"],"acf":[],"_links":{"self":[{"href":"https:\/\/www.diocesimolfetta.it\/luceevita\/wp-json\/wp\/v2\/posts\/11421","targetHints":{"allow":["GET"]}}],"collection":[{"href":"https:\/\/www.diocesimolfetta.it\/luceevita\/wp-json\/wp\/v2\/posts"}],"about":[{"href":"https:\/\/www.diocesimolfetta.it\/luceevita\/wp-json\/wp\/v2\/types\/post"}],"author":[{"embeddable":true,"href":"https:\/\/www.diocesimolfetta.it\/luceevita\/wp-json\/wp\/v2\/users\/3"}],"replies":[{"embeddable":true,"href":"https:\/\/www.diocesimolfetta.it\/luceevita\/wp-json\/wp\/v2\/comments?post=11421"}],"version-history":[{"count":2,"href":"https:\/\/www.diocesimolfetta.it\/luceevita\/wp-json\/wp\/v2\/posts\/11421\/revisions"}],"predecessor-version":[{"id":11429,"href":"https:\/\/www.diocesimolfetta.it\/luceevita\/wp-json\/wp\/v2\/posts\/11421\/revisions\/11429"}],"wp:featuredmedia":[{"embeddable":true,"href":"https:\/\/www.diocesimolfetta.it\/luceevita\/wp-json\/wp\/v2\/media\/11426"}],"wp:attachment":[{"href":"https:\/\/www.diocesimolfetta.it\/luceevita\/wp-json\/wp\/v2\/media?parent=11421"}],"wp:term":[{"taxonomy":"category","embeddable":true,"href":"https:\/\/www.diocesimolfetta.it\/luceevita\/wp-json\/wp\/v2\/categories?post=11421"},{"taxonomy":"post_tag","embeddable":true,"href":"https:\/\/www.diocesimolfetta.it\/luceevita\/wp-json\/wp\/v2\/tags?post=11421"}],"curies":[{"name":"wp","href":"https:\/\/api.w.org\/{rel}","templated":true}]}}