{"id":11440,"date":"2021-08-26T18:51:36","date_gmt":"2021-08-26T16:51:36","guid":{"rendered":"http:\/\/www.diocesimolfetta.it\/luceevita\/?p=11440"},"modified":"2021-08-27T18:52:38","modified_gmt":"2021-08-27T16:52:38","slug":"messaggio-del-vescovo-ai-molfettesi-nel-mondo","status":"publish","type":"post","link":"https:\/\/www.diocesimolfetta.it\/luceevita\/messaggio-del-vescovo-ai-molfettesi-nel-mondo\/","title":{"rendered":"Messaggio del Vescovo ai Molfettesi nel Mondo"},"content":{"rendered":"<p>Con grande gioia saluto tutti i molfettesi sparsi nel mondo, soprattutto le famiglie insediatesi nel tempo negli Stati Uniti, in Argentina, In Venezuela, in Australia.<\/p>\n<p>Insieme al bagaglio culturale, sociale, affettivo, tante famiglie di Molfetta hanno portato oltreoceano anche la ricchezza religiosa delle radici cristiane.<\/p>\n<p>\u00c8 sempre molto emozionante vedere foto e video delle feste che si svolgono in quelle terre lontane in onore della Madonna dei Martiri e di San Corrado. Grazie alla devozione alla Vergine Maria e ai Santi, si \u00e8 creato un ponte ideale tra Molfetta e alcune Nazioni che permette di\u00a0 mantenere vive tante belle relazioni umane.<\/p>\n<p>Per questo motivo, il Convegno che ogni anno viene organizzato per accogliere i molfettesi che ritornano nella loro citt\u00e0 di origine, in occasione della festa in onore della Madonna dei Martiri, \u00e8 un\u2019occasione privilegiata per riabbracciare anche dopo molti anni familiari e amici.<\/p>\n<p>Le nuove tecnologie permettono oggi di accorciare le distanze grazie alle videochiamate, ma ritornare nella propria patria e nella citt\u00e0 di origine \u00e8 una esperienza ricca di emozioni che profuma di casa. Soprattutto ora, dopo questo lungo tempo di emergenza sanitaria causata dalla pandemia ancora in corso, i molfettesi sparsi nel mondo che riusciranno a ritornare nell\u2019amata citt\u00e0 natale potranno riannodare i legami di affetto e di amore interrotti con l\u2019emigrazione avvenuta anni fa.<\/p>\n<p>Sia per chi non potr\u00e0 nei prossimi mesi ritornare a Molfetta, sia per chi invece riuscir\u00e0 a organizzarsi per essere presente nei giorni del Convegno, il legame che lega i cuori di tutti rimane sempre l\u2019amore e la devozione alla Madonna dei Martiri di cui quest\u2019anno 2021 ricorre il settantesimo anniversario della proclamazione a Compatrona della citt\u00e0 e della solenne incoronazione della venerata icona avvenuta il 1 luglio 1951.<\/p>\n<p>Carissimi fratelli e sorelle, molfettesi sparsi nel mondo, la Vergine Maria protegga le vostre famiglie e interceda presso il suo Figlio Ges\u00f9 per la salute fisica e spirituale di ciascuno di voi.<\/p>\n<p style=\"text-align: right;\">Il Vescovo,<em>+ Domenico Cornacchia<\/em><\/p>\n<p>&nbsp;<\/p>\n<p><a href=\"https:\/\/www.diocesimolfetta.it\/luceevita\/wp-content\/uploads\/sites\/2\/2021\/08\/fatti_abbracciare_40_molfettesi_nel_mondo.jpg\"><img loading=\"lazy\" decoding=\"async\" class=\"aligncenter size-full wp-image-11443\" src=\"https:\/\/www.diocesimolfetta.it\/luceevita\/wp-content\/uploads\/sites\/2\/2021\/08\/fatti_abbracciare_40_molfettesi_nel_mondo.jpg\" alt=\"\" width=\"820\" height=\"315\" srcset=\"https:\/\/www.diocesimolfetta.it\/luceevita\/wp-content\/uploads\/sites\/2\/2021\/08\/fatti_abbracciare_40_molfettesi_nel_mondo.jpg 820w, https:\/\/www.diocesimolfetta.it\/luceevita\/wp-content\/uploads\/sites\/2\/2021\/08\/fatti_abbracciare_40_molfettesi_nel_mondo-300x115.jpg 300w, https:\/\/www.diocesimolfetta.it\/luceevita\/wp-content\/uploads\/sites\/2\/2021\/08\/fatti_abbracciare_40_molfettesi_nel_mondo-768x295.jpg 768w, https:\/\/www.diocesimolfetta.it\/luceevita\/wp-content\/uploads\/sites\/2\/2021\/08\/fatti_abbracciare_40_molfettesi_nel_mondo-360x138.jpg 360w, https:\/\/www.diocesimolfetta.it\/luceevita\/wp-content\/uploads\/sites\/2\/2021\/08\/fatti_abbracciare_40_molfettesi_nel_mondo-800x307.jpg 800w\" sizes=\"auto, (max-width: 820px) 100vw, 820px\" \/><\/a>Di seguito riportiamo gli appuntamenti della quarantesima edizione del Convegno Molfettesi nel mondo &#8220;Fatti abbracciare&#8221;.<\/p>\n<p>Programma<\/p>\n<p>DOMENICA, 22 AGOSTO<br \/>\nore 20.00, Basilica Maria SS. Dei Martiri<br \/>\nVerso la proclamazione di Molfetta a Civitas Mariae<br \/>\n&#8220;Don Tonino Bello e Papa Francesco innamorati di Maria&#8221;<br \/>\nConversazione del prof. Francesco Lenoci<br \/>\nIntroduce fra Nicola Violante, rettore della Basilica<br \/>\nIn collaborazione con i Frati Minori della Basilica e con il Comitato Feste Patronali di Molfetta<\/p>\n<p>GIOVED\u00cc, 2 SETTEMBRE<br \/>\nore 19.00, Basilica Maria SS. dei Martiri<br \/>\nMessa dell&#8217;emigrante<br \/>\nCelebrazione Eucaristica:<br \/>\nFra Luigi Riccio &#8211; Frate Minore, Predicatore della novena<\/p>\n<p>SABATO, 4 SETTEMBRE<br \/>\nore 18,30 &#8211; Sala dei Templari<br \/>\nConvegno sul tema &#8220;Emigrazione, tra diritto alla mobilit\u00e0 e risorsa per il territorio&#8221;<br \/>\nInterventi di:<br \/>\nProf. Vitantonio Leuzzi &#8211; Storico<br \/>\nProf.ssa Anna Gervasio &#8211; Direttrice IPSAIC<br \/>\ndott. Lelio Borgherese &#8211; Presidente Network Contacts<br \/>\ndott. Matteo Carabellese &#8211; Presidente Associazione B&amp;B (Molfetta)<br \/>\nConclusioni:<br \/>\nAvv. Loredana Capone \u2013 Presidente del Consiglio regionale della Puglia<\/p>\n<p>DOMENICA, 5 SETTEMBRE<\/p>\n<p>Dalle ore 10 alle ore 12 &#8211; Visita guidata al Pulo di Molfetta con servizio navetta da via Dante<br \/>\nIn collaborazione con Infopoint Molfetta<\/p>\n<p>POSTI LIMITATI &#8211; Prenotazione mediante mail a prenotazioni@molfettesinelmondo.it<\/p>\n<p>ore 20.00 &#8211; Anfiteatro di Ponente<br \/>\n&#8220;Note leggerissime&#8221;<br \/>\nConcerto del Gran Complesso bandistico &#8220;Santa Cecilia &#8211; Citt\u00e0 di Molfetta&#8221;<\/p>\n<p>diretto dal M\u00b0 Pasquale TURTURRO<\/p>\n<p>Nell&#8217;intervallo, proiezione del video &#8220;Meravigliosa!&#8221;, di Franco Pansini<br \/>\nImmagini inedite di Molfetta riprese con il drone<\/p>\n<p>POSTI LIMITATI &#8211; Si accede per invito<\/p>\n<p>GIOVED\u00cc, 9 SETTEMBRE<br \/>\nore 17.00, Sala Consiliare &#8211; Palazzo Giovene<br \/>\nEvento istituzionale<\/p>\n<p>Molfetta Day<\/p>\n<p>Seduta straordinaria del Consiglio Comunale.<br \/>\nPresentazione del documentario &#8220;Molfettesi nel mondo: storie di vita e ritorno&#8221;<br \/>\ndi Luc\u00eda Felix Prieto, volontaria del Programma Corpo Europeo di Solidariet\u00e0 &#8220;Take me in Europe vol. 2&#8221; ospitato da Associazione InCo \u2013 Molfetta<\/p>\n<p>ore 20.00, Piazza Purgatorio<br \/>\nConcerto sinfonico per i Molfettesi nel Mondo<br \/>\n&#8220;Un abbraccio al mondo\u2026&#8221;<br \/>\nOrchestra Filarmonica Pugliese diretta dal M\u00b0 Fabrizio Dorsi<br \/>\nIn collaborazione con l&#8217;Associazione Auditorium, l&#8217;Assessorato al Marketing Territoriale e Comitato Feste Patronali<\/p>\n<p>SABATO, 11 SETTEMBRE<br \/>\nOre 20.00 &#8211; Anfiteatro di Ponente<br \/>\n&#8220;Re besci\u00e0ie t\u00e8nghene re gh\u00e8mme corte\u2026&#8221;<br \/>\nCollettivo Dino La Rocca &#8211; commedia in vernacolo<br \/>\nRegia di Giorgio Latino<\/p>\n<p>POSTI LIMITATI &#8211; Si accede per invito<\/p>\n<p>TUTTI GLI EVENTI SONO GRATUITI<br \/>\nObbligatorio il Green Pass. Saranno rispettate le norme anti-contagio da COVID-19.<br \/>\nGli inviti possono essere ritirati, sino ad esaurimento, presso la sede dell&#8217;Associazione.<\/p>\n","protected":false},"excerpt":{"rendered":"<p>Con grande gioia saluto tutti i molfettesi sparsi nel mondo, soprattutto le famiglie insediatesi nel tempo negli Stati Uniti, in &hellip; <a href=\"https:\/\/www.diocesimolfetta.it\/luceevita\/messaggio-del-vescovo-ai-molfettesi-nel-mondo\/\" class=\"more-link\">+LEGGI TUTTO<span class=\"screen-reader-text\">Messaggio del Vescovo ai Molfettesi nel Mondo<\/span> <span class=\"meta-nav\">&raquo;<\/span><\/a><\/p>\n","protected":false},"author":3,"featured_media":11442,"comment_status":"closed","ping_status":"closed","sticky":false,"template":"","format":"standard","meta":{"footnotes":""},"categories":[459,4,36],"tags":[632,311],"class_list":["post-11440","post","type-post","status-publish","format-standard","has-post-thumbnail","hentry","category-attualita","category-news","category-news-luce-e-vita","tag-messaggio-vescovo","tag-molfettesi-nel-mondo"],"acf":[],"_links":{"self":[{"href":"https:\/\/www.diocesimolfetta.it\/luceevita\/wp-json\/wp\/v2\/posts\/11440","targetHints":{"allow":["GET"]}}],"collection":[{"href":"https:\/\/www.diocesimolfetta.it\/luceevita\/wp-json\/wp\/v2\/posts"}],"about":[{"href":"https:\/\/www.diocesimolfetta.it\/luceevita\/wp-json\/wp\/v2\/types\/post"}],"author":[{"embeddable":true,"href":"https:\/\/www.diocesimolfetta.it\/luceevita\/wp-json\/wp\/v2\/users\/3"}],"replies":[{"embeddable":true,"href":"https:\/\/www.diocesimolfetta.it\/luceevita\/wp-json\/wp\/v2\/comments?post=11440"}],"version-history":[{"count":2,"href":"https:\/\/www.diocesimolfetta.it\/luceevita\/wp-json\/wp\/v2\/posts\/11440\/revisions"}],"predecessor-version":[{"id":11445,"href":"https:\/\/www.diocesimolfetta.it\/luceevita\/wp-json\/wp\/v2\/posts\/11440\/revisions\/11445"}],"wp:featuredmedia":[{"embeddable":true,"href":"https:\/\/www.diocesimolfetta.it\/luceevita\/wp-json\/wp\/v2\/media\/11442"}],"wp:attachment":[{"href":"https:\/\/www.diocesimolfetta.it\/luceevita\/wp-json\/wp\/v2\/media?parent=11440"}],"wp:term":[{"taxonomy":"category","embeddable":true,"href":"https:\/\/www.diocesimolfetta.it\/luceevita\/wp-json\/wp\/v2\/categories?post=11440"},{"taxonomy":"post_tag","embeddable":true,"href":"https:\/\/www.diocesimolfetta.it\/luceevita\/wp-json\/wp\/v2\/tags?post=11440"}],"curies":[{"name":"wp","href":"https:\/\/api.w.org\/{rel}","templated":true}]}}