{"id":11499,"date":"2021-09-01T17:04:29","date_gmt":"2021-09-01T15:04:29","guid":{"rendered":"http:\/\/www.diocesimolfetta.it\/luceevita\/?p=11499"},"modified":"2021-09-01T17:12:28","modified_gmt":"2021-09-01T15:12:28","slug":"festival-della-legalita-x-edizione-resistenza-o-resilienza-nel-post-pandemia","status":"publish","type":"post","link":"https:\/\/www.diocesimolfetta.it\/luceevita\/festival-della-legalita-x-edizione-resistenza-o-resilienza-nel-post-pandemia\/","title":{"rendered":"Festival della Legalit\u00e0 X edizione: resistenza o resilienza nel post-pandemia"},"content":{"rendered":"<p><a href=\"https:\/\/www.diocesimolfetta.it\/luceevita\/wp-content\/uploads\/sites\/2\/2021\/09\/\u201cLA-LEGALITA\u2019-E\u2019-DIVENTATA-UN-OSTACOLO\u201d-7.png\"><img loading=\"lazy\" decoding=\"async\" class=\"aligncenter size-large wp-image-11500\" src=\"https:\/\/www.diocesimolfetta.it\/luceevita\/wp-content\/uploads\/sites\/2\/2021\/09\/\u201cLA-LEGALITA\u2019-E\u2019-DIVENTATA-UN-OSTACOLO\u201d-7-724x1024.png\" alt=\"\" width=\"724\" height=\"1024\" data-wp-editing=\"1\" \/><\/a><\/p>\n<p>Anche quest\u2019anno, nonostante la pandemia, ci sar\u00e0 il Festival per la Legalit\u00e0. \u00c8 un\u2019edizione importante perch\u00e9 il Festival\u00a0 compie dieci anni e poi perch\u00e9 segna la nascita dell\u2019Associazione di Promozione Sociale \u201c\u00c9 FATTO GIORNO APS\u201d.<\/p>\n<p><strong><em>\u201cLa legalit\u00e0 \u00e8 diventata un ostacolo? Resistenza o resilienza nel post-pandemia\u201d<\/em><\/strong> \u00e8 il titolo di questa edizione, che si terr\u00e0 nei giorni 8 e 9 Settembre e 8 Ottobre 2021. Tre appuntamenti con ospiti delle Istituzioni, dell\u2019attivismo sociale e della cultura, che arrivano a Terlizzi per testimoniare storie ed esperienze attorno al tema della legalit\u00e0 e delle emergenze civili.<\/p>\n<p>La prima serata, quella di Gioved\u00ec 9 Settembre 2021, \u00e8 dedicata all\u2019impegno degli amministratori locali, la cui attivit\u00e0 \u00e8 sempre pi\u00f9 \u201csotto tiro\u201d non solo da violenza e minacce, cos\u00ec come rappresentato annualmente dai rapporti di Avviso Pubblico, rete di enti locali concretamente impegnati per promuovere cittadinanza responsabile.\u00a0 I sindaci, oggi, sembrano bersaglio di \u201cleggi sbagliate\u201d e relative inchieste il cui solo 2% dei processi finisce con una condanna definitiva; quotidianamente si trovano ad affrontare rischi e responsabilit\u00e0 semplicemente perch\u00e9 svolgono il proprio lavoro. Il richiamo ai grandi rischi e alle responsabilit\u00e0 che essi si trovano ad affrontare ogni giorno semplicemente perch\u00e9 svolgono il proprio lavoro. Ne parleremo tre primi cittadini della Puglia: <strong>Antonio Decaro<\/strong> \u2013 Sindaco di Bari, Presidente ANCI, <strong>Michele Abbaticchio<\/strong> \u2013 Sindaco di Bitonto, e <strong>Rinaldo Melucci<\/strong> \u2013 Sindaco di Taranto. L\u2019incontro sar\u00e0 moderato dalla Giornalista <strong>Maria Cristina de Carlo<\/strong> di TRM Network. Nella serata ricorderemo la figura di Rocco Scotellaro, poeta e sindaco socialista di Tricarico, grazie alla nipote, Lina Scotellaro, e alle letture di Giuseppe Miseo.<\/p>\n<p>Il secondo appuntamento, quello di Venerd\u00ec 10 Settembre 2021, \u00e8 dedicato all\u2019ambiente, in particolare a quello del Mezzogiorno, sempre vittima delle ecomafie. La pandemia ha dato una grande mano ai roghi tossici nella terra dei fuochi, dove i clan bruciano o interrano scarti delle aziende che producono in nero in tutto il Paese. Mai tanti casi come negli ultimi mesi. L\u2019esperienza del territorio Campano pu\u00f2 solo che essere \u201ccapofila\u201d di tante altre zone del Paese colpite da roghi che sprigionano nell\u2019aria sostanze nocive per la salute degli esseri viventi che abitano nelle vicinanze. Ospiteremo <strong>Don Maurizio Patriciello<\/strong> \u2013 Parroco della Terra dei Fuochi, <strong>Mons. Giovanni Ricchiuti<\/strong> \u2013 Presidente Pax Christi, <strong>Pino Ciociola<\/strong> &#8211;\u00a0 Giornalista di Avvenire, <strong>Sabino Zinni<\/strong> \u2013 Notaio e gi\u00e0 consigliere regionale. Moderano i Giornalisti <strong>Giovanni di Benedetto<\/strong> \u2013 TG Norba \u2013 e <strong>Cinzia Urbano<\/strong>.<\/p>\n<p>Venerd\u00ec 8 Ottobre 2021 il terzo e ultimo appuntamento con <strong>Lirio Abate<\/strong>, Giornalista impegnato in prima linea. Molte le sue inchieste su mafia e corruzione. Il Vicedirettore dell\u2019Espresso ha contribuito a portare alla luce pagine della malavita organizzata che altrimenti sarebbero rimasti nell&#8217;ombra. Nonostante la sua vita sia cambiata a causa di minacce che lo costringono a vivere sotto scorta, il suo impegno non si \u00e8 fermato e lo testimonia il suo nuovo libro \u201cFaccia da mostro\u201d, edito da Rizzoli, che presenteremo in questa X edizione del Festival per la Legalit\u00e0.<\/p>\n<p>Lirio Abbate ricostruisce tutti i misteri dietro questa storia terribilmente vera e documentata. Tra sospette connivenze con la criminalit\u00e0 organizzata e con apparati deviati dei servizi, Faccia da Mostro &#8211; <strong>Giovanni Aiello<\/strong>, fino al 1977 poliziotto della squadra mobile di Palermo &#8211; compare in troppe vicende sanguinarie ancora in parte irrisolte. Accanto a lui, in pi\u00f9 occasioni, una figura femminile, una \u00abdonna pericolosissima\u00bb, una \u00abguerriera\u00bb secondo le parole dei collaboratori di giustizia. Che oggi potrebbe avere volto e un nome. Dialogheranno con l\u2019Autore <strong>Gianluca di Feo<\/strong>, Vicedirettore de La Repubblica, e <strong>Giuseppe Volpe<\/strong> &#8211;\u00a0 gi\u00e0 Procuratore della Repubblica di Bari. A moderare ci sar\u00e0 <strong>Piero Ricci<\/strong>, Presidente dell\u2019Ordine dei Giornalisti Puglia.<\/p>\n<p>Tutti gli eventi si terranno nelle date indicate, sempre alle ore 20.00, presso il Chiostro delle Clarisse sito in Piazza Cavour a Terlizzi (Ba). L\u2019evento si svolger\u00e0 nel pieno rispetto delle normative anti-covid. Per info consultare il sito <a href=\"about:blank\">www.festivalperlalegalita.it<\/a> o scrivere all\u2019indirizzo <a href=\"about:blank\">festivalperlalegalita@gmail.com<\/a> .<\/p>\n","protected":false},"excerpt":{"rendered":"<p>\u201cLa legalit\u00e0 \u00e8 diventata un ostacolo? Resistenza o resilienza nel post-pandemia\u201d. Tre appuntamenti con ospiti delle Istituzioni, dell\u2019attivismo sociale e della cultura, che arrivano a Terlizzi per testimoniare storie ed esperienze attorno al tema della legalit\u00e0 e delle emergenze civili.<\/p>\n","protected":false},"author":3,"featured_media":11500,"comment_status":"closed","ping_status":"closed","sticky":false,"template":"","format":"standard","meta":{"footnotes":""},"categories":[459,34,4,100],"tags":[113,1777],"class_list":["post-11499","post","type-post","status-publish","format-standard","has-post-thumbnail","hentry","category-attualita","category-citta","category-news","category-terlizzi","tag-festival-legalita-terlizzi","tag-resilienza"],"acf":[],"_links":{"self":[{"href":"https:\/\/www.diocesimolfetta.it\/luceevita\/wp-json\/wp\/v2\/posts\/11499","targetHints":{"allow":["GET"]}}],"collection":[{"href":"https:\/\/www.diocesimolfetta.it\/luceevita\/wp-json\/wp\/v2\/posts"}],"about":[{"href":"https:\/\/www.diocesimolfetta.it\/luceevita\/wp-json\/wp\/v2\/types\/post"}],"author":[{"embeddable":true,"href":"https:\/\/www.diocesimolfetta.it\/luceevita\/wp-json\/wp\/v2\/users\/3"}],"replies":[{"embeddable":true,"href":"https:\/\/www.diocesimolfetta.it\/luceevita\/wp-json\/wp\/v2\/comments?post=11499"}],"version-history":[{"count":3,"href":"https:\/\/www.diocesimolfetta.it\/luceevita\/wp-json\/wp\/v2\/posts\/11499\/revisions"}],"predecessor-version":[{"id":11503,"href":"https:\/\/www.diocesimolfetta.it\/luceevita\/wp-json\/wp\/v2\/posts\/11499\/revisions\/11503"}],"wp:featuredmedia":[{"embeddable":true,"href":"https:\/\/www.diocesimolfetta.it\/luceevita\/wp-json\/wp\/v2\/media\/11500"}],"wp:attachment":[{"href":"https:\/\/www.diocesimolfetta.it\/luceevita\/wp-json\/wp\/v2\/media?parent=11499"}],"wp:term":[{"taxonomy":"category","embeddable":true,"href":"https:\/\/www.diocesimolfetta.it\/luceevita\/wp-json\/wp\/v2\/categories?post=11499"},{"taxonomy":"post_tag","embeddable":true,"href":"https:\/\/www.diocesimolfetta.it\/luceevita\/wp-json\/wp\/v2\/tags?post=11499"}],"curies":[{"name":"wp","href":"https:\/\/api.w.org\/{rel}","templated":true}]}}