{"id":11597,"date":"2021-09-10T17:34:41","date_gmt":"2021-09-10T15:34:41","guid":{"rendered":"http:\/\/www.diocesimolfetta.it\/luceevita\/?p=11597"},"modified":"2021-09-10T17:34:41","modified_gmt":"2021-09-10T15:34:41","slug":"hurra-oratorio-estivo-2021-dall8-giugno-al-9-luglio-parrocchia-madonna-della-pace","status":"publish","type":"post","link":"https:\/\/www.diocesimolfetta.it\/luceevita\/hurra-oratorio-estivo-2021-dall8-giugno-al-9-luglio-parrocchia-madonna-della-pace\/","title":{"rendered":"HURRA\u2019! Oratorio estivo 2021 dall\u20198 giugno al 9 luglio. Parrocchia Madonna della Pace"},"content":{"rendered":"<p>Urr\u00e0 \u00e8 una tipica esclamazione di esultanza, ma per noi, in questo momento storico, assume anche il significato di un grido liberatorio per metterci definitivamente alle spalle il brutto momento trascorso, un incitamento per ritrovare il coraggio e la fiducia di un tempo.<\/p>\n<p>Dopo il difficile periodo di restrizioni a causa della pandemia da Covid, durante il quale abbiamo vissuto come sospesi e un po\u2019 paralizzati dall\u2019incertezza per il futuro, finalmente, a poco a poco, ci stiamo riappropriando dei nostri spazi e dei modi di vivere abituali.<\/p>\n<p>Anche le parrocchie, un tempo produttive fucine di esperienze umane e spiritualit\u00e0, hanno dovuto fare i conti con le limitazioni per contenere il diffondersi del virus, sospendendo e riducendo le proprie attivit\u00e0. Ne ha fatto le spese anche il tanto amato ed atteso appuntamento con l\u2019oratorio estivo di inizio giugno, che purtroppo l\u2019anno scorso \u00e8 stato soppresso. Quest\u2019anno potendo contare su una maggiore libert\u00e0, l\u2019oratorio estivo intitolato \u201cHurr\u00e0\u201d, si \u00e8 svolto regolarmente dall\u20198 giugno al 9 luglio, avendo come filo conduttore il gioco, inteso nel suo aspetto ludico, ma anche in quello pi\u00f9 impegnato e creativo. Le varie attivit\u00e0 e i giochi si sono svolti sia sfruttando gli spazi attrezzati per lo sport e gli ambienti della parrocchia, che in esterna, con visite guidate a luoghi di interesse artistico\/culturali e a siti naturalistici locali.<\/p>\n<p>Attraverso il gioco e il sano divertimento, grandi e piccoli hanno riscoperto il valore della comunit\u00e0 e il lato educativo del gioco visto come \u201callenamento alla vita\u201d. Nel corso delle quattro intense settimane, i ragazzi guidati dall\u2019instancabile parroco don Angelo Mazzone, affiancato dall\u2019onnipresente Leonardo Andriani e dalle encomiabili animatrici ed animatori, hanno dato vita ad un\u2019incalzante sequenza di eventi che hanno entusiasmato ed offerto momenti di serenit\u00e0 e gioia a tutti. Tra le molteplici attivit\u00e0 svolte, al di l\u00e0 del gioco stesso, hanno riscosso particolare consenso le uscite fuori dai confini della parrocchia, soprattutto per il loro valore educativo ed istruttivo. Infatti, avvalendoci di una professionista del teatro, di un abile giocoliere e di qualificate guide, i nostri bambini e ragazzi hanno potuto sperimentare in prima persona un\u2019esperienza di recitazione, visitato l\u2019oasi naturalistica di Lama Martina e scoperto i segreti della giocoleria. Con la caccia al tesoro e la biciclettata lungo le vie del quartiere, hanno approfondito la conoscenza del territorio circostante, mentre con la visita al museo diocesano, hanno compreso il valore dell\u2019arte e l\u2019importanza delle opere del passato e del materiale archeologico. Infine, incontrando un gruppo di anziani della parrocchia, hanno potuto condividere esperienze di gioco ormai desuete o dimenticate, riscoprendo ed apprezzando la genuinit\u00e0 e la creativit\u00e0 del modo di divertirsi dei nonni quando avevano la loro et\u00e0.<\/p>\n<p>Al termine di questa esaltante avventura, non ci resta che ringraziare tutti i protagonisti: in cima alla lista ci sono i bambini e i ragazzi stessi, che con la loro energia ed entusiasmo hanno reso questa esperienza indimenticabile; poi vogliamo dire grazie ai loro genitori per la fiducia riposta nella comunit\u00e0 della Madonna della Pace e nel suo pastore; in conclusione, nel salutarci e darci appuntamento all\u2019anno prossimo, non possiamo non esprimere la nostra gratitudine e l\u2019apprezzamento per coloro che con premurosa cura, impegno e abnegazione ci hanno regalato impagabili momenti di spensieratezza e reso felici i nostri bambini: don Angelo, Leonardo e i cari amici animatori\u2026. Hip hip Urr\u00e0!<\/p>\n<p><em>di Pasqua Chiarella e Francesca Minervini<\/em><\/p>\n\n\t\t<style type=\"text\/css\">\n\t\t\t#gallery-1 {\n\t\t\t\tmargin: auto;\n\t\t\t}\n\t\t\t#gallery-1 .gallery-item {\n\t\t\t\tfloat: left;\n\t\t\t\tmargin-top: 10px;\n\t\t\t\ttext-align: center;\n\t\t\t\twidth: 33%;\n\t\t\t}\n\t\t\t#gallery-1 img {\n\t\t\t\tborder: 2px solid #cfcfcf;\n\t\t\t}\n\t\t\t#gallery-1 .gallery-caption {\n\t\t\t\tmargin-left: 0;\n\t\t\t}\n\t\t\t\/* see gallery_shortcode() in wp-includes\/media.php *\/\n\t\t<\/style>\n\t\t<div id='gallery-1' class='gallery galleryid-11597 gallery-columns-3 gallery-size-thumbnail'><dl class='gallery-item'>\n\t\t\t<dt class='gallery-icon landscape'>\n\t\t\t\t<a href='https:\/\/www.diocesimolfetta.it\/luceevita\/hurra-oratorio-estivo-2021-dall8-giugno-al-9-luglio-parrocchia-madonna-della-pace\/foto-biciclettata-oratorio-estivo-2021-mdp-1\/'><img loading=\"lazy\" decoding=\"async\" width=\"150\" height=\"150\" src=\"https:\/\/www.diocesimolfetta.it\/luceevita\/wp-content\/uploads\/sites\/2\/2021\/09\/Foto-biciclettata-Oratorio-estivo-2021-MdP-1-150x150.jpg\" class=\"attachment-thumbnail size-thumbnail\" alt=\"madonna della pace\" srcset=\"https:\/\/www.diocesimolfetta.it\/luceevita\/wp-content\/uploads\/sites\/2\/2021\/09\/Foto-biciclettata-Oratorio-estivo-2021-MdP-1-150x150.jpg 150w, https:\/\/www.diocesimolfetta.it\/luceevita\/wp-content\/uploads\/sites\/2\/2021\/09\/Foto-biciclettata-Oratorio-estivo-2021-MdP-1-200x200.jpg 200w\" sizes=\"auto, (max-width: 150px) 100vw, 150px\" \/><\/a>\n\t\t\t<\/dt><\/dl><dl class='gallery-item'>\n\t\t\t<dt class='gallery-icon landscape'>\n\t\t\t\t<a href='https:\/\/www.diocesimolfetta.it\/luceevita\/hurra-oratorio-estivo-2021-dall8-giugno-al-9-luglio-parrocchia-madonna-della-pace\/foto-di-gruppo-oratorio-estivo-2021-mdp\/'><img loading=\"lazy\" decoding=\"async\" width=\"150\" height=\"150\" src=\"https:\/\/www.diocesimolfetta.it\/luceevita\/wp-content\/uploads\/sites\/2\/2021\/09\/Foto-di-gruppo-Oratorio-estivo-2021-MDP-150x150.jpg\" class=\"attachment-thumbnail size-thumbnail\" alt=\"\" srcset=\"https:\/\/www.diocesimolfetta.it\/luceevita\/wp-content\/uploads\/sites\/2\/2021\/09\/Foto-di-gruppo-Oratorio-estivo-2021-MDP-150x150.jpg 150w, https:\/\/www.diocesimolfetta.it\/luceevita\/wp-content\/uploads\/sites\/2\/2021\/09\/Foto-di-gruppo-Oratorio-estivo-2021-MDP-200x200.jpg 200w\" sizes=\"auto, (max-width: 150px) 100vw, 150px\" \/><\/a>\n\t\t\t<\/dt><\/dl>\n\t\t\t<br style='clear: both' \/>\n\t\t<\/div>\n\n","protected":false},"excerpt":{"rendered":"<p>Urr\u00e0 \u00e8 una tipica esclamazione di esultanza, ma per noi, in questo momento storico, assume anche il significato di un grido liberatorio per metterci definitivamente alle spalle il brutto momento trascorso, un incitamento per ritrovare il coraggio e la fiducia di un tempo.<\/p>\n","protected":false},"author":3,"featured_media":11599,"comment_status":"closed","ping_status":"closed","sticky":false,"template":"","format":"standard","meta":{"footnotes":""},"categories":[1663,34,380,97,4,1427],"tags":[1658,574,1791],"class_list":["post-11597","post","type-post","status-publish","format-standard","has-post-thumbnail","hentry","category-batti-5w-estate-2021","category-citta","category-esperienze-pastorali","category-molfetta","category-news","category-oratorio","tag-batti-5w","tag-madonna-della-pace","tag-oratorio-estivo-estate-2021"],"acf":[],"_links":{"self":[{"href":"https:\/\/www.diocesimolfetta.it\/luceevita\/wp-json\/wp\/v2\/posts\/11597","targetHints":{"allow":["GET"]}}],"collection":[{"href":"https:\/\/www.diocesimolfetta.it\/luceevita\/wp-json\/wp\/v2\/posts"}],"about":[{"href":"https:\/\/www.diocesimolfetta.it\/luceevita\/wp-json\/wp\/v2\/types\/post"}],"author":[{"embeddable":true,"href":"https:\/\/www.diocesimolfetta.it\/luceevita\/wp-json\/wp\/v2\/users\/3"}],"replies":[{"embeddable":true,"href":"https:\/\/www.diocesimolfetta.it\/luceevita\/wp-json\/wp\/v2\/comments?post=11597"}],"version-history":[{"count":1,"href":"https:\/\/www.diocesimolfetta.it\/luceevita\/wp-json\/wp\/v2\/posts\/11597\/revisions"}],"predecessor-version":[{"id":11600,"href":"https:\/\/www.diocesimolfetta.it\/luceevita\/wp-json\/wp\/v2\/posts\/11597\/revisions\/11600"}],"wp:featuredmedia":[{"embeddable":true,"href":"https:\/\/www.diocesimolfetta.it\/luceevita\/wp-json\/wp\/v2\/media\/11599"}],"wp:attachment":[{"href":"https:\/\/www.diocesimolfetta.it\/luceevita\/wp-json\/wp\/v2\/media?parent=11597"}],"wp:term":[{"taxonomy":"category","embeddable":true,"href":"https:\/\/www.diocesimolfetta.it\/luceevita\/wp-json\/wp\/v2\/categories?post=11597"},{"taxonomy":"post_tag","embeddable":true,"href":"https:\/\/www.diocesimolfetta.it\/luceevita\/wp-json\/wp\/v2\/tags?post=11597"}],"curies":[{"name":"wp","href":"https:\/\/api.w.org\/{rel}","templated":true}]}}