{"id":11639,"date":"2021-09-17T16:49:22","date_gmt":"2021-09-17T14:49:22","guid":{"rendered":"http:\/\/www.diocesimolfetta.it\/luceevita\/?p=11639"},"modified":"2021-09-17T16:49:22","modified_gmt":"2021-09-17T14:49:22","slug":"la-regola-di-una-vita-consegnata","status":"publish","type":"post","link":"https:\/\/www.diocesimolfetta.it\/luceevita\/la-regola-di-una-vita-consegnata\/","title":{"rendered":"La regola di una vita consegnata"},"content":{"rendered":"<p>Ges\u00f9 annuncia per la seconda volta la sua passione, morte e resurrezione, offrendo agli apostoli un ulteriore occasione di insegnamento riguardante la legge nuova dell\u2019amore, che si compir\u00e0 per mezzo della croce. Non dobbiamo perdere di vista che anche questo episodio si svolge lungo la strada, dove la parola seminata, non trovando accoglienza nel cuore duro dell\u2019uomo, viene subito rapita da Satana.<br \/>\n\u201cIl Figlio dell\u2019uomo viene consegnato nelle mani degli uomini e lo uccideranno\u201d, \u00e8 questa la frase cardine dell\u2019insegnamento di Ges\u00f9, dove \u00e8 chiaramente manifestata la diversit\u00e0 tra il Figlio dell\u2019uomo che dona la sua vita e gli uomini che la tolgono: gli Apostoli cos\u00ec come tutti i credenti sono chiamati a una missione d\u2019amore che abbia come finalit\u00e0 il dare vita, ricreare tramite nuove opportunit\u00e0 il prossimo.<br \/>\nQuanto \u00e8 detto dal Signore in questo brano \u00e8 strettamente indirizzato ai suoi discepoli, i quali privatamente vengono istruiti sul mistero pasquale. Quest\u2019ultimi per\u00f2 pur non intendendo, non hanno voglia di interrogare il Maestro, preferiscono non approfondire la sapienza di Dio, rimanere nel superficiale. Nel tempo non facile che la Chiesa sta attraversando, ci chiediamo se i credenti stiano interrogando il Signore, se siano assetati della sua sapienza, se la Chiesa nella sua attivit\u00e0 pastorale faccia ricorso al magnifico tesoro della fede per formare le coscienze. Quando questo non avviene si ritorna a un pensiero orizzontale, dove le opere umane hanno la preminenza rispetto al principio che le dovrebbe animare, come a esempio il puntare esclusivamente sulla propria creativit\u00e0, nella proposta di iniziative pastorali che non hanno nulla di teologico, che non sono inerenti al contesto della fede.<br \/>\n\u201cSedutosi, chiam\u00f2 i Dodici e disse loro\u201d: pur essendo fisicamente intorno a Ges\u00f9, i discepoli vengono chiamati, poich\u00e9 il loro cuore \u00e8 lontano. Nonostante il nostro percorso di fede sacramentale, il volontariato o l\u2019impegno pastorale in parrocchia, il nostro cuore rischia di essere lontano dalla fonte dell\u2019Amore, il Signore tuttavia ci chiama continuamente riproponendoci il suo insegnamento pasquale.<\/p>\n","protected":false},"excerpt":{"rendered":"<p>Il secondo annuncio della passione, morte e resurrezione di Ges\u00f9 ne dischiudono il mistero profondo, il tragitto della sua vita, e costituiscono l\u2019insegnamento per eccellenza che i discepoli devono imparare. Esse sono decisive per la formazione del discepolo che trova nell\u2019insegnamento sulla vita di Ges\u00f9 obbediente a Dio e consegnata agli uomini il capitolo centrale e decisivo. La sua vita consegnata \u00e8 la regola per il comportamento dei discepoli, \u00e8 la griglia alla cui luce leggere e porre gli eventi della vita, soprattutto gli eventi dolorosi e di contraddizione.<\/p>\n","protected":false},"author":3,"featured_media":11640,"comment_status":"closed","ping_status":"closed","sticky":false,"template":"","format":"standard","meta":{"footnotes":""},"categories":[4,36],"tags":[513,1773],"class_list":["post-11639","post","type-post","status-publish","format-standard","has-post-thumbnail","hentry","category-news","category-news-luce-e-vita","tag-spiritualita","tag-vangelo-della-domenica"],"acf":[],"_links":{"self":[{"href":"https:\/\/www.diocesimolfetta.it\/luceevita\/wp-json\/wp\/v2\/posts\/11639","targetHints":{"allow":["GET"]}}],"collection":[{"href":"https:\/\/www.diocesimolfetta.it\/luceevita\/wp-json\/wp\/v2\/posts"}],"about":[{"href":"https:\/\/www.diocesimolfetta.it\/luceevita\/wp-json\/wp\/v2\/types\/post"}],"author":[{"embeddable":true,"href":"https:\/\/www.diocesimolfetta.it\/luceevita\/wp-json\/wp\/v2\/users\/3"}],"replies":[{"embeddable":true,"href":"https:\/\/www.diocesimolfetta.it\/luceevita\/wp-json\/wp\/v2\/comments?post=11639"}],"version-history":[{"count":1,"href":"https:\/\/www.diocesimolfetta.it\/luceevita\/wp-json\/wp\/v2\/posts\/11639\/revisions"}],"predecessor-version":[{"id":11641,"href":"https:\/\/www.diocesimolfetta.it\/luceevita\/wp-json\/wp\/v2\/posts\/11639\/revisions\/11641"}],"wp:featuredmedia":[{"embeddable":true,"href":"https:\/\/www.diocesimolfetta.it\/luceevita\/wp-json\/wp\/v2\/media\/11640"}],"wp:attachment":[{"href":"https:\/\/www.diocesimolfetta.it\/luceevita\/wp-json\/wp\/v2\/media?parent=11639"}],"wp:term":[{"taxonomy":"category","embeddable":true,"href":"https:\/\/www.diocesimolfetta.it\/luceevita\/wp-json\/wp\/v2\/categories?post=11639"},{"taxonomy":"post_tag","embeddable":true,"href":"https:\/\/www.diocesimolfetta.it\/luceevita\/wp-json\/wp\/v2\/tags?post=11639"}],"curies":[{"name":"wp","href":"https:\/\/api.w.org\/{rel}","templated":true}]}}