{"id":12309,"date":"2021-11-19T18:11:54","date_gmt":"2021-11-19T17:11:54","guid":{"rendered":"http:\/\/www.diocesimolfetta.it\/luceevita\/?p=12309"},"modified":"2021-11-19T18:12:56","modified_gmt":"2021-11-19T17:12:56","slug":"12309-2","status":"publish","type":"post","link":"https:\/\/www.diocesimolfetta.it\/luceevita\/12309-2\/","title":{"rendered":"Laici promotori di sinodalit\u00e0. Nuovo numero di Luce e Vita"},"content":{"rendered":"<p><strong><a href=\"https:\/\/www.diocesimolfetta.it\/luceevita\/wp-content\/uploads\/sites\/2\/2021\/11\/lev38-scaled.jpg\"><img loading=\"lazy\" decoding=\"async\" class=\"alignleft size-medium wp-image-12310\" src=\"https:\/\/www.diocesimolfetta.it\/luceevita\/wp-content\/uploads\/sites\/2\/2021\/11\/lev38-206x300.jpg\" alt=\"lev 38\" width=\"206\" height=\"300\" srcset=\"https:\/\/www.diocesimolfetta.it\/luceevita\/wp-content\/uploads\/sites\/2\/2021\/11\/lev38-206x300.jpg 206w, https:\/\/www.diocesimolfetta.it\/luceevita\/wp-content\/uploads\/sites\/2\/2021\/11\/lev38-702x1024.jpg 702w, https:\/\/www.diocesimolfetta.it\/luceevita\/wp-content\/uploads\/sites\/2\/2021\/11\/lev38-768x1121.jpg 768w, https:\/\/www.diocesimolfetta.it\/luceevita\/wp-content\/uploads\/sites\/2\/2021\/11\/lev38-192x280.jpg 192w, https:\/\/www.diocesimolfetta.it\/luceevita\/wp-content\/uploads\/sites\/2\/2021\/11\/lev38-526x768.jpg 526w, https:\/\/www.diocesimolfetta.it\/luceevita\/wp-content\/uploads\/sites\/2\/2021\/11\/lev38-1053x1536.jpg 1053w, https:\/\/www.diocesimolfetta.it\/luceevita\/wp-content\/uploads\/sites\/2\/2021\/11\/lev38-1404x2048.jpg 1404w, https:\/\/www.diocesimolfetta.it\/luceevita\/wp-content\/uploads\/sites\/2\/2021\/11\/lev38-800x1167.jpg 800w, https:\/\/www.diocesimolfetta.it\/luceevita\/wp-content\/uploads\/sites\/2\/2021\/11\/lev38-1200x1751.jpg 1200w, https:\/\/www.diocesimolfetta.it\/luceevita\/wp-content\/uploads\/sites\/2\/2021\/11\/lev38-1320x1926.jpg 1320w, https:\/\/www.diocesimolfetta.it\/luceevita\/wp-content\/uploads\/sites\/2\/2021\/11\/lev38-scaled.jpg 1755w\" sizes=\"auto, (max-width: 206px) 100vw, 206px\" \/><\/a><\/strong><\/p>\n<p><strong>Passiamo in rassegna le notizie presenti sul settimanale diocesano Luce e Vita n. 38 di Domenica 21 novembre 2021.<\/strong><\/p>\n<p>In prima pagina <strong>\u201cLaici promotori di sinodalit\u00e0\u201d,<\/strong> l\u2019editoriale a cura di Susanna de Candia con indicazioni e metodologie per il percorso sinodale emersi durante il momento di approfondimento promosso dalla Consulta diocesana delle Aggregazioni laicali che ha avuto luogo lo scorso sabato 13 novembre.<\/p>\n<p><strong>A pagina 2<\/strong> una riflessione di <strong>don Michele Cipriani<\/strong> nell\u2019ambito del cammino sinodale sulle novit\u00e0 di questo tempo, sia in ambito sociale sia ecclesiale, perch\u00e9 diventino reale opportunit\u00e0 di partecipazione.<\/p>\n<p><strong>A pagina 3 \u201cRagazzi e giovani a confronto con la parrocchia\u201d,<\/strong> un approfondimento sulla lettera pastorale di Mons. Cornacchia a partire dalle esperienze giovanili vissute nelle parrocchie della nostra diocesi.<\/p>\n<p><strong>Pagina 4<\/strong> \u00e8 dedicata al tema delle <strong>vocazioni<\/strong>. Negli ultimi 50 anni le vocazioni sacerdotali sono diminuite del 60%, \u00e8 quanto emerge da uno studio dell\u2019Ufficio nazionale per le vocazioni. Il giornale propone un focus a cura di Riccardo Benotti e i numeri della nostra Diocesi.<\/p>\n<p><strong>A pagina 5<\/strong> don Giovanni de Nicolo si sofferma sulla figura di <strong>Don Pietro Pappagallo<\/strong>, giusto tra le nazioni. \u201cIl suo sacrificio sia una luce nuova all\u2019orizzonte dell\u2019umanit\u00e0\u201d. Conferito il riconoscimento al sacerdote terlizzese ucciso alle Fosse Ardeatine.<\/p>\n<p><strong>La pagina di Attualit\u00e0<\/strong> \u00e8 dedicata questa settimana al tema del <strong>cyberbullismo<\/strong>. Giuseppe Gragnaniello riporta una sintesi dell\u2019incontro svolto lo scorso 5 novembre presso la parrocchia S. Maria della Stella di Terlizzi. Relatore della serata il prof. Antonio Maria La Scala, avvocato penalista e presidente di Gens Nova Onlus, associazione a tutela di soggetti svantaggiati.<\/p>\n<p><strong>Infine a pagina 7<\/strong> il giornale propone la recensione del libro <strong>\u201cMano mozza. Genesi e sviluppo di una mafia pugliese\u201d,<\/strong> volume a cura di Emma Barbaro e Valentina Maria Drago, figlia dell\u2019ex procuratore aggiunto della DDA di Bari, convenuto nella serata di presentazione promossa lo scorso 12 ottobre dal presidio libera di Molfetta \u201cGianni Carnicella\u201d.<\/p>\n<p>Spiritualit\u00e0 e notizie in ultima pagina.<\/p>\n<p>Auguriamo a tutti voi una buona lettura!<\/p>\n<p>&nbsp;<\/p>\n","protected":false},"excerpt":{"rendered":"<p>Laici e Sinodo, tabella di marcia del cammino sinodale, ragazzi e parrocchia, calo delle vocazioni sacerdotali, don Pietro Pappagallo Giusto fra le Nazioni, cyberbullismo, legalit\u00e0&#8230; tanti i temi e gli approfondimento nelle otto pagine di Luce e Vita<\/p>\n","protected":false},"author":3,"featured_media":12310,"comment_status":"closed","ping_status":"closed","sticky":false,"template":"","format":"standard","meta":{"footnotes":""},"categories":[13,380,4,11],"tags":[140,25],"class_list":["post-12309","post","type-post","status-publish","format-standard","has-post-thumbnail","hentry","category-editoriali","category-esperienze-pastorali","category-news","category-ufficio-per-le-comunicazioni-sociali","tag-editoriale","tag-luce-e-vita"],"acf":[],"_links":{"self":[{"href":"https:\/\/www.diocesimolfetta.it\/luceevita\/wp-json\/wp\/v2\/posts\/12309","targetHints":{"allow":["GET"]}}],"collection":[{"href":"https:\/\/www.diocesimolfetta.it\/luceevita\/wp-json\/wp\/v2\/posts"}],"about":[{"href":"https:\/\/www.diocesimolfetta.it\/luceevita\/wp-json\/wp\/v2\/types\/post"}],"author":[{"embeddable":true,"href":"https:\/\/www.diocesimolfetta.it\/luceevita\/wp-json\/wp\/v2\/users\/3"}],"replies":[{"embeddable":true,"href":"https:\/\/www.diocesimolfetta.it\/luceevita\/wp-json\/wp\/v2\/comments?post=12309"}],"version-history":[{"count":2,"href":"https:\/\/www.diocesimolfetta.it\/luceevita\/wp-json\/wp\/v2\/posts\/12309\/revisions"}],"predecessor-version":[{"id":12312,"href":"https:\/\/www.diocesimolfetta.it\/luceevita\/wp-json\/wp\/v2\/posts\/12309\/revisions\/12312"}],"wp:featuredmedia":[{"embeddable":true,"href":"https:\/\/www.diocesimolfetta.it\/luceevita\/wp-json\/wp\/v2\/media\/12310"}],"wp:attachment":[{"href":"https:\/\/www.diocesimolfetta.it\/luceevita\/wp-json\/wp\/v2\/media?parent=12309"}],"wp:term":[{"taxonomy":"category","embeddable":true,"href":"https:\/\/www.diocesimolfetta.it\/luceevita\/wp-json\/wp\/v2\/categories?post=12309"},{"taxonomy":"post_tag","embeddable":true,"href":"https:\/\/www.diocesimolfetta.it\/luceevita\/wp-json\/wp\/v2\/tags?post=12309"}],"curies":[{"name":"wp","href":"https:\/\/api.w.org\/{rel}","templated":true}]}}