{"id":12338,"date":"2021-11-24T16:26:09","date_gmt":"2021-11-24T15:26:09","guid":{"rendered":"http:\/\/www.diocesimolfetta.it\/luceevita\/?p=12338"},"modified":"2021-11-24T16:26:09","modified_gmt":"2021-11-24T15:26:09","slug":"incontro-testimonianza-con-mariangela-calcagno","status":"publish","type":"post","link":"https:\/\/www.diocesimolfetta.it\/luceevita\/incontro-testimonianza-con-mariangela-calcagno\/","title":{"rendered":"Incontro-testimonianza con Mariangela Calcagno"},"content":{"rendered":"<p><a href=\"https:\/\/www.diocesimolfetta.it\/luceevita\/wp-content\/uploads\/sites\/2\/2021\/11\/mariangela-locandina.jpg\"><img loading=\"lazy\" decoding=\"async\" class=\"alignleft size-medium wp-image-12339\" src=\"https:\/\/www.diocesimolfetta.it\/luceevita\/wp-content\/uploads\/sites\/2\/2021\/11\/mariangela-locandina-212x300.jpg\" alt=\"mariangela locandina\" width=\"212\" height=\"300\" srcset=\"https:\/\/www.diocesimolfetta.it\/luceevita\/wp-content\/uploads\/sites\/2\/2021\/11\/mariangela-locandina-212x300.jpg 212w, https:\/\/www.diocesimolfetta.it\/luceevita\/wp-content\/uploads\/sites\/2\/2021\/11\/mariangela-locandina-198x280.jpg 198w, https:\/\/www.diocesimolfetta.it\/luceevita\/wp-content\/uploads\/sites\/2\/2021\/11\/mariangela-locandina-544x768.jpg 544w, https:\/\/www.diocesimolfetta.it\/luceevita\/wp-content\/uploads\/sites\/2\/2021\/11\/mariangela-locandina.jpg 725w\" sizes=\"auto, (max-width: 212px) 100vw, 212px\" \/><\/a>Angela? No, Mariangela!<\/p>\n<p>Quella di Angela \u00e8 una vita che sembra destinata a percorrere strade solo buie e dolorose. Abbandonata dalla madre, viene allevata in un orfanotrofio dove non riceve n\u00e9 amore n\u00e9 attenzione ma tante sofferenze. Pur se adottata, scappa di casa: la rabbia crescente in lei le impedisce qualsiasi tipo di regimentazione.<\/p>\n<p>Adolescente ribelle, ama la cucina e riesce ad acquisire un titolo di studio. Gira il mondo, si sente libera, felice soprattutto quando incontra l\u2019amore della sua vita. Ma ci\u00f2 che la strada ha in serbo per lei non \u00e8 che un altro dolore: Luca muore e per lei la vita non ha pi\u00f9 alcun senso. Cos\u00ec, sperimenta\u00a0 un buio ancora pi\u00f9 cupo. E proprio quando sta per forgiarsi per Angela l\u2019appellativo pi\u00f9 tremendo di \u201comicida\u201d, mentre sta brandendo l\u2019arma, irrompe su di lei la potenza della Divina Misericordia.<\/p>\n<p>Di l\u00ec a poco, Angela sar\u00e0 ribattezzata Mariangela! Adesso la strada \u00e8 solo piena di luce e amore!<\/p>\n<p>Elisa Tedeschi<\/p>\n","protected":false},"excerpt":{"rendered":"<p>Una storia di dolore e di rinascita nella fede. Angela \u00e8 la testimonianza vivente che il male esiste ed entra nelle nostre vite con violenza ma la grazia di Dio \u00e8 pi\u00f9 grande di qualsiasi setta.<\/p>\n","protected":false},"author":3,"featured_media":12339,"comment_status":"closed","ping_status":"closed","sticky":false,"template":"","format":"standard","meta":{"footnotes":""},"categories":[459,34,4,388,100],"tags":[],"class_list":["post-12338","post","type-post","status-publish","format-standard","has-post-thumbnail","hentry","category-attualita","category-citta","category-news","category-parrocchia","category-terlizzi"],"acf":[],"_links":{"self":[{"href":"https:\/\/www.diocesimolfetta.it\/luceevita\/wp-json\/wp\/v2\/posts\/12338","targetHints":{"allow":["GET"]}}],"collection":[{"href":"https:\/\/www.diocesimolfetta.it\/luceevita\/wp-json\/wp\/v2\/posts"}],"about":[{"href":"https:\/\/www.diocesimolfetta.it\/luceevita\/wp-json\/wp\/v2\/types\/post"}],"author":[{"embeddable":true,"href":"https:\/\/www.diocesimolfetta.it\/luceevita\/wp-json\/wp\/v2\/users\/3"}],"replies":[{"embeddable":true,"href":"https:\/\/www.diocesimolfetta.it\/luceevita\/wp-json\/wp\/v2\/comments?post=12338"}],"version-history":[{"count":1,"href":"https:\/\/www.diocesimolfetta.it\/luceevita\/wp-json\/wp\/v2\/posts\/12338\/revisions"}],"predecessor-version":[{"id":12340,"href":"https:\/\/www.diocesimolfetta.it\/luceevita\/wp-json\/wp\/v2\/posts\/12338\/revisions\/12340"}],"wp:featuredmedia":[{"embeddable":true,"href":"https:\/\/www.diocesimolfetta.it\/luceevita\/wp-json\/wp\/v2\/media\/12339"}],"wp:attachment":[{"href":"https:\/\/www.diocesimolfetta.it\/luceevita\/wp-json\/wp\/v2\/media?parent=12338"}],"wp:term":[{"taxonomy":"category","embeddable":true,"href":"https:\/\/www.diocesimolfetta.it\/luceevita\/wp-json\/wp\/v2\/categories?post=12338"},{"taxonomy":"post_tag","embeddable":true,"href":"https:\/\/www.diocesimolfetta.it\/luceevita\/wp-json\/wp\/v2\/tags?post=12338"}],"curies":[{"name":"wp","href":"https:\/\/api.w.org\/{rel}","templated":true}]}}