{"id":12612,"date":"2021-12-21T21:13:57","date_gmt":"2021-12-21T20:13:57","guid":{"rendered":"https:\/\/www.diocesimolfetta.it\/luceevita\/?p=12612"},"modified":"2021-12-21T21:15:41","modified_gmt":"2021-12-21T20:15:41","slug":"se-cosi-vivono-uomini-lavoratori-stranieri-sgomberati-a-terlizzi-serve-accoglienza","status":"publish","type":"post","link":"https:\/\/www.diocesimolfetta.it\/luceevita\/se-cosi-vivono-uomini-lavoratori-stranieri-sgomberati-a-terlizzi-serve-accoglienza\/","title":{"rendered":"Se cos\u00ec vivono uomini&#8230; Lavoratori stranieri sgomberati a Terlizzi. Serve accoglienza"},"content":{"rendered":"<p><a href=\"https:\/\/www.diocesimolfetta.it\/luceevita\/wp-content\/uploads\/sites\/2\/2021\/12\/campo_migranti.jpg\"><img loading=\"lazy\" decoding=\"async\" class=\"alignleft size-medium wp-image-12613\" src=\"https:\/\/www.diocesimolfetta.it\/luceevita\/wp-content\/uploads\/sites\/2\/2021\/12\/campo_migranti-300x225.jpg\" alt=\"\" width=\"300\" height=\"225\" srcset=\"https:\/\/www.diocesimolfetta.it\/luceevita\/wp-content\/uploads\/sites\/2\/2021\/12\/campo_migranti-300x225.jpg 300w, https:\/\/www.diocesimolfetta.it\/luceevita\/wp-content\/uploads\/sites\/2\/2021\/12\/campo_migranti-1024x768.jpg 1024w, https:\/\/www.diocesimolfetta.it\/luceevita\/wp-content\/uploads\/sites\/2\/2021\/12\/campo_migranti-768x576.jpg 768w, https:\/\/www.diocesimolfetta.it\/luceevita\/wp-content\/uploads\/sites\/2\/2021\/12\/campo_migranti-1536x1152.jpg 1536w, https:\/\/www.diocesimolfetta.it\/luceevita\/wp-content\/uploads\/sites\/2\/2021\/12\/campo_migranti-800x600.jpg 800w, https:\/\/www.diocesimolfetta.it\/luceevita\/wp-content\/uploads\/sites\/2\/2021\/12\/campo_migranti-1200x900.jpg 1200w, https:\/\/www.diocesimolfetta.it\/luceevita\/wp-content\/uploads\/sites\/2\/2021\/12\/campo_migranti-1320x990.jpg 1320w, https:\/\/www.diocesimolfetta.it\/luceevita\/wp-content\/uploads\/sites\/2\/2021\/12\/campo_migranti.jpg 1600w\" sizes=\"auto, (max-width: 300px) 100vw, 300px\" \/><\/a>\u201cSiamo pochi e stanchi\u201d. Il laconico appello di <strong>Edgardo Bisceglia<\/strong>, vicedirettore Caritas diocesana, mentre si sta gestendo un\u2019accoglienza di 10 lavoratori nella canonica della parrocchia Santa Maria di Sovereto di Terlizzi. Ma andiamo per ordine.<br \/>\nIl reportage fotografico in prima pagina racconta molto bene, senza parole, lo stato in cui vivono gli immigrati africani che stagionalmente, da moltissimi anni, approdano nelle nostre campagne per la raccolta delle olive. \u201cParliamo di circa duecento persone &#8211; dice Edgardo &#8211; per cui abbiamo chiesto sin da settembre alla Regione e ai comuni della diocesi, oltre che al comune di Corato quale capofila d\u2019ambito, un tavolo di concertazione\u201d. Ma non c\u2019\u00e8 stata risposta alcuna; solo da Ruvo hanno risposto di essere impossibilitati per via delle elezioni amministrative in corso. Si intuisce che alcuni degli spazi sono occupati abusivamente o forse dietro pagamento ai proprietari dei terreni. Certo \u00e8 che la nostra bella coscienza non pu\u00f2 sopportare che nelle periferie delle nostre \u201cbelle\u201d citt\u00e0, si perpetui questo scenario desolante. Meno male che almeno i pasti sono garantiti da Casa Betania e che la Caritas aveva fornito coperte e sacchi a pelo. Gli stessi che per\u00f2 sono stati abbandonati nella recente retata che ha portato allo sgombero immediato degli spazi occupati da circa 50 lavoratori senza nemmeno poterli prendere con s\u00e8. \u201cOltre al problema abitativo &#8211; prosegue Edgardo &#8211; stiamo rilevando ed affrontando il problema della irregolarit\u00e0 del lavoro nei campi che riguarda lavoratori del comparto agricolo anche nei paesi limitrofi\u201d. La cronaca di questi giorni a Borgo Mezzanone la dice lunga su quanto il fenomeno sia diffuso e coinvolga anche i nostri territori.<br \/>\nLa Carita diocesana ha avviato progetto Presidio 4.0 volto ad accogliere e tutelare giovani migranti a rischio sfruttamento lavorativo. L\u2019accoglienza ha l\u2019intento di restituire dignit\u00e0 a coloro i quali non dispongono di sufficienti risorse per affermare i propri diritti. E questa situazione ne \u00e8 l\u2019evidenza.<br \/>\nIn seguito alle sollecitazioni di <strong>don Cesare Pisani<\/strong>, direttore Caritas, e di Edgardo, nonch\u00e8 di altre organizzazioni territoriali, la Regione ha finalmente risposto. In un comunicato del 7 dicembre leggiamo: \u201cLa predisposizione di moduli abitativi mobili per una risposta nell\u2019immediato e l\u2019apertura di un tavolo di confronto con l\u2019amministrazione comunale per organizzare in maniera strutturata e costante l\u2019accoglienza dei lavoratori stranieri impegnati nella campagna olivicola. \u00c8 un primo risultato ottenuto dal confronto in Regione Puglia avuto dal Dipartimento Immigrazione Cgil Puglia, Camera del Lavoro di Bari, Caritas della Diocesi di Molfetta &#8211; Ruvo &#8211; Giovinazzo &#8211; Terlizzi con il Segretario generale alla Presidenza, <strong>Roberto Venneri<\/strong>, e il dirigente della sezione sicurezza cittadino, politiche per le migrazione e antimafia sociale, <strong>Antonio Tommasi<\/strong>. La vicenda riguarda gli oltre cinquanta stagionali sgomberati dai rifugi di fortuna nell\u2019area di Terlizzi, solo a conclusione della campagna di raccolta, come denunciato da un cartello di sigle sindacali, associative e organizzazioni del terzo settore &#8211; Cgil Bari, Camera del Lavoro di Terlizzi, FLAI Cgil Bari, Comunit\u00e0 Oasi2, l\u2019Anpi di Terlizzi, il Collettivo Zeb\u00f9, l\u2019Arci, e il Comitato \u201cIo Accolgo\u201d Puglia e Bari-, lasciati per strada da un giorno all\u2019altro e senza poter recuperare gli effetti personali. E solo una parte ha trovato rifugio presso la Caritas cittadina impegnata nella tutela ed accoglienza di giovani migranti a rischio di sfruttamento lavorativo attraverso il progetto Presidio 4.0.<br \/>\nDa qui l\u2019incontro in Regione per chiedere un intervento risolutore d\u2019urgenza attraverso le unit\u00e0 abitative mobili, ma anche il richiamo all\u2019Amministrazione comunale, che da tempo \u2013 ricordano le sigle associative e sindacali \u2013 \u00e8 sollecitata a predisporre un piano di accoglienza per una migliore gestione dei flussi, ormai stabilizzati e ricorrenti durante la campagna di raccolta olivicola.<br \/>\nPer Cgil Puglia, Cgil Bari e Caritas Diocesana una programmazione necessaria per fornire degna ospitalit\u00e0 a questi lavoratori, ma anche per sottrarli al mercato illegale dell\u2019intermediazione di manodopera e per un\u2019adeguata tutela dal punto di vista contrattuale e della sicurezza.<br \/>\nCgil Puglia, Cgil Bari e Caritas Diocesana, assieme alle sigle associative terlizzesi e alle organizzazioni del terzo settore, continueranno a monitorare l\u2019emergenza fino alla sua risoluzione dal punto di vista della garanzia di ospitalit\u00e0 per tutti i lavoratori sgomberati, cos\u00ec come sar\u00e0 sollecitato il tavolo di confronto con il Comune di Terlizzi per non farsi trovare impreparati per la prossima stagione olivicola\u201d.<br \/>\n<a href=\"https:\/\/www.diocesimolfetta.it\/luceevita\/wp-content\/uploads\/sites\/2\/2021\/12\/My-Post-1.jpg\"><img loading=\"lazy\" decoding=\"async\" class=\"alignleft size-medium wp-image-12614\" src=\"https:\/\/www.diocesimolfetta.it\/luceevita\/wp-content\/uploads\/sites\/2\/2021\/12\/My-Post-1-300x200.jpg\" alt=\"\" width=\"300\" height=\"200\" srcset=\"https:\/\/www.diocesimolfetta.it\/luceevita\/wp-content\/uploads\/sites\/2\/2021\/12\/My-Post-1-300x200.jpg 300w, https:\/\/www.diocesimolfetta.it\/luceevita\/wp-content\/uploads\/sites\/2\/2021\/12\/My-Post-1-1024x682.jpg 1024w, https:\/\/www.diocesimolfetta.it\/luceevita\/wp-content\/uploads\/sites\/2\/2021\/12\/My-Post-1-768x512.jpg 768w, https:\/\/www.diocesimolfetta.it\/luceevita\/wp-content\/uploads\/sites\/2\/2021\/12\/My-Post-1-1536x1024.jpg 1536w, https:\/\/www.diocesimolfetta.it\/luceevita\/wp-content\/uploads\/sites\/2\/2021\/12\/My-Post-1-800x533.jpg 800w, https:\/\/www.diocesimolfetta.it\/luceevita\/wp-content\/uploads\/sites\/2\/2021\/12\/My-Post-1-1200x800.jpg 1200w, https:\/\/www.diocesimolfetta.it\/luceevita\/wp-content\/uploads\/sites\/2\/2021\/12\/My-Post-1-1320x880.jpg 1320w, https:\/\/www.diocesimolfetta.it\/luceevita\/wp-content\/uploads\/sites\/2\/2021\/12\/My-Post-1.jpg 1772w\" sizes=\"auto, (max-width: 300px) 100vw, 300px\" \/><\/a>In attesa delle unit\u00e0 abitative la parrocchia S. Maria di Sovereto si \u00e8 attivata e mostrata abbastanza sensibile nell\u2019accogliere la richiesta della Caritas &#8211; riferisce <strong>don Michele Amorosini<\/strong>, parroco: \u201cIl gruppo Caritas parrocchiale in collaborazione con il gruppo famiglia svolge ordinariamente servizio nel distribuire generi alimentari di prima necessit\u00e0 e indumenti sia per le famiglie indigenti della parrocchia che per i numerosi migranti presenti nel territorio\u201d. Ma servono volontari, almeno fino a marzo e soprattutto nel periodo festivo e magari anche altre canoniche. Un appello forte alle nostre comunit\u00e0 e associazioni. Contattare presidiomolfetta@gmail.com. Perch\u00e8 sia Natale!<\/p>\n<p><strong>Luigi Sparapano\u00a0<\/strong><br \/>\n\u00a9 Luce e Vita<\/p>\n","protected":false},"excerpt":{"rendered":"<p>L\u2019annosa situazione degli immigrati stagionali. \u201cSiamo pochi e stanchi\u201d. Servono volontari per l\u2019accoglienza e magari altre canoniche disponibili<\/p>\n","protected":false},"author":3,"featured_media":12613,"comment_status":"closed","ping_status":"closed","sticky":false,"template":"","format":"standard","meta":{"footnotes":""},"categories":[459,14,13,1143,4,100],"tags":[540,105,1907,44],"class_list":["post-12612","post","type-post","status-publish","format-standard","has-post-thumbnail","hentry","category-attualita","category-caritas-diocesana","category-editoriali","category-migranti","category-news","category-terlizzi","tag-caritas","tag-migranti","tag-stagionali","tag-terlizzi"],"acf":[],"_links":{"self":[{"href":"https:\/\/www.diocesimolfetta.it\/luceevita\/wp-json\/wp\/v2\/posts\/12612","targetHints":{"allow":["GET"]}}],"collection":[{"href":"https:\/\/www.diocesimolfetta.it\/luceevita\/wp-json\/wp\/v2\/posts"}],"about":[{"href":"https:\/\/www.diocesimolfetta.it\/luceevita\/wp-json\/wp\/v2\/types\/post"}],"author":[{"embeddable":true,"href":"https:\/\/www.diocesimolfetta.it\/luceevita\/wp-json\/wp\/v2\/users\/3"}],"replies":[{"embeddable":true,"href":"https:\/\/www.diocesimolfetta.it\/luceevita\/wp-json\/wp\/v2\/comments?post=12612"}],"version-history":[{"count":2,"href":"https:\/\/www.diocesimolfetta.it\/luceevita\/wp-json\/wp\/v2\/posts\/12612\/revisions"}],"predecessor-version":[{"id":12616,"href":"https:\/\/www.diocesimolfetta.it\/luceevita\/wp-json\/wp\/v2\/posts\/12612\/revisions\/12616"}],"wp:featuredmedia":[{"embeddable":true,"href":"https:\/\/www.diocesimolfetta.it\/luceevita\/wp-json\/wp\/v2\/media\/12613"}],"wp:attachment":[{"href":"https:\/\/www.diocesimolfetta.it\/luceevita\/wp-json\/wp\/v2\/media?parent=12612"}],"wp:term":[{"taxonomy":"category","embeddable":true,"href":"https:\/\/www.diocesimolfetta.it\/luceevita\/wp-json\/wp\/v2\/categories?post=12612"},{"taxonomy":"post_tag","embeddable":true,"href":"https:\/\/www.diocesimolfetta.it\/luceevita\/wp-json\/wp\/v2\/tags?post=12612"}],"curies":[{"name":"wp","href":"https:\/\/api.w.org\/{rel}","templated":true}]}}