{"id":13733,"date":"2022-03-25T19:02:24","date_gmt":"2022-03-25T18:02:24","guid":{"rendered":"https:\/\/www.diocesimolfetta.it\/luceevita\/?p=13733"},"modified":"2022-03-25T19:02:24","modified_gmt":"2022-03-25T18:02:24","slug":"cessare-questa-guerra-ripugnante","status":"publish","type":"post","link":"https:\/\/www.diocesimolfetta.it\/luceevita\/cessare-questa-guerra-ripugnante\/","title":{"rendered":"Cessare questa guerra ripugnante"},"content":{"rendered":"<p><strong><a href=\"https:\/\/www.diocesimolfetta.it\/luceevita\/wp-content\/uploads\/sites\/2\/2022\/03\/lev-13-2022-scaled.jpg\"><img loading=\"lazy\" decoding=\"async\" class=\"alignright size-medium wp-image-13734\" src=\"https:\/\/www.diocesimolfetta.it\/luceevita\/wp-content\/uploads\/sites\/2\/2022\/03\/lev-13-2022-206x300.jpg\" alt=\"\" width=\"206\" height=\"300\" srcset=\"https:\/\/www.diocesimolfetta.it\/luceevita\/wp-content\/uploads\/sites\/2\/2022\/03\/lev-13-2022-206x300.jpg 206w, https:\/\/www.diocesimolfetta.it\/luceevita\/wp-content\/uploads\/sites\/2\/2022\/03\/lev-13-2022-702x1024.jpg 702w, https:\/\/www.diocesimolfetta.it\/luceevita\/wp-content\/uploads\/sites\/2\/2022\/03\/lev-13-2022-768x1121.jpg 768w, https:\/\/www.diocesimolfetta.it\/luceevita\/wp-content\/uploads\/sites\/2\/2022\/03\/lev-13-2022-1053x1536.jpg 1053w, https:\/\/www.diocesimolfetta.it\/luceevita\/wp-content\/uploads\/sites\/2\/2022\/03\/lev-13-2022-1404x2048.jpg 1404w, https:\/\/www.diocesimolfetta.it\/luceevita\/wp-content\/uploads\/sites\/2\/2022\/03\/lev-13-2022-800x1167.jpg 800w, https:\/\/www.diocesimolfetta.it\/luceevita\/wp-content\/uploads\/sites\/2\/2022\/03\/lev-13-2022-1200x1751.jpg 1200w, https:\/\/www.diocesimolfetta.it\/luceevita\/wp-content\/uploads\/sites\/2\/2022\/03\/lev-13-2022-1320x1926.jpg 1320w, https:\/\/www.diocesimolfetta.it\/luceevita\/wp-content\/uploads\/sites\/2\/2022\/03\/lev-13-2022-scaled.jpg 1755w\" sizes=\"auto, (max-width: 206px) 100vw, 206px\" \/><\/a>Passiamo in rassegna le notizie e gli approfondimenti presenti sul settimanale diocesano Luce e Vita, n.13 di domenica 27 marzo 2022.<\/strong><\/p>\n<p>&nbsp;<\/p>\n<p>Non manca in questo numero l\u2019attenzione al conflitto in Ucraina.<\/p>\n<p>In prima pagina l\u2019editoriale di <strong>Don Renato Sacco<\/strong>, Consigliere nazionale Pax Christi, che lo scorso 18 marzo \u00e8 stato a Molfetta per la marcia per la pace<\/p>\n<p>Il racconto dell\u2019evento \u00e8 riportato a pagina tre a cura di Susanna Maria de Candia.<\/p>\n<p><strong>Luce e Vita Ragazzi<\/strong> dedica una Lettera al giornalista, fotoreporter, regista e documentarista statunitense, Brent Renaud, ucciso in Ucraina, ad Irpin, il 13 marzo scorso.<\/p>\n<p>Il paginone \u00e8 dedicato a <strong>Luce e Vita Giovani <\/strong>con storie, racconti e dialoghi con i nostri lettori pi\u00f9 giovani. Tra i diversi articoli, quello relativo all\u2019incontro dei giovani e dei vescovi pugliesi nell\u2019ambito del cammino sinodale.<\/p>\n<p>Infine la rubrica<strong> #unafededagustare <\/strong>la rubrica che ci accompagna alla Pasqua sui cibi della nostra tradizione tra simbolismi e spiritualit\u00e0<\/p>\n<p>Concludiamo con <strong>l\u2019appello della Caritas Diocesana<\/strong>, relativo all\u2019emergenza Ucraina, per esprimere concretamente la solidariet\u00e0 alle popolazioni colpite dalla guerra. In questi giorni sono arrivati in Diocesi altri 20 profughi, tramite il ponte aereo della caritas italiana con la Polonia, accolti nelle famiglie che hanno dato disponibilit\u00e0. Sul sito diocesano aggiorniamo costantemente le informazioni. In attesa di indicazioni pi\u00f9 precise, \u00e8 partita una raccolta fondi che sar\u00e0 gestita da Caritas Ucraina. All\u2019interno del giornale gli estremi per offerte.<\/p>\n<p>&nbsp;<\/p>\n<p>Auguriamo a tutti voi una buona lettura!<\/p>\n<p>&nbsp;<\/p>\n<p><iframe loading=\"lazy\" title=\"Notiziario Luce e Vita del 24 marzo 2022\" width=\"800\" height=\"450\" src=\"https:\/\/www.youtube.com\/embed\/7q_gxGxkwuE?feature=oembed\" frameborder=\"0\" allow=\"accelerometer; autoplay; clipboard-write; encrypted-media; gyroscope; picture-in-picture\" allowfullscreen><\/iframe><\/p>\n","protected":false},"excerpt":{"rendered":"<p>Rassegna e notiziario settimanale di Luce e Vita numero 13 del 27 marzo 2022 <\/p>\n","protected":false},"author":3,"featured_media":13734,"comment_status":"closed","ping_status":"closed","sticky":false,"template":"","format":"standard","meta":{"footnotes":""},"categories":[459,13,4],"tags":[140,104,25,541,1950],"class_list":["post-13733","post","type-post","status-publish","format-standard","has-post-thumbnail","hentry","category-attualita","category-editoriali","category-news","tag-editoriale","tag-editoriali","tag-luce-e-vita","tag-settimanale","tag-ucraina"],"acf":[],"_links":{"self":[{"href":"https:\/\/www.diocesimolfetta.it\/luceevita\/wp-json\/wp\/v2\/posts\/13733","targetHints":{"allow":["GET"]}}],"collection":[{"href":"https:\/\/www.diocesimolfetta.it\/luceevita\/wp-json\/wp\/v2\/posts"}],"about":[{"href":"https:\/\/www.diocesimolfetta.it\/luceevita\/wp-json\/wp\/v2\/types\/post"}],"author":[{"embeddable":true,"href":"https:\/\/www.diocesimolfetta.it\/luceevita\/wp-json\/wp\/v2\/users\/3"}],"replies":[{"embeddable":true,"href":"https:\/\/www.diocesimolfetta.it\/luceevita\/wp-json\/wp\/v2\/comments?post=13733"}],"version-history":[{"count":1,"href":"https:\/\/www.diocesimolfetta.it\/luceevita\/wp-json\/wp\/v2\/posts\/13733\/revisions"}],"predecessor-version":[{"id":13735,"href":"https:\/\/www.diocesimolfetta.it\/luceevita\/wp-json\/wp\/v2\/posts\/13733\/revisions\/13735"}],"wp:featuredmedia":[{"embeddable":true,"href":"https:\/\/www.diocesimolfetta.it\/luceevita\/wp-json\/wp\/v2\/media\/13734"}],"wp:attachment":[{"href":"https:\/\/www.diocesimolfetta.it\/luceevita\/wp-json\/wp\/v2\/media?parent=13733"}],"wp:term":[{"taxonomy":"category","embeddable":true,"href":"https:\/\/www.diocesimolfetta.it\/luceevita\/wp-json\/wp\/v2\/categories?post=13733"},{"taxonomy":"post_tag","embeddable":true,"href":"https:\/\/www.diocesimolfetta.it\/luceevita\/wp-json\/wp\/v2\/tags?post=13733"}],"curies":[{"name":"wp","href":"https:\/\/api.w.org\/{rel}","templated":true}]}}