{"id":13856,"date":"2022-04-07T16:52:44","date_gmt":"2022-04-07T14:52:44","guid":{"rendered":"https:\/\/www.diocesimolfetta.it\/luceevita\/?p=13856"},"modified":"2022-04-07T16:52:44","modified_gmt":"2022-04-07T14:52:44","slug":"ripartono-le-processioni-parabola-del-cammino-di-fede","status":"publish","type":"post","link":"https:\/\/www.diocesimolfetta.it\/luceevita\/ripartono-le-processioni-parabola-del-cammino-di-fede\/","title":{"rendered":"Ripartono le processioni: parabola del cammino di fede"},"content":{"rendered":"<p><a href=\"https:\/\/www.diocesimolfetta.it\/luceevita\/wp-content\/uploads\/sites\/2\/2022\/04\/processione.jpg\"><img loading=\"lazy\" decoding=\"async\" class=\"alignright size-full wp-image-13857\" src=\"https:\/\/www.diocesimolfetta.it\/luceevita\/wp-content\/uploads\/sites\/2\/2022\/04\/processione.jpg\" alt=\"processione\" width=\"660\" height=\"389\" srcset=\"https:\/\/www.diocesimolfetta.it\/luceevita\/wp-content\/uploads\/sites\/2\/2022\/04\/processione.jpg 660w, https:\/\/www.diocesimolfetta.it\/luceevita\/wp-content\/uploads\/sites\/2\/2022\/04\/processione-300x177.jpg 300w\" sizes=\"auto, (max-width: 660px) 100vw, 660px\" \/><\/a>La liturgia ci insegna che dalla Pasqua scaturisce la vita della Chiesa nelle sue molteplici forme. Quest\u2019anno dopo la lunga parentesi della pandemia, proprio dalla Pasqua vogliamo riprendere i cammini processionali della Settimana santa e le feste popolari che da sempre costituiscono, in particolare per il nostro sud, un bagaglio di intensa spiritualit\u00e0. In verit\u00e0 dobbiamo riconoscere nei gesti semplici e nelle \u201ctradizioni\u201d la liturgia di un popolo che da sempre si rivolge al Signore, alla Vergine Maria e ai Santi, una fede che va rispettata, tutelata ed evangelizzata. Mi piace pensare alle nostre processioni come ad un\u2019azione missionaria accompagnata dalla gioia di essere familiari di Dio, la stessa gioia che muoveva il cuore di quanti accoglievano Ges\u00f9 nei loro villaggi.<\/p>\n<p>Andando al di l\u00e0 della fede e della religione, tenendo intatta la differenza fra credenza e religiosit\u00e0, ancora in questi nostri tempi cos\u00ec complessi le nostre processioni suscitano forti adesioni di massa. \u00c8 una delle poche pratiche rimaste intatte nella storia dei comportamenti sociali di un popolo: il cammino, a volte lento altre volte spedito, la preghiera, ma anche il sacrificio di dedicare il proprio tempo, assumono un forte significato nella vita. Sono consapevole che queste manifestazioni pubbliche che hanno una forte connotazione spirituale e culturale, vissute per le strade delle nostre citt\u00e0, accolgono un gran numero di fedeli, ma credo che siano reali i pericoli di trasformarle in semplici passeggiate, in riti sterili in cui potrebbe emerge il protagonismo di alcuni. Pertanto, prima di ripartire, ridiamo valore alle nostre processioni recuperandone il loro vero significato.<\/p>\n<p>Processione \u00e8 manifestazione di fede nel Dio Trinit\u00e0 attraverso un itinerario di lode in cui il popolo di Dio cammina, ascolta e prega insieme. Oserei dire che essa \u00e8 espressione della sinodalit\u00e0 della Chiesa. La processione \u00e8 un grande segno di adesione alla vita che mentre sperimenta la sua bellezza e il suo dinamismo ne celebra il suo stesso limite. \u00c8 segno della condizione della Chiesa, popolo di Dio in continuo esodo che, attraversando le strade della citt\u00e0 degli uomini, profumando ogni situazione di vita con il crisma del battesimo, cammina verso la Gerusalemme del cielo. La processione \u00e8 immagine di una Chiesa in uscita, chiamata ad andare l\u00ec dove abitano quanti sono distratti dalla frenesia della routine quotidiana, segnati dal dolore del mondo, anestetizzati dalla cultura dell\u2019indifferenza. La processione \u00e8 uscire dal proprio \u201cio\u201d per sentirsi parte di un \u201cnoi\u201d che ci rende Chiesa che procede, avanza e cresce guidata dal Vangelo e dal Pane del cammino. \u00c8 importante, e oggi quanto mai urgente, essere comunit\u00e0 e non massa informe di membri emotivamente uniti solo in alcuni momenti di aggregazione. Scrivendo con franchezza, spesso con i nostri atteggiamenti trasformiamo le nostre processioni in vere e proprie \u201crecessioni\u201d. In economia la recessione ha conseguenze devastanti: disoccupazione, diminuzione del tasso di interesse, rallentamento del tasso di inflazione causato dalla diminuzione della domanda di beni e servizi. Il nostro cammino cristiano non deve conoscere \u201crecessioni spirituali\u201d, al contrario ci \u00e8 chiesto di fare il possibile perch\u00e9 la piet\u00e0 popolare diventi sempre pi\u00f9 luogo abitato da Dio. A tale proposito mi piace richiamare quanto Papa Francesco scrive nella Evangelii gaudium: <em>\u201cQuando in un popolo si \u00e8 inculturato il Vangelo, nel suo processo di trasmissione culturale trasmette anche la fede in modi sempre nuovi; da qui l\u2019importanza dell\u2019evangelizzazione intesa come inculturazione. Ciascuna porzione del Popolo di Dio, traducendo nella propria vita il dono di Dio secondo il proprio genio, offre testimonianza alla fede ricevuta e la arricchisce con nuove espressioni che sono eloquenti. Si pu\u00f2 dire che \u00abil popolo evangelizza continuamente s\u00e9 stesso\u00bb. Qui riveste importanza la piet\u00e0 popolare, autentica espressione dell\u2019azione missionaria spontanea del Popolo di Dio. Si tratta di una realt\u00e0 in permanente sviluppo, dove lo Spirito Santo \u00e8 il protagonista. (122)<\/em><\/p>\n<p>\u00c8 giunto il tempo di vivere queste manifestazioni di fede, prezioso tesoro della Chiesa Cattolica in cui appare l\u2019anima di un popolo, con sobriet\u00e0 e coerenza di vita. Scrivono i nostri vescovi di Puglia: <em>\u201cLa festa per essere vera deve promuovere al suo interno per irradiarsi poi all\u2019esterno i valori dell\u2019autenticit\u00e0 e dell\u2019essenzialit\u00e0; della coerenza e della trasparenza; della fraternit\u00e0 e della disponibilit\u00e0 al servizio. Sicch\u00e9 ogni sorta di mistificazione diventa controindicazione della festa stessa\u201d. (Le nostre feste, 4.1)\u00a0 <\/em><\/p>\n<p>Pertanto, disponiamoci a vivere le nostre feste <em>\u201cnon con il lievito vecchio, n\u00e9 con lievito di malizia e di perversit\u00e0, ma con \u00e0zzimi di sincerit\u00e0 e di verit\u00e0. (1 Cor 5,8)<\/em> Com\u2019\u00e8 deludente, quanto \u00e8 desolante una vita cristiana soltanto di facciata; non serve un cristianesimo d\u2019immagine, di propaganda e non di sostanza! L\u2019Eucaristia, fonte e culmine della vita cristiana, ci aiuti a fare piazza pulita delle cose vecchie e non risolte.<\/p>\n<p><strong>don Gennaro Bufi<\/strong><br \/>\ndirettore Ufficio Confraternite<br \/>\n\u00a9 Luce e Vita n.14 del 3 aprile 2022<\/p>\n<p>&nbsp;<\/p>\n","protected":false},"excerpt":{"rendered":"<p>Con il recente documento vescovile si riprende quest&#8217;anno, dopo due anni di pausa, il rito delle processioni. L\u2019entusiasmo, la tradizione e il ritualismo non rubino il senso di una pratica antica e densa di mistero e di fede.<\/p>\n","protected":false},"author":3,"featured_media":13857,"comment_status":"closed","ping_status":"closed","sticky":false,"template":"","format":"standard","meta":{"footnotes":""},"categories":[459,4,1993],"tags":[1995,2046,2036,714],"class_list":["post-13856","post","type-post","status-publish","format-standard","has-post-thumbnail","hentry","category-attualita","category-news","category-ufficio-confraternite","tag-confraternite","tag-devozione","tag-processioni","tag-settimana-santa"],"acf":[],"_links":{"self":[{"href":"https:\/\/www.diocesimolfetta.it\/luceevita\/wp-json\/wp\/v2\/posts\/13856","targetHints":{"allow":["GET"]}}],"collection":[{"href":"https:\/\/www.diocesimolfetta.it\/luceevita\/wp-json\/wp\/v2\/posts"}],"about":[{"href":"https:\/\/www.diocesimolfetta.it\/luceevita\/wp-json\/wp\/v2\/types\/post"}],"author":[{"embeddable":true,"href":"https:\/\/www.diocesimolfetta.it\/luceevita\/wp-json\/wp\/v2\/users\/3"}],"replies":[{"embeddable":true,"href":"https:\/\/www.diocesimolfetta.it\/luceevita\/wp-json\/wp\/v2\/comments?post=13856"}],"version-history":[{"count":1,"href":"https:\/\/www.diocesimolfetta.it\/luceevita\/wp-json\/wp\/v2\/posts\/13856\/revisions"}],"predecessor-version":[{"id":13858,"href":"https:\/\/www.diocesimolfetta.it\/luceevita\/wp-json\/wp\/v2\/posts\/13856\/revisions\/13858"}],"wp:featuredmedia":[{"embeddable":true,"href":"https:\/\/www.diocesimolfetta.it\/luceevita\/wp-json\/wp\/v2\/media\/13857"}],"wp:attachment":[{"href":"https:\/\/www.diocesimolfetta.it\/luceevita\/wp-json\/wp\/v2\/media?parent=13856"}],"wp:term":[{"taxonomy":"category","embeddable":true,"href":"https:\/\/www.diocesimolfetta.it\/luceevita\/wp-json\/wp\/v2\/categories?post=13856"},{"taxonomy":"post_tag","embeddable":true,"href":"https:\/\/www.diocesimolfetta.it\/luceevita\/wp-json\/wp\/v2\/tags?post=13856"}],"curies":[{"name":"wp","href":"https:\/\/api.w.org\/{rel}","templated":true}]}}