{"id":3020,"date":"2015-06-18T19:25:00","date_gmt":"2015-06-18T17:25:00","guid":{"rendered":"http:\/\/www.diocesimolfetta.it\/luceevita\/lestate-dei-nostri-ragazzi-la-mappa-delle-attivita-estive-promosse-in-diocesi\/"},"modified":"2015-06-18T19:25:00","modified_gmt":"2015-06-18T17:25:00","slug":"lestate-dei-nostri-ragazzi-la-mappa-delle-attivita-estive-promosse-in-diocesi","status":"publish","type":"post","link":"https:\/\/www.diocesimolfetta.it\/luceevita\/lestate-dei-nostri-ragazzi-la-mappa-delle-attivita-estive-promosse-in-diocesi\/","title":{"rendered":"L&#8217;estate dei nostri ragazzi. La mappa delle attivit\u00e0 estive promosse in diocesi"},"content":{"rendered":"<div>Quanti sono? Dove vanno? Un censimento impossibile (ma ci abbiamo provato, vedi la mappa allegata, realizzata dalla redazione del settimanale, ndr). L\u2019estate dei gruppi scout, delle parrocchie, dei movimenti \u00e8 un brulicare di iniziative, viaggi, campi scuola. Sono tantissimi i ragazzi e i giovani cattolici impegnati in attivit\u00e0 formative di tutti i generi.\u00a0<\/div>\n<div>Autobus che partono e zaini che si riempiono, gite ed escursioni, ma anche settimane di formazione. Tutto progettato e gestito da educatori volontari che, alla faccia delle vacanze, passano il miglior tempo libero dell\u2019anno in estenuanti animazioni o dietro nugoli di ragazzini negli oratori. Gi\u00e0, perch\u00e9 non ci sono solo i campi scuola, anche le mille iniziative tra cui: oratori aperti, sport, attivit\u00e0 ricreative, senza dimenticare lo scautismo. Metodi e finalit\u00e0 sono ovviamente diversi. In comune hanno la matrice cristiana e la formazione estiva come tappa culminante del percorso di un anno.<\/div>\n<div>Lo scautismo, nato pi\u00f9 di cento anni fa, \u00e8 uno dei movimenti giovanili pi\u00f9 numeroso. Proprio sabato 13 giugno gli scout hanno incontrato Papa Francesco in una splendida e colorata giornata di festa. Grazie all\u2019impegno di educatori adulti, molti ragazzi e ragazze hanno l\u2019opportunit\u00e0 di vivere momenti di gioia e di crescita a contatto con la natura, suddivisi nelle tre fasce d\u2019et\u00e0: i lupetti e le coccinelle (bambini e bambine dalla 3\u00b0 elementare alla 1\u00b0 media), gli esploratori e le guide (ragazzi e ragazze dalla 2\u00b0 media alla 2\u00b0 superiore, i rover e le scolte (giovani dalle 3\u00b0 superiore fino a 20 anni e oltre). Durante l\u2019estate ogni fascia d\u2019et\u00e0 vive 8 &#8211; 10 giorni insieme, sperimentando la vita di comunit\u00e0, la preghiera, il giocare e divertirsi con semplicit\u00e0 e amicizia. I lupetti e le coccinelle trascorrono la settimana di branco in una zona collinare immersa nel verde. L\u2019ambiente suggestivo \u00e8 la cornice ideale per il raggiungimento degli obiettivi previsti dai capi, ossia l\u2019educazione all\u2019amore di s\u00e8 e della natura, la coeducazione; la scoperta e la conoscenza dello stile scout; il rispetto delle cose proprie e altrui. Gli esploratori e le guide vivono in squadriglia (piccolo gruppetto di ragazzi o di ragazze), il dormire in tenda, la cucina sul fuoco permette a tutti i ragazzi di acquisire una maggior autonomia. I rover, le scolte e i capi responsabili, vivono invece attivit\u00e0 all\u2019insegna della totale avventura e semplicit\u00e0, svolgendo lavori socialmente utili, ovvero \u201cora et labora\u201d (prega e lavora) o si concentrano sulla riflessione personale pi\u00f9 che al servizio. Non va tralasciata la formazione sul metodo scout, sulla psicologia evolutiva, su tecniche scout e sul fondatore Robert Baden-Powell (militare britannico e fondatore dello scautismo).<\/div>\n<div>Il cammino annuale dell\u2019ACR non si ferma con la stagione estiva. Il \u201cTempo Estate Eccezionale\u201d \u00e8 l\u2019occasione per una proposta formativa che molte realt\u00e0 parrocchiali accolgono con entusiasmo: il campo scuola. Un modo per sperimentare la vita di gruppo a tempo pieno; per fare esperienza della condivisione quotidiana di tempo, spazi, pensieri, dubbi, stimoli; per fermarsi e interrogarsi; per scoprire Ges\u00f9 e sentirlo vicino nelle attivit\u00e0 di tutti i giorni. Il campo scuola \u00e8 palestra di vita e opportunit\u00e0 per responsabilizzarsi. Nella maggior parte dei casi si scelgono strutture in autogestione anche per coinvolgere pienamente i ragazzi nelle faccende domestiche e per toccare con mano la bellezza della vita insieme. Quella del campo scuola \u00e8 un\u2019esperienza che permette di creare legami nuovi o rafforzare quelli gi\u00e0 esistenti. Anche gli adulti, durante l\u2019estate, vivono un momento di formazione alternativo ai soliti incontri attraverso il campo scuola, ma non in tutte le parrocchie c\u2019\u00e8 questa opportunit\u00e0. L\u2019AC diocesana ha proposto un momento festa per tutti gli adulti (il 6 giugno a Ruvo) e il campo unitario, rivolto a responsabili e consigli parrocchiali (4-5 luglio a Corato).<\/div>\n<div>Dici estate e pensi al Grest: spazio allora alla programmazione, via alla ricerca del sussidio migliore, al cartone animato che ha sbancato al cinema, alle riunioni sui sagrati assolati, alla ricerca di attivit\u00e0 che portino nella nostra estate quella frizzante allegria che ha un solo nome: GREST! Le parrocchie, con le attivit\u00e0 estive dell\u2019oratorio ANSPI, offrono a bambini e ragazzi del quartiere l\u2019occasione di comprendere che Ges\u00f9 non va in vacanza al mare, ma aspetta che gioiamo nella sua casa e nei suoi campetti con animatori e sacerdoti. La giornata tipo del GREST si articola in vari momenti: drammatizzazione della storia, grandi giochi, laboratori manuali ed espressivi, preghiera e merenda in compagnia! Parallelamente i pi\u00f9 piccini \u2013 i bimbi al di sotto dei 6 anni \u2013 potranno seguire un percorso di attivit\u00e0 motorie, ludiche e manipolative pi\u00f9 consone alla loro et\u00e0: \u00e8 questo il cosiddetto GRESTINO, attivo gi\u00e0 da tre anni nella Parrocchia Sant\u2019Achille.<\/div>\n","protected":false},"excerpt":{"rendered":"<p>Variegata la proposta aggregativa e formativa che colora l&#39;estate delle parrocchie e delle associazioni: oratorio, GrEst, campiscuola e campi di lavoro, pellegrinaggi, feste&#8230;. Una mappa (aggiornata al 15 giugno).<\/p>\n","protected":false},"author":1,"featured_media":3021,"comment_status":"closed","ping_status":"closed","sticky":false,"template":"","format":"standard","meta":{"footnotes":""},"categories":[4],"tags":[],"class_list":["post-3020","post","type-post","status-publish","format-standard","has-post-thumbnail","hentry","category-news"],"acf":[],"_links":{"self":[{"href":"https:\/\/www.diocesimolfetta.it\/luceevita\/wp-json\/wp\/v2\/posts\/3020","targetHints":{"allow":["GET"]}}],"collection":[{"href":"https:\/\/www.diocesimolfetta.it\/luceevita\/wp-json\/wp\/v2\/posts"}],"about":[{"href":"https:\/\/www.diocesimolfetta.it\/luceevita\/wp-json\/wp\/v2\/types\/post"}],"author":[{"embeddable":true,"href":"https:\/\/www.diocesimolfetta.it\/luceevita\/wp-json\/wp\/v2\/users\/1"}],"replies":[{"embeddable":true,"href":"https:\/\/www.diocesimolfetta.it\/luceevita\/wp-json\/wp\/v2\/comments?post=3020"}],"version-history":[{"count":0,"href":"https:\/\/www.diocesimolfetta.it\/luceevita\/wp-json\/wp\/v2\/posts\/3020\/revisions"}],"wp:featuredmedia":[{"embeddable":true,"href":"https:\/\/www.diocesimolfetta.it\/luceevita\/wp-json\/wp\/v2\/media\/3021"}],"wp:attachment":[{"href":"https:\/\/www.diocesimolfetta.it\/luceevita\/wp-json\/wp\/v2\/media?parent=3020"}],"wp:term":[{"taxonomy":"category","embeddable":true,"href":"https:\/\/www.diocesimolfetta.it\/luceevita\/wp-json\/wp\/v2\/categories?post=3020"},{"taxonomy":"post_tag","embeddable":true,"href":"https:\/\/www.diocesimolfetta.it\/luceevita\/wp-json\/wp\/v2\/tags?post=3020"}],"curies":[{"name":"wp","href":"https:\/\/api.w.org\/{rel}","templated":true}]}}