{"id":3024,"date":"2015-06-19T09:59:00","date_gmt":"2015-06-19T07:59:00","guid":{"rendered":"http:\/\/www.diocesimolfetta.it\/luceevita\/la-societa-civile-alza-la-voce-giu-le-mani-dalla-famiglia\/"},"modified":"2015-06-19T09:59:00","modified_gmt":"2015-06-19T07:59:00","slug":"la-societa-civile-alza-la-voce-giu-le-mani-dalla-famiglia","status":"publish","type":"post","link":"https:\/\/www.diocesimolfetta.it\/luceevita\/la-societa-civile-alza-la-voce-giu-le-mani-dalla-famiglia\/","title":{"rendered":"La societ\u00e0 civile alza la voce: gi\u00f9 le mani dalla famiglia!"},"content":{"rendered":"<div><span style=\"line-height: 1.6em;\">Mentre il dibattito politico e parlamentare sembra rappresentare sempre meno i reali bisogni delle famiglie, come non prendere atto delle molteplici iniziative che la societ\u00e0 civile sta mettendo in campo per la famiglia? come non vedere la grande reazione del sociale alla proposta di legge Cirinn\u00e0 sulle unioni civili, e pi\u00f9 in generale per fermare le infiltrazioni della strategia Lbgt nel tessuto sociale e culturale del Paese?<\/span><\/div>\n<div>Ultima, ma solo in ordine di tempo, \u00e8 la convocazione della manifestazione del 20 giugno, promossa dal Comitato Difendiamo i nostri figli.<br \/>\n A questa manifestazione, spiega il presidente Belletti \u201cabbiamo scelto di non aderire direttamente come Forum. E&#39; un evento di famiglie, a favore della famiglia, e la presenza di sigle sembrerebbe voler condizionare ci\u00f2 che appare una diretta espressione di cittadinanza attiva. \u00a0Anche i membri del Comitato promotore sono in effetti presenti a titolo personale. Come Forum&#8221; prosegue Belletti &#8220;guardiamo comunque con grande attenzione e simpatia a questa iniziativa, perch\u00e9 d\u00e0 ulteriore voce ad un sentire di popolo\u201d.<\/div>\n<div>A nostra volta, da diversi mesi \u201ccome Forum sosteniamo e attuiamo una modalit\u00e0 di intervento diversa, orientata al dialogo, al rapporto diretto con interlocutori della politica e della cultura sensibili alle nostre proposte\u201d.\u00a0<\/div>\n<div>In questo quadro si inserisce l\u2019invio a tutti i parlamentari, venerd\u00ec 5 giugno, di una lettera aperta (<em><strong>allegata<\/strong><\/em>) elaborata dalle associazioni del Forum sul tema delle unioni civili e \u201cper esprimere il forte dissenso sul testo base adottato dalla Commissione Giustizia del Senato su proposta della sen. Cirinn\u00e0\u201d e su cui il Parlamento sar\u00e0 occupato nelle prossime settimane.<\/div>\n<div>Nei giorni scorsi \u00e8 stato pubblicato anche un appello sottoscritto da personalit\u00e0 del mondo accademico, giuridico, scientifico e sociale indirizzato ai parlamentari affinch\u00e9 la disciplina sulle unioni civili sia sostanzialmente diversa da quella del matrimonio, cos\u00ec come hanno pi\u00f9 volte ripetuto le pi\u00f9 alte Corti italiane, in linea con la giurisprudenza europea.<\/div>\n<div>\u201cQueste iniziative si vanno a sommare alle decine e centinaia di eventi in corso localmente, che testimoniano una presa di coscienza della gente comune, cattolica, ma non solo.<\/div>\n<div>\u201cIn tutte queste iniziative, nazionali o locali che siano, c\u2019\u00e8 un elemento comune: non sono mosse da alcun intento discriminatorio verso le persone omosessuali che vivono una relazione affettiva diversa da quella che molte coppie suggellano nel matrimonio. Riteniamo anzi che i diritti individuali di ciascuna persona non debbano dipendere dalle forme in cui si sviluppa la personalit\u00e0 umana.<\/div>\n<div>\u201cMa non si pu\u00f2 neppure trascurare il preminente interesse pubblico riservato alla famiglia fondata sul matrimonio tra uomo e donna, che deriva dal suo essere cellula fondamentale della societ\u00e0 e culla delle future generazioni. Questa sua unicit\u00e0\u201d conclude Belletti \u201cnon pu\u00f2 essere confusa con altre forme di relazione affettiva n\u00e9 pu\u00f2 essere oggetto di logiche politiche. Sblocchi piuttosto, il Parlamento, la scandalosa iniquit\u00e0 fiscale tuttora presente ai danni delle famiglie con i carichi familiari pi\u00f9 pesanti: vedr\u00e0 che su questa priorit\u00e0 trover\u00e0 ben altri consensi e ben altra generativit\u00e0 di bene comune\u201d.<\/p>\n<p> \u00a0<\/p><\/div>\n","protected":false},"excerpt":{"rendered":"<div style=\"line-height: 20.7999992370605px;\"><span style=\"line-height: 1.6em;\">Mentre il dibattito politico e parlamentare sembra rappresentare sempre meno i reali bisogni delle famiglie, come non prendere atto delle molteplici iniziative che la societ\u00e0 civile sta mettendo in campo per la famiglia? come non vedere la grande reazione del sociale alla proposta di legge Cirinn\u00e0 sulle unioni civili, e pi\u00f9 in generale per fermare le infiltrazioni della strategia Lbgt nel tessuto sociale e culturale del Paese?<\/span><\/div>\n<div style=\"line-height: 20.7999992370605px;\">Ultima, ma solo in ordine di tempo, \u00e8 la convocazione della manifestazione del 20 giugno, promossa dal Comitato Difendiamo i nostri figli.<\/div>\n","protected":false},"author":1,"featured_media":3025,"comment_status":"closed","ping_status":"closed","sticky":false,"template":"","format":"standard","meta":{"footnotes":""},"categories":[4],"tags":[],"class_list":["post-3024","post","type-post","status-publish","format-standard","has-post-thumbnail","hentry","category-news"],"acf":[],"_links":{"self":[{"href":"https:\/\/www.diocesimolfetta.it\/luceevita\/wp-json\/wp\/v2\/posts\/3024","targetHints":{"allow":["GET"]}}],"collection":[{"href":"https:\/\/www.diocesimolfetta.it\/luceevita\/wp-json\/wp\/v2\/posts"}],"about":[{"href":"https:\/\/www.diocesimolfetta.it\/luceevita\/wp-json\/wp\/v2\/types\/post"}],"author":[{"embeddable":true,"href":"https:\/\/www.diocesimolfetta.it\/luceevita\/wp-json\/wp\/v2\/users\/1"}],"replies":[{"embeddable":true,"href":"https:\/\/www.diocesimolfetta.it\/luceevita\/wp-json\/wp\/v2\/comments?post=3024"}],"version-history":[{"count":0,"href":"https:\/\/www.diocesimolfetta.it\/luceevita\/wp-json\/wp\/v2\/posts\/3024\/revisions"}],"wp:featuredmedia":[{"embeddable":true,"href":"https:\/\/www.diocesimolfetta.it\/luceevita\/wp-json\/wp\/v2\/media\/3025"}],"wp:attachment":[{"href":"https:\/\/www.diocesimolfetta.it\/luceevita\/wp-json\/wp\/v2\/media?parent=3024"}],"wp:term":[{"taxonomy":"category","embeddable":true,"href":"https:\/\/www.diocesimolfetta.it\/luceevita\/wp-json\/wp\/v2\/categories?post=3024"},{"taxonomy":"post_tag","embeddable":true,"href":"https:\/\/www.diocesimolfetta.it\/luceevita\/wp-json\/wp\/v2\/tags?post=3024"}],"curies":[{"name":"wp","href":"https:\/\/api.w.org\/{rel}","templated":true}]}}