{"id":3027,"date":"2015-06-22T16:47:00","date_gmt":"2015-06-22T14:47:00","guid":{"rendered":"http:\/\/www.diocesimolfetta.it\/luceevita\/il-don-uva-sopravvivera-solo-continuando-a-curare-i-malati-la-gazzetta-del-mezzogiorno-intervista-mons-martella\/"},"modified":"2015-06-22T16:47:00","modified_gmt":"2015-06-22T14:47:00","slug":"il-don-uva-sopravvivera-solo-continuando-a-curare-i-malati-la-gazzetta-del-mezzogiorno-intervista-mons-martella","status":"publish","type":"post","link":"https:\/\/www.diocesimolfetta.it\/luceevita\/il-don-uva-sopravvivera-solo-continuando-a-curare-i-malati-la-gazzetta-del-mezzogiorno-intervista-mons-martella\/","title":{"rendered":"&#8220;Il Don Uva sopravviver\u00e0 solo continuando a curare i malati&#8221;. La Gazzetta del Mezzogiorno intervista Mons. Martella"},"content":{"rendered":"<p>Ampia intervista sulla Gazzetta del Mezzogiorno di oggi, 22 giugno 2015, \u00a0a cura di Massimiliano Scagliarini, a Mons. Luigi Martella, per chiarire la sua posizione rispetto al crac del Don Uva di Bisceglie, di cui il vescovo \u00e8 Amministratore apostolico dal 22 ottobre del 2013.<br \/>\n Ne riportiamo l&#39;immagine, pur non avendo consultato gli organi direttivi del quotidiano, per offrire ulteriori elementi di valutazione circa le responsbailit\u00e0 del nostro Vescovo..<br \/>\n Dal confronto emerge il ruolo che Mons. Martella ha ricoperto sin dall&#39;inizio del suo coinvolgimento, da parte della Santa Sede, scelto probabilmente in quanto vescovo di una diocesi prossima a Bisceglie. In nessun modo il vescovo avrebbe potuto cambiare il corso degli eventi, oggetto dell&#39;inchiesta giudiziaria, in quanto accaduti molto tempo prima del suo insediamento; sin da subito egli ha fornito agli Organi giudiziari la collaborazione necessaria per affrontare la situazione.<br \/>\n Grande preoccupazione di Mons. Martella per le Suore che, fondamentalmente, sono vittime di una gestione che hanno affidato in buona fede a persone competenti in materia, e che ora si ritorce contro di loro. Allo stesso tempo \u00e8 desiderio del Vescovo che sia garantita tanto la qualit\u00e0 dell&#39;assistenza sanitaria ai degenti quanto i posti di lavoro che, al momento, danno sussistenza a 1500 famiglie di Bisceglie e del circondario. Ci\u00f2 per non far venire meno la preziosit\u00e0 del carisma del Fondatore che tanto bene ha fatto nei decenni ai malati e alle loro famiglie.<br \/>\n Non \u00e8 secondaria la rimostranza di Martella per un certo modo di fare informazione che rincorre lo scandalo, cerca lo scoop e getta nel tritacarne mediatico anche chi non ha responsabilit\u00e0, con pericolose conseguenze sul piano della dignit\u00e0 e della credibilit\u00e0 delle stesse persone.<br \/>\n Circa il rapporto con il Sen. Azzollini il vescovo precisa che, dei fatti riguardanti il Don Uva non ha mai parlato con lui.<\/p>\n<p> Riportiamo l&#39;immagine della Gazzetta (invitando a recuperare e leggere l&#39;originale), scusandoci per la qualit\u00e0.<\/p>\n<p>\n \u00a0<\/p>\n","protected":false},"excerpt":{"rendered":"<p><span style=\"line-height: 20.7999992370605px;\">Ampia intervista sulla Gazzetta del Mezzogiorno di oggi, 22 giugno 2015, \u00a0a cura di Massimiliano Scagliarini, a Mons. Luigi Martella, per chiarire la sua posizione rispetto al crac del Don Uva di Bisceglie, di cui il vescovo \u00e8 Amministratore apostolico dal 22 ottobre del 2013.<\/span><\/p>\n","protected":false},"author":1,"featured_media":3028,"comment_status":"closed","ping_status":"closed","sticky":false,"template":"","format":"standard","meta":{"footnotes":""},"categories":[4],"tags":[],"class_list":["post-3027","post","type-post","status-publish","format-standard","has-post-thumbnail","hentry","category-news"],"acf":[],"_links":{"self":[{"href":"https:\/\/www.diocesimolfetta.it\/luceevita\/wp-json\/wp\/v2\/posts\/3027","targetHints":{"allow":["GET"]}}],"collection":[{"href":"https:\/\/www.diocesimolfetta.it\/luceevita\/wp-json\/wp\/v2\/posts"}],"about":[{"href":"https:\/\/www.diocesimolfetta.it\/luceevita\/wp-json\/wp\/v2\/types\/post"}],"author":[{"embeddable":true,"href":"https:\/\/www.diocesimolfetta.it\/luceevita\/wp-json\/wp\/v2\/users\/1"}],"replies":[{"embeddable":true,"href":"https:\/\/www.diocesimolfetta.it\/luceevita\/wp-json\/wp\/v2\/comments?post=3027"}],"version-history":[{"count":0,"href":"https:\/\/www.diocesimolfetta.it\/luceevita\/wp-json\/wp\/v2\/posts\/3027\/revisions"}],"wp:featuredmedia":[{"embeddable":true,"href":"https:\/\/www.diocesimolfetta.it\/luceevita\/wp-json\/wp\/v2\/media\/3028"}],"wp:attachment":[{"href":"https:\/\/www.diocesimolfetta.it\/luceevita\/wp-json\/wp\/v2\/media?parent=3027"}],"wp:term":[{"taxonomy":"category","embeddable":true,"href":"https:\/\/www.diocesimolfetta.it\/luceevita\/wp-json\/wp\/v2\/categories?post=3027"},{"taxonomy":"post_tag","embeddable":true,"href":"https:\/\/www.diocesimolfetta.it\/luceevita\/wp-json\/wp\/v2\/tags?post=3027"}],"curies":[{"name":"wp","href":"https:\/\/api.w.org\/{rel}","templated":true}]}}