{"id":4257,"date":"2017-01-21T17:00:00","date_gmt":"2017-01-21T16:00:00","guid":{"rendered":"http:\/\/www.diocesimolfetta.it\/luceevita\/seminario-minore-missione-possibile-il-messaggio-del-vescovo\/"},"modified":"2017-01-21T17:00:00","modified_gmt":"2017-01-21T16:00:00","slug":"seminario-minore-missione-possibile-il-messaggio-del-vescovo","status":"publish","type":"post","link":"https:\/\/www.diocesimolfetta.it\/luceevita\/seminario-minore-missione-possibile-il-messaggio-del-vescovo\/","title":{"rendered":"Seminario Minore, missione possibile. Il messaggio del Vescovo"},"content":{"rendered":"<div>Con particolare gioia scrivo un breve messaggio per la Giornata del Seminario Minore della nostra Diocesi di Molfetta-Ruvo-Giovinazzo-Terlizzi.<\/div>\n<div>Innanzitutto rendo grazie a Dio perch\u00e9 abbiamo un Seminario, aperto, nel quale ci sono ragazzi preadolescenti e adolescenti in discernimento vocazionale.<\/div>\n<div>Sappiamo che in molte Diocesi, italiane e non solo, ormai il Seminario Minore rimane un semplice ricordo dei tempi passati. Io personalmente vengo dal cammino vocazionale, iniziato proprio nel Seminario Minore di Bari, nel 1961. \u00c8 vero, io stesso vedevo lontana la m\u00e8ta e ritenevo tutti gli altri migliori e pi\u00f9 capaci di me. Tuttavia, con fiducia, anche tra mille prove e difficolt\u00e0, tappa dopo tappa, vedevo che il traguardo si avvicinava. Sono tanto grato e riconoscente prima di tutto al Signore e poi ai numerosi educatori e formatori che, lungo il percorso formativo, mi hanno accompagnato, incoraggiato, atteso, attirato con la forza del loro esempio.\u00a0<\/div>\n<div>Mi rivolgo a voi educatori e formatori della Comunit\u00e0 educativa del Seminario Minore: siate veri amici, fratelli e padri dei ragazzi a voi affidati. Siate pazienti, umili, autorevoli e non autoritari!\u00a0<\/div>\n<div>A voi, ragazzi, dico: non scoraggiatevi, siate perseveranti. Se il Signore vi chiama, non abbiate paura di rispondergli: eccomi!\u00a0<\/div>\n<div>Inoltre, come diceva qualcuno \u201cuna rondine non fa primavera\u201d e, \u201cper un albero che cade, c\u2019\u00e8 una foresta che cresce\u201d. Le cadute, le strettoie del cammino, non ci devono intimorire. Dopo ogni notte, sorge sempre il sole. Abbiate fiducia! \u201cIl Signore non ci chiama perch\u00e9 siamo i migliori, ma perch\u00e9 lo diventiamo\u201d, diceva Sant\u2019Agostino.\u00a0<\/div>\n<div>La Ratio Fundamentalis circa la vocazione presbiterale, pubblicata il giorno dell\u2019Immacolata 2016, cos\u00ec si esprime: \u201cLe vocazioni ecclesiali sono manifestazioni delle incommensurabili ricchezze di Cristo (Cf Ef 3, 8) e, pertanto, devono essere tenute in grande considerazione e coltivate con ogni premura e sollecitudine, affinch\u00e9 possano sbocciare e maturare\u201d (RF11). Coloro che sono preposti alla guida dei seminaristi non devono inventarsi le vocazioni, bens\u00ec le devono scoprire, discernere e coltivare! Inoltre, circa il Seminario Minore, lo stesso documento afferma: \u201cLo scopo del Seminario Minore \u00e8 aiutare la maturazione umana e cristiana degli adolescenti, che mostrano di avere in s\u00e9 i germi della vocazione al sacerdozio ministeriale, al fine di sviluppare, conformemente alla loro et\u00e0, quella interiore libert\u00e0 che li renda capaci di corrispondere al disegno di Dio sulla loro vita\u201d (RF 18).\u00a0<\/div>\n<div>Un grazie alle famiglie dei ragazzi, ai loro parroci di origine e alle Comunit\u00e0 di appartenenza. Continuate a sostenere con la preghiera e l\u2019esempio i nostri ragazzi che, se il Signore vorr\u00e0, potranno essere le guide spirituali e morali nella Chiesa. Grazie ai numerosi benefattori, che rendono il tutto, con la loro vicinanza e generosit\u00e0, pi\u00f9 facile e sereno. Auguri!<\/div>\n","protected":false},"excerpt":{"rendered":"<p>Domenica 22 gennaio 2017, l\u2019annuale appuntamento con la Giornata diocesana del Seminario vescovile. Il messaggio del Vescovo<\/p>\n","protected":false},"author":1,"featured_media":4258,"comment_status":"closed","ping_status":"closed","sticky":false,"template":"","format":"standard","meta":{"footnotes":""},"categories":[13],"tags":[],"class_list":["post-4257","post","type-post","status-publish","format-standard","has-post-thumbnail","hentry","category-editoriali"],"acf":[],"_links":{"self":[{"href":"https:\/\/www.diocesimolfetta.it\/luceevita\/wp-json\/wp\/v2\/posts\/4257","targetHints":{"allow":["GET"]}}],"collection":[{"href":"https:\/\/www.diocesimolfetta.it\/luceevita\/wp-json\/wp\/v2\/posts"}],"about":[{"href":"https:\/\/www.diocesimolfetta.it\/luceevita\/wp-json\/wp\/v2\/types\/post"}],"author":[{"embeddable":true,"href":"https:\/\/www.diocesimolfetta.it\/luceevita\/wp-json\/wp\/v2\/users\/1"}],"replies":[{"embeddable":true,"href":"https:\/\/www.diocesimolfetta.it\/luceevita\/wp-json\/wp\/v2\/comments?post=4257"}],"version-history":[{"count":0,"href":"https:\/\/www.diocesimolfetta.it\/luceevita\/wp-json\/wp\/v2\/posts\/4257\/revisions"}],"wp:featuredmedia":[{"embeddable":true,"href":"https:\/\/www.diocesimolfetta.it\/luceevita\/wp-json\/wp\/v2\/media\/4258"}],"wp:attachment":[{"href":"https:\/\/www.diocesimolfetta.it\/luceevita\/wp-json\/wp\/v2\/media?parent=4257"}],"wp:term":[{"taxonomy":"category","embeddable":true,"href":"https:\/\/www.diocesimolfetta.it\/luceevita\/wp-json\/wp\/v2\/categories?post=4257"},{"taxonomy":"post_tag","embeddable":true,"href":"https:\/\/www.diocesimolfetta.it\/luceevita\/wp-json\/wp\/v2\/tags?post=4257"}],"curies":[{"name":"wp","href":"https:\/\/api.w.org\/{rel}","templated":true}]}}