{"id":5072,"date":"2017-11-08T19:41:53","date_gmt":"2017-11-08T18:41:53","guid":{"rendered":"http:\/\/www.diocesimolfetta.it\/luceevita\/?p=5072"},"modified":"2017-11-08T19:43:53","modified_gmt":"2017-11-08T18:43:53","slug":"cuori-menti-intelligenti-110-anni-dalla-nascita-don-grittani","status":"publish","type":"post","link":"https:\/\/www.diocesimolfetta.it\/luceevita\/cuori-menti-intelligenti-110-anni-dalla-nascita-don-grittani\/","title":{"rendered":"Cuori e menti intelligenti. A 110 anni dalla nascita di don Grittani"},"content":{"rendered":"<p><img loading=\"lazy\" decoding=\"async\" class=\"alignright wp-image-5073 size-medium\" src=\"https:\/\/www.diocesimolfetta.it\/luceevita\/wp-content\/uploads\/sites\/2\/2017\/11\/don_grittani-300x150.jpg\" alt=\"\" width=\"300\" height=\"150\" srcset=\"https:\/\/www.diocesimolfetta.it\/luceevita\/wp-content\/uploads\/sites\/2\/2017\/11\/don_grittani-300x150.jpg 300w, https:\/\/www.diocesimolfetta.it\/luceevita\/wp-content\/uploads\/sites\/2\/2017\/11\/don_grittani-768x385.jpg 768w, https:\/\/www.diocesimolfetta.it\/luceevita\/wp-content\/uploads\/sites\/2\/2017\/11\/don_grittani-360x180.jpg 360w, https:\/\/www.diocesimolfetta.it\/luceevita\/wp-content\/uploads\/sites\/2\/2017\/11\/don_grittani.jpg 772w\" sizes=\"auto, (max-width: 300px) 100vw, 300px\" \/><\/p>\n<p>Nel 110^ anno dalla nascita del Servo di Dio don Ambrogio Grittani, la comunit\u00e0 si \u00e8 ritrovata nell\u2019aula magna del Pontificio Seminario Regionale di Molfetta per ascoltare la relazione di S.E. Mons. Giancarlo Bregantini, Arcivescovo di Campobasso-Bojano, sull\u2019autentica \u201cscelta preferenziale\u201d dei poveri messa in atto da don Ambrogio Grittani. A salutare i presenti, accorsi in maniera numerosa, c\u2019\u00e8 stato don Tot\u00f2 Mileti il quale ha ringraziato il dono \u201csine modo\u201d di grazia ricevuto dal Signore che in questa terra ha inviato la presenza notevole di don Ambrogio. Un bambino di Ceglie del Campo, Nin\u00ec (cos\u00ec lo chiamavano affettuosamente in famiglia) \u2013 ha detto don Tot\u00f2 \u2013 fortemente provato dalla perdita del padre all\u2019et\u00e0 di undici mesi e della madre alla tenera et\u00e0 di 4 anni, il quale riceve la carezza del Signore tramite le due sorelle di Ambrogio, Addolorata e Maria, le quali renderanno il fratello piccolo un vero e proprio servo del Signore. Don Ambrogio guarder\u00e0 tutto \u201ccon l\u2019occhio dei poveri\u201d perch\u00e9 egli lo \u00e8 stato, ha detto don Tot\u00f2. E cos\u00ec facendo former\u00e0 nello spirito intere generazioni di sacerdoti; in maniera rigorosa istruir\u00e0 alunni sulla lingua e letteratura latina per pi\u00f9 di 12 anni, proprio nel Seminario di Molfetta. Il rossore dei poveri che non hanno pi\u00f9 dignit\u00e0 nel chiedere diventa rossore di don Ambrogio il quale considera questi come voce di Dio che gli dice: \u201cI poveri ti chiedono di mangiare e tu non ti agiti?\u201d, ha detto don Tot\u00f2 a conclusione del suo intervento.<br \/>\nLa parola \u00e8 passata poi a Mons. Giancarlo Bregantini, attuale Arcivescovo di Campobasso-Bojano, figura nota alla nostra terra in quanto parroco in terra di Bari, pi\u00f9 volte a Molfetta durante il ministero episcopale di Mons.Bello e da sempre attivo nell\u2019aiuto agli ultimi e alla lotta alle mafie.<br \/>\nL\u2019Arcivescovo, che si \u00e8 unito al coro di gratitudine a Dio per aver donato a questa terra figure emblematiche e Servi di Dio come don Ambrogio Grittani e don Tonino Bello, ha parlato dell\u2019incontro con i poveri che avviene quando nel cuore si coltiva una grande empatia. Non si \u00e8 capaci \u2013 ha detto Bregantini \u2013 di accogliere il povero se non si \u00e8 capaci di entrare nella sua storia, vivendo con un cuore attento e sensibile. Ma ci\u00f2 non basta \u2013 ha aggiunto il presule originario della provincia di Trento \u2013 perch\u00e9 al cuore dobbiamo affiancare l\u2019altra grande entit\u00e0 che contraddistingue l\u2019uomo: la mente, quella intelligente, la stessa della quale parla Benedetto XVI nella Deus caritas est (n.31). Il cuore generoso di don Grittani era accompagnato da una mente intelligente. \u00e8 cos\u00ec che deve operare l\u2019uomo di oggi nel solco di quanto il nostro predecessore, oggi Servo di Dio, ha fatto.<br \/>\nL\u2019intervento dell\u2019arcivescovo si \u00e8 concluso con i sette doni che egli vede in don Grittani, non prima di aver connesso lo stile del Servo di Dio al tema del lavoro, in particolar modo quello giovanile.<br \/>\nDon Grittani \u00e8 dei nostri giorni e torna ancora pi\u00f9 attuale \u2013 ha detto Bregantini \u2013 per tre motivi: innanzitutto perch\u00e9 i giovani vanno ascoltati. Non possiamo noi sacerdoti (o qualsiasi altro centro di ascolto) rimandarli indietro o suggerire azioni quasi inutili. L\u2019empatia di don Grittani deve portarci a dire: \u201cVa bene ti ascolto, siediti qui e dimmi cosa sai fare, io cercher\u00f2 di accontentarti\u201d. In seconda analisi bisognerebbe \u2013 ha aggiunto il Vescovo \u2013 dare valore spirituale e teologico anche ai mesi in cui questi giovani lavorano da precari; non viverli come tempo da scartare ma come tempo da riempire e da valorizzare alla luce del Vangelo. Ed in ultimo, legando il tema del lavoro a quello del Progetto Policoro \u201canche attraverso questi progetti la Chiesa emette segni di speranza in modo che il sogno del giovane possa diventare segno\u201d.<br \/>\nI sette doni che Bregantini vede in don Grittani sono: piet\u00e0 profonda, molta cultura, una innata socievolezza, un forte rigore morale, una severit\u00e0 come docente, una tenerezza con gli accattoni e una carit\u00e0 pastorale con la gente di Puglia.<br \/>\nLa serata, chiusa dall\u2019esibizione della Corale \u201cSan Domenico\u201d, ha visto anche gli interventi di don Cesare Pisani, direttore della Caritas diocesana, e di Madre Anna, superiora dell\u2019Istituto Suore Oblate di S.Benedetto Giuseppe Labre (che oltre a Molfetta ha sede anche a Terlizzi e Maruggio-TA).<br \/>\nDon Cesare ha conosciuto don Grittani attraverso gli studi ma \u201clo ho incontrato \u2013 ha detto il sacerdote \u2013 nei luoghi in cui egli ha operato sia da bambino, quando ne sentivo parlare molto spesso, sia da sacerdote quando ho visto le opere che egli ha compiuto\u201d.<br \/>\nForte la sua chiusura: \u201cFigure di santit\u00e0 come quella di don Grittani vanno portate fuori dalle chiese, devono abitare il mondo, nel Regno di Dio che Ges\u00f9 ci annuncia. Bellissimo parlarne, ma le opere che ci hanno insegnato a fare noi dobbiamo continuarle, nel nostro piccolo, silenziosamente con lo stesso cuore e la stessa mente di chi ci ha preceduto\u201d.<br \/>\nMadre Anna invece si \u00e8 rivolta direttamente a don Grittani sottoforma di lettera autografa, a nome di tutta la comunit\u00e0 che prega, che spera, che sente la necessit\u00e0 di aiutare gli ultimi. Di una comunit\u00e0 che attende trepidante la proclamazione ufficiale della Venerabilit\u00e0 e che invoca don Ambrogio affinch\u00e9 non si perda mai l\u2019orientamento costante, secondo il Vangelo, di aiuto verso il prossimo.<\/p>\n<p>*\u00a9 Luce e Vita n.36 del 5\/11\/2017<\/p>\n","protected":false},"excerpt":{"rendered":"<p>Nel 110^ anno dalla nascita del Servo di Dio don Ambrogio Grittani, la comunit\u00e0 si \u00e8 ritrovata nell\u2019aula magna del &hellip; <a href=\"https:\/\/www.diocesimolfetta.it\/luceevita\/cuori-menti-intelligenti-110-anni-dalla-nascita-don-grittani\/\" class=\"more-link\">+LEGGI TUTTO<span class=\"screen-reader-text\">Cuori e menti intelligenti. A 110 anni dalla nascita di don Grittani<\/span> <span class=\"meta-nav\">&raquo;<\/span><\/a><\/p>\n","protected":false},"author":3,"featured_media":5073,"comment_status":"closed","ping_status":"closed","sticky":false,"template":"","format":"standard","meta":{"footnotes":""},"categories":[34,97,36],"tags":[150,148,149],"class_list":["post-5072","post","type-post","status-publish","format-standard","has-post-thumbnail","hentry","category-citta","category-molfetta","category-news-luce-e-vita","tag-110-anni-nascita","tag-don-ambrogio-grittani","tag-mons-giancarlo-bregantini"],"acf":[],"_links":{"self":[{"href":"https:\/\/www.diocesimolfetta.it\/luceevita\/wp-json\/wp\/v2\/posts\/5072","targetHints":{"allow":["GET"]}}],"collection":[{"href":"https:\/\/www.diocesimolfetta.it\/luceevita\/wp-json\/wp\/v2\/posts"}],"about":[{"href":"https:\/\/www.diocesimolfetta.it\/luceevita\/wp-json\/wp\/v2\/types\/post"}],"author":[{"embeddable":true,"href":"https:\/\/www.diocesimolfetta.it\/luceevita\/wp-json\/wp\/v2\/users\/3"}],"replies":[{"embeddable":true,"href":"https:\/\/www.diocesimolfetta.it\/luceevita\/wp-json\/wp\/v2\/comments?post=5072"}],"version-history":[{"count":1,"href":"https:\/\/www.diocesimolfetta.it\/luceevita\/wp-json\/wp\/v2\/posts\/5072\/revisions"}],"predecessor-version":[{"id":5074,"href":"https:\/\/www.diocesimolfetta.it\/luceevita\/wp-json\/wp\/v2\/posts\/5072\/revisions\/5074"}],"wp:featuredmedia":[{"embeddable":true,"href":"https:\/\/www.diocesimolfetta.it\/luceevita\/wp-json\/wp\/v2\/media\/5073"}],"wp:attachment":[{"href":"https:\/\/www.diocesimolfetta.it\/luceevita\/wp-json\/wp\/v2\/media?parent=5072"}],"wp:term":[{"taxonomy":"category","embeddable":true,"href":"https:\/\/www.diocesimolfetta.it\/luceevita\/wp-json\/wp\/v2\/categories?post=5072"},{"taxonomy":"post_tag","embeddable":true,"href":"https:\/\/www.diocesimolfetta.it\/luceevita\/wp-json\/wp\/v2\/tags?post=5072"}],"curies":[{"name":"wp","href":"https:\/\/api.w.org\/{rel}","templated":true}]}}