{"id":5075,"date":"2017-11-08T19:51:11","date_gmt":"2017-11-08T18:51:11","guid":{"rendered":"http:\/\/www.diocesimolfetta.it\/luceevita\/?p=5075"},"modified":"2017-11-08T19:54:30","modified_gmt":"2017-11-08T18:54:30","slug":"studenti-le-bufale","status":"publish","type":"post","link":"https:\/\/www.diocesimolfetta.it\/luceevita\/studenti-le-bufale\/","title":{"rendered":"Studenti contro le \u201cbufale\u201d"},"content":{"rendered":"<p><img loading=\"lazy\" decoding=\"async\" class=\"alignright size-medium wp-image-5076\" src=\"https:\/\/www.diocesimolfetta.it\/luceevita\/wp-content\/uploads\/sites\/2\/2017\/11\/fedeli-300x147.png\" alt=\"\" width=\"300\" height=\"147\" srcset=\"https:\/\/www.diocesimolfetta.it\/luceevita\/wp-content\/uploads\/sites\/2\/2017\/11\/fedeli-300x147.png 300w, https:\/\/www.diocesimolfetta.it\/luceevita\/wp-content\/uploads\/sites\/2\/2017\/11\/fedeli-768x375.png 768w, https:\/\/www.diocesimolfetta.it\/luceevita\/wp-content\/uploads\/sites\/2\/2017\/11\/fedeli-360x176.png 360w, https:\/\/www.diocesimolfetta.it\/luceevita\/wp-content\/uploads\/sites\/2\/2017\/11\/fedeli.png 780w\" sizes=\"auto, (max-width: 300px) 100vw, 300px\" \/>\u201cCondividi solo notizie che hai verificato\u201d. \u201cUsa gli strumenti di Internet per verificare le notizie\u201d. \u201cChiedi le fonti e le prove\u201d. Ma anche: \u201cChiedi aiuto a una persona esperta o a un ente davvero competente\u201d. Sono i primi punti di quello che vuole diventare un decalogo contro le \u201cfake news\u201d, le bufale della rete. Al momento di \u201cregole\u201d ne contiene solo 8, ma saranno gli studenti delle scuole medie e superiori \u2013 cui \u00e8 indirizzato \u2013 a trovarne altre due, per completare la \u201ccassetta degli attrezzi\u201d con la quale potranno presentarsi meno sprovveduti davanti al mondo digitale. Potranno scrivere i punti mancanti attraverso uno strumento di \u201cscrittura cooperativa\u201d messo a disposizione sul sito internet del Ministero.<br \/>\nAd aiutarli, gli insegnanti, per i quali il Miur prevede di mettere a disposizione un apposito pacchetto di materiali didattici mirati.<br \/>\nSono, queste, le intenzioni e alcune azioni che sostanziano il progetto \u201cBasta bufale\u201d avviato dal Ministero dell\u2019Istruzione dopo un accordo dello scorso maggio a Montecitorio con la Camera dei deputati e appena presentato dalla ministra Valeria Fedeli e dalla presidente della Camera Laura Boldrini.<br \/>\nL\u2019iniziativa si colloca in un quadro pi\u00f9 ampio di azioni che la scuola vuole dedicare alle questioni dell\u2019educazione civica, digitale e non solo. Recentemente, infatti, \u00e8 stato presentato il Piano nazionale per l\u2019educazione al rispetto, con le linee guida per la prevenzione e il contrasto del cyberbullismo. E nelle scuole, sempre grazie a un accordo con la Camera dei Deputati, \u00e8 gi\u00e0 stata inviata la Dichiarazione dei diritti in Internet. Sul fronte pi\u00f9 specifico dell\u2019informazione, inoltre, all\u2019inizio di ottobre il Ministero ha siglato un accordo con la Fnsi (Federazione nazionale stampa italiana) per mettere al centro la cultura dell\u2019informazione e della correttezza delle fonti. Insomma, dalle parti di viale Trastevere non manca l\u2019attenzione alle nuove emergenze della comunicazione e della cittadinanza \u2013 perch\u00e9 di questo si tratta \u2013 nell\u2019era digitale e dei social media. Compreso il \u201cfocus\u201d sul linguaggio da usare in rete, con la diffusione del &#8220;Manifesto delle Parole Ostili&#8221;.<br \/>\nSono tutte iniziative lodevoli. Come ha sottolineato la ministra Fedeli, fornire ai giovani conoscenze e competenze specifiche\u201dvuol dire porre le basi della loro cittadinanza, che vogliamo attiva e responsabile. Anche quella digitale. I giovani di oggi sono nativi digitali, ma non devono essere consumatori passivi di tecnologia, quanto piuttosto consumatori critici e produttori consapevoli di informazione e conoscenza\u201d. E sul terreno delle \u201cbufale\u201d in gioco non c\u2019\u00e8 solo qualche goliardata, ma reali pericoli per la societ\u00e0. Lo ha sottolineato Laura Boldrini: \u201cLa disinformazione inquina il dibattito democratico, alterando l&#8217;opinione pubblica e violando il diritto delle persone a una corretta informazione\u201d. Gli studenti, secondo la presidente della Camera, potrebbero diventare, correttamente preparati, dei veri e propri \u201ccacciatori di bufale\u201d, \u201cdetective del web&#8221;.<br \/>\nDetective, anzitutto, consapevoli delle proprie responsabilit\u00e0. Ed \u00e8 il primo passo. Il 7\u00b0 punto del quasi decalogo lo chiarisce con efficacia: \u201cHai un potere enorme, usalo bene\u201d. I click, i \u201clike\u201d, sono anche simpatici, ma non sono un gioco. Tantomeno innocuo.<\/p>\n","protected":false},"excerpt":{"rendered":"<p>Un progetto del Miur: correttamente preparati, gli studenti potrebbero diventare dei veri e propri \u201ccacciatori di bufale\u201d, \u201cdetective del web\u201d.<\/p>\n","protected":false},"author":3,"featured_media":5076,"comment_status":"closed","ping_status":"closed","sticky":false,"template":"","format":"standard","meta":{"footnotes":""},"categories":[20,36,11],"tags":[138,153,152,151],"class_list":["post-5075","post","type-post","status-publish","format-standard","has-post-thumbnail","hentry","category-levraga","category-news-luce-e-vita","category-ufficio-per-le-comunicazioni-sociali","tag-fake-news","tag-fedeli","tag-scuola","tag-ufale"],"acf":[],"_links":{"self":[{"href":"https:\/\/www.diocesimolfetta.it\/luceevita\/wp-json\/wp\/v2\/posts\/5075","targetHints":{"allow":["GET"]}}],"collection":[{"href":"https:\/\/www.diocesimolfetta.it\/luceevita\/wp-json\/wp\/v2\/posts"}],"about":[{"href":"https:\/\/www.diocesimolfetta.it\/luceevita\/wp-json\/wp\/v2\/types\/post"}],"author":[{"embeddable":true,"href":"https:\/\/www.diocesimolfetta.it\/luceevita\/wp-json\/wp\/v2\/users\/3"}],"replies":[{"embeddable":true,"href":"https:\/\/www.diocesimolfetta.it\/luceevita\/wp-json\/wp\/v2\/comments?post=5075"}],"version-history":[{"count":1,"href":"https:\/\/www.diocesimolfetta.it\/luceevita\/wp-json\/wp\/v2\/posts\/5075\/revisions"}],"predecessor-version":[{"id":5077,"href":"https:\/\/www.diocesimolfetta.it\/luceevita\/wp-json\/wp\/v2\/posts\/5075\/revisions\/5077"}],"wp:featuredmedia":[{"embeddable":true,"href":"https:\/\/www.diocesimolfetta.it\/luceevita\/wp-json\/wp\/v2\/media\/5076"}],"wp:attachment":[{"href":"https:\/\/www.diocesimolfetta.it\/luceevita\/wp-json\/wp\/v2\/media?parent=5075"}],"wp:term":[{"taxonomy":"category","embeddable":true,"href":"https:\/\/www.diocesimolfetta.it\/luceevita\/wp-json\/wp\/v2\/categories?post=5075"},{"taxonomy":"post_tag","embeddable":true,"href":"https:\/\/www.diocesimolfetta.it\/luceevita\/wp-json\/wp\/v2\/tags?post=5075"}],"curies":[{"name":"wp","href":"https:\/\/api.w.org\/{rel}","templated":true}]}}