{"id":5239,"date":"2018-01-17T07:34:16","date_gmt":"2018-01-17T06:34:16","guid":{"rendered":"http:\/\/www.diocesimolfetta.it\/luceevita\/?p=5239"},"modified":"2018-01-17T07:35:29","modified_gmt":"2018-01-17T06:35:29","slug":"peru-mons-girasoli-la-nunziatura-la-casa-del-papa","status":"publish","type":"post","link":"https:\/\/www.diocesimolfetta.it\/luceevita\/peru-mons-girasoli-la-nunziatura-la-casa-del-papa\/","title":{"rendered":"Per\u00f9, mons. Girasoli: la nunziatura \u00e8 la casa del Papa"},"content":{"rendered":"<div id=\"attachment_5240\" style=\"width: 310px\" class=\"wp-caption alignright\"><img loading=\"lazy\" decoding=\"async\" aria-describedby=\"caption-attachment-5240\" class=\"wp-image-5240 size-medium\" src=\"https:\/\/www.diocesimolfetta.it\/luceevita\/wp-content\/uploads\/sites\/2\/2018\/01\/Girasoli-1000x600-300x180.jpg\" alt=\"\" width=\"300\" height=\"180\" srcset=\"https:\/\/www.diocesimolfetta.it\/luceevita\/wp-content\/uploads\/sites\/2\/2018\/01\/Girasoli-1000x600-300x180.jpg 300w, https:\/\/www.diocesimolfetta.it\/luceevita\/wp-content\/uploads\/sites\/2\/2018\/01\/Girasoli-1000x600-768x461.jpg 768w, https:\/\/www.diocesimolfetta.it\/luceevita\/wp-content\/uploads\/sites\/2\/2018\/01\/Girasoli-1000x600-360x216.jpg 360w, https:\/\/www.diocesimolfetta.it\/luceevita\/wp-content\/uploads\/sites\/2\/2018\/01\/Girasoli-1000x600-800x480.jpg 800w, https:\/\/www.diocesimolfetta.it\/luceevita\/wp-content\/uploads\/sites\/2\/2018\/01\/Girasoli-1000x600.jpg 1000w\" sizes=\"auto, (max-width: 300px) 100vw, 300px\" \/><p id=\"caption-attachment-5240\" class=\"wp-caption-text\">foto:web<\/p><\/div>\n<p>Papa Francesco porta in Per\u00f9 un messaggio di unit\u00e0 e di speranza. La nunziatura, nei giorni del viaggio apostolico nel Paese andino, \u00e8 la casa del Papa. Cos\u00ec il nunzio apostolico in Per\u00f9,\u00a0<b>mons. Nicola Girasoli:<\/b><\/p>\n<p>R. \u2013 Il Per\u00f9 \u00e8 un Paese molto grande: \u00e8 il terzo Paese in ordine di estensione geografica dell\u2019America Latina dopo il Brasile e l\u2019Argentina. E\u2019 un Paese che si presenta con una realt\u00e0 multietnica. E anche la composizione geografica del Per\u00f9 \u00e8 molto diversa. C\u2019\u00e8 la costa, che d\u00e0 sull\u2019Oceano Pacifico. C\u2019\u00e8 la catena delle Ande e poi c\u2019\u00e8 quello che qui chiamano \u201cla selva\u201d, cio\u00e8 tutta la pianura e la zona amazzonica. Un Paese che, negli ultimi anni, ha fatto molti progressi sia sul piano economico sia su quello sociale. Ma ci sono ancora molte fratture e ci sono molte disuguaglianze. A Lima vivono circa 10 milioni di abitanti sui 30 milioni che approssimativamente popolano il Per\u00f9. Queste contraddizioni appaiono in modo molto pi\u00f9 vistoso soprattutto nella distribuzione della ricchezza. Le istituzioni pubbliche stanno impegnandosi e la Chiesa sta facendo molto la sua parte, soprattutto per andare incontro ai pi\u00f9 poveri. Quindi il contesto del Per\u00f9, oggi, \u00e8 un contesto sociale anche diviso. E queste divisioni si traducono poi in un clima che non consente l\u2019unit\u00e0. Per\u00f2, c\u2019\u00e8 questo desiderio di poter andare avanti.<\/p>\n<p>D. \u2013\u00a0<b>Quali effetti pu\u00f2 avere la visita di Papa Francesco sulla situazione politica del Paese andino?<\/b><\/p>\n<p>R. \u2013 Tutto il Per\u00f9 si aspetta molto da questa visita. Il motto scelto dai vescovi \u00e8 \u201cUniti per la speranza\u201d. Il popolo peruviano, la Chiesa peruviana veramente spera che, in questa visita, possa incominciare un nuovo cammino di autentica unit\u00e0. Ovviamente, ci si aspetta dal Papa qualche parola forte contro una piaga che \u00e8 molto presente nel Per\u00f9 e anche in altri Paesi dell\u2019America Latina. E\u2019 la piaga della corruzione. E anche ci si aspetta dal Papa una parola molto forte contro un altro problema sociale molto evidente, molto presente nel Per\u00f9: la violenza contro le donne. Il Per\u00f9 \u00e8 un Paese che si unisce attraverso la devozione popolare, che \u00e8 molto forte. E naturalmente la religiosit\u00e0 popolare \u2013 che \u00e8 un fattore unificante \u2013 trova poi nel Pontefice anche una personalit\u00e0 forte che pu\u00f2 dare una parola di unit\u00e0.<\/p>\n<p>D. \u2013\u00a0<b>Il Papa si reca in Cile e in Per\u00f9, due Paesi divisi \u2013 anche nel passato recente \u2013 da alcune dispute territoriali. L\u2019arrivo del Santo Padre pu\u00f2 rafforzare i legami, le relazioni diplomatiche tra questi due Paesi?<\/b><\/p>\n<p>R. \u2013 Papa Francesco \u00e8 il Papa che sempre, con le sue visite pastorali, costruisce ponti. Veramente, sono molto migliorati i vincoli diplomatici e commerciali che ci sono tra questi due Paesi. Sappiamo, che nel passato ci sono stati problemi molto grandi tra i due Stati che per\u00f2 sono stati in gran parte superati negli ultimi anni. E\u2019 chiaro che la visita del Papa a due Paesi cattolici dar\u00e0 un nuovo impeto a questa unit\u00e0. Poi c\u2019\u00e8 anche un elemento simpatico e bello: molti pellegrini peruviani che vivono nel Sud del Per\u00f9 andranno a vedere il Papa in Cile, perch\u00e9 ovviamente geograficamente \u00e8 molto pi\u00f9 vicino per loro andare in Cile che non venire fino a Lima o andare fino a Puerto Maldonado. E questo, anche, \u00e8 un segno di questi ponti che Papa Francesco sa creare.<\/p>\n<p>D. \u2013\u00a0<b>Durante il viaggio del Papa, la nunziatura diventa proprio \u201cla casa\u201d del Santo Padre: c\u2019\u00e8 tanta gioia e tanta attesa in questa casa \u2026<\/b><\/p>\n<p>R. \u2013 Dico con una parola forte, che persino i muri della nunziatura sono felici e contenti e pieni di emozione di ricevere il Papa. Questa nunziatura ha gi\u00e0 ricevuto due volte San Giovanni Paolo II, nella visita del 1985 e in quella successiva del 1988. Dopo 30 anni, dunque, un Papa torna a Lima. Stiamo prevedendo anche fuori dalla nunziatura alcune attivit\u00e0. Il primo giorno saranno presenti molti giovani. La serata sar\u00e0 dedicata ai giovani. La seconda serata, il 19, sar\u00e0 quella delle famiglie. E ci saranno tante famiglie. E la terza serata \u2013 perch\u00e9 il Papa sar\u00e0 nella nunziatura tre notti \u2013 sar\u00e0 dedicata alle persone ammalate e disabili. La nunziatura \u00e8 la casa del Papa. E questo significa che \u00e8 la casa di tutti, dove tutti si sentono accolti. Pertanto, con le braccia aperte, con le porte spalancate riceviamo il Papa che vuole stare vicino alle persone, e noi siamo molto contenti e felici di riceverlo in questa casa.<\/p>\n","protected":false},"excerpt":{"rendered":"<p>Papa Francesco porta in Per\u00f9 un messaggio di unit\u00e0 e di speranza. La nunziatura, nei giorni del viaggio apostolico nel Paese andino, \u00e8 la casa del Papa. Intervista al nunzio apostolico in Per\u00f9, il ruvese\u00a0mons. Nicola Girasoli:<\/p>\n","protected":false},"author":3,"featured_media":5240,"comment_status":"closed","ping_status":"closed","sticky":false,"template":"","format":"standard","meta":{"footnotes":""},"categories":[3,4],"tags":[239,217,238],"class_list":["post-5239","post","type-post","status-publish","format-standard","has-post-thumbnail","hentry","category-evidenza","category-news","tag-mons-girasoli","tag-papa-francesco","tag-peru"],"acf":[],"_links":{"self":[{"href":"https:\/\/www.diocesimolfetta.it\/luceevita\/wp-json\/wp\/v2\/posts\/5239","targetHints":{"allow":["GET"]}}],"collection":[{"href":"https:\/\/www.diocesimolfetta.it\/luceevita\/wp-json\/wp\/v2\/posts"}],"about":[{"href":"https:\/\/www.diocesimolfetta.it\/luceevita\/wp-json\/wp\/v2\/types\/post"}],"author":[{"embeddable":true,"href":"https:\/\/www.diocesimolfetta.it\/luceevita\/wp-json\/wp\/v2\/users\/3"}],"replies":[{"embeddable":true,"href":"https:\/\/www.diocesimolfetta.it\/luceevita\/wp-json\/wp\/v2\/comments?post=5239"}],"version-history":[{"count":2,"href":"https:\/\/www.diocesimolfetta.it\/luceevita\/wp-json\/wp\/v2\/posts\/5239\/revisions"}],"predecessor-version":[{"id":5242,"href":"https:\/\/www.diocesimolfetta.it\/luceevita\/wp-json\/wp\/v2\/posts\/5239\/revisions\/5242"}],"wp:featuredmedia":[{"embeddable":true,"href":"https:\/\/www.diocesimolfetta.it\/luceevita\/wp-json\/wp\/v2\/media\/5240"}],"wp:attachment":[{"href":"https:\/\/www.diocesimolfetta.it\/luceevita\/wp-json\/wp\/v2\/media?parent=5239"}],"wp:term":[{"taxonomy":"category","embeddable":true,"href":"https:\/\/www.diocesimolfetta.it\/luceevita\/wp-json\/wp\/v2\/categories?post=5239"},{"taxonomy":"post_tag","embeddable":true,"href":"https:\/\/www.diocesimolfetta.it\/luceevita\/wp-json\/wp\/v2\/tags?post=5239"}],"curies":[{"name":"wp","href":"https:\/\/api.w.org\/{rel}","templated":true}]}}