{"id":5292,"date":"2018-02-09T09:50:46","date_gmt":"2018-02-09T08:50:46","guid":{"rendered":"http:\/\/www.diocesimolfetta.it\/luceevita\/?p=5292"},"modified":"2018-02-09T09:50:46","modified_gmt":"2018-02-09T08:50:46","slug":"attesa-e-impegno","status":"publish","type":"post","link":"https:\/\/www.diocesimolfetta.it\/luceevita\/attesa-e-impegno\/","title":{"rendered":"Attesa e impegno"},"content":{"rendered":"<p><img loading=\"lazy\" decoding=\"async\" class=\"alignright size-medium wp-image-5290\" src=\"https:\/\/www.diocesimolfetta.it\/luceevita\/wp-content\/uploads\/sites\/2\/2018\/02\/lev6definitivo-206x300.jpg\" alt=\"\" width=\"206\" height=\"300\" srcset=\"https:\/\/www.diocesimolfetta.it\/luceevita\/wp-content\/uploads\/sites\/2\/2018\/02\/lev6definitivo-206x300.jpg 206w, https:\/\/www.diocesimolfetta.it\/luceevita\/wp-content\/uploads\/sites\/2\/2018\/02\/lev6definitivo-192x280.jpg 192w, https:\/\/www.diocesimolfetta.it\/luceevita\/wp-content\/uploads\/sites\/2\/2018\/02\/lev6definitivo-527x768.jpg 527w, https:\/\/www.diocesimolfetta.it\/luceevita\/wp-content\/uploads\/sites\/2\/2018\/02\/lev6definitivo.jpg 535w\" sizes=\"auto, (max-width: 206px) 100vw, 206px\" \/>Adesso lo posso dire. Che il Papa sarebbe venuto a Molfetta lo avevo saputo dalla sua viva voce quando, il 16 dicembre scorso, ho partecipato all\u2019udienza concessa ai direttori dei settimanali diocesani per i 50 anni della Fisc, insieme a Michele Labombarda, amministratore di Luce e Vita.<br \/>\nDieci secondi senza alcuna concitazione, un incontro famigliare. Anche perch\u00e8 prima dell\u2019ingresso del Pontefice nella Sala Clementina, un responsabile si raccomanda di non inginocchiarsi dinanzi al Papa, perch\u00e8 egli non gradisce, ma solo di salutarlo stringendogli la mano. Ho con me una copia del volume \u201cCari ragazzi&#8230; don Tonino ai giovani di ieri e di oggi\u201d con una dedica a nome della Redazione. E dopo la lunga fila di saluti, durante i quali non ho pensato cosa dirgli, arrivano quei dieci secondi indimenticabili. Gli stringo la mano, gli porgo il libro, mentre il dialogo va da s\u00e8: \u00abSantit\u00e0, Luce e Vita, Molfetta. La aspettiamo a Molfetta sui passi di don Tonino Bello!\u00bb E lui, prima che finissi di dire \u201cdon Tonino Bello\u201d, risponde senza pensare: \u00abCi andr\u00f2, ci andr\u00f2!\u00bb. E io, con il cuore in gola: \u00abGrazie, grazie!\u00bb<br \/>\nE lui: \u00ab\u00e8 previsto il prossimo anno\u00bb.<br \/>\n\u00abGrazie, grazie! Un grande piacere. Grazie!\u00bb<br \/>\nDieci secondi indimenticabili, che per fortuna ho registrato, per darne atto al Vescovo e ai Lettori, grazie ai quali mi trovavo l\u00ec. Poi per\u00f2 ho dovuto nascondere questa piccola rivelazione, perch\u00e8 credo che un giornalista debba essere bravo e rispettoso tanto a dare una notizia, quanto a tenerla riservata fino al momento opportuno.<br \/>\nA questo punto il grazie della Comunit\u00e0 al nostro Vescovo Domenico \u00e8 doveroso. Certamente per il dono di questa visita storica, scaturita dal suo ardito invito, che ci riempie di gioia e che rende onore a don Tonino Bello, prima che alle due comunit\u00e0 coinvolte. Ci piace immaginarlo con accanto gli indimenticati Mons. Luigi Martella e don Mimmo Amato, protagonisti indiscussi del suo processo di canonizzazione.<br \/>\nMa il grazie a Mons. Cornacchia \u00e8 molto pi\u00f9 profondo e ci sollecita all\u2019autocritica: \u00e8 come se il Papa venisse a rilanciare la testimonianza di don Tonino per rinvigorire le nostre vite, scuoterci dal torpore, rivedere il nostro rapporto con i beni, non lasciarci affascinare dai segni del potere, ridare slancio profetico alle nostre parrocchie, sollecitare una maggiore apertura alla solidariet\u00e0, dare concretezza all\u2019accoglienza, riappropriarsi del senso nobile della Politica&#8230;<br \/>\nPreparare l\u2019evento, in fondo, non sar\u00e0 difficile.<br \/>\nMeno facile preparare le nostre vite.<\/p>\n<p><em>di Luigi Sparapano <\/em><\/p>\n","protected":false},"excerpt":{"rendered":"<p>Adesso lo posso dire. Che il Papa sarebbe venuto a Molfetta.<\/p>\n","protected":false},"author":3,"featured_media":5290,"comment_status":"closed","ping_status":"closed","sticky":false,"template":"","format":"standard","meta":{"footnotes":""},"categories":[13],"tags":[67,25,38,217,270],"class_list":["post-5292","post","type-post","status-publish","format-standard","has-post-thumbnail","hentry","category-editoriali","tag-don-tonino-bello","tag-luce-e-vita","tag-molfetta","tag-papa-francesco","tag-papafrancescoamolfetta"],"acf":[],"_links":{"self":[{"href":"https:\/\/www.diocesimolfetta.it\/luceevita\/wp-json\/wp\/v2\/posts\/5292","targetHints":{"allow":["GET"]}}],"collection":[{"href":"https:\/\/www.diocesimolfetta.it\/luceevita\/wp-json\/wp\/v2\/posts"}],"about":[{"href":"https:\/\/www.diocesimolfetta.it\/luceevita\/wp-json\/wp\/v2\/types\/post"}],"author":[{"embeddable":true,"href":"https:\/\/www.diocesimolfetta.it\/luceevita\/wp-json\/wp\/v2\/users\/3"}],"replies":[{"embeddable":true,"href":"https:\/\/www.diocesimolfetta.it\/luceevita\/wp-json\/wp\/v2\/comments?post=5292"}],"version-history":[{"count":1,"href":"https:\/\/www.diocesimolfetta.it\/luceevita\/wp-json\/wp\/v2\/posts\/5292\/revisions"}],"predecessor-version":[{"id":5293,"href":"https:\/\/www.diocesimolfetta.it\/luceevita\/wp-json\/wp\/v2\/posts\/5292\/revisions\/5293"}],"wp:featuredmedia":[{"embeddable":true,"href":"https:\/\/www.diocesimolfetta.it\/luceevita\/wp-json\/wp\/v2\/media\/5290"}],"wp:attachment":[{"href":"https:\/\/www.diocesimolfetta.it\/luceevita\/wp-json\/wp\/v2\/media?parent=5292"}],"wp:term":[{"taxonomy":"category","embeddable":true,"href":"https:\/\/www.diocesimolfetta.it\/luceevita\/wp-json\/wp\/v2\/categories?post=5292"},{"taxonomy":"post_tag","embeddable":true,"href":"https:\/\/www.diocesimolfetta.it\/luceevita\/wp-json\/wp\/v2\/tags?post=5292"}],"curies":[{"name":"wp","href":"https:\/\/api.w.org\/{rel}","templated":true}]}}