{"id":5529,"date":"2018-06-07T12:34:01","date_gmt":"2018-06-07T10:34:01","guid":{"rendered":"http:\/\/www.diocesimolfetta.it\/luceevita\/?p=5529"},"modified":"2018-06-07T12:34:01","modified_gmt":"2018-06-07T10:34:01","slug":"ero-forestiero-mi-avete-accolto","status":"publish","type":"post","link":"https:\/\/www.diocesimolfetta.it\/luceevita\/ero-forestiero-mi-avete-accolto\/","title":{"rendered":"Ero forestiero  e mi avete accolto"},"content":{"rendered":"<p><img loading=\"lazy\" decoding=\"async\" class=\"alignright size-medium wp-image-5530\" src=\"https:\/\/www.diocesimolfetta.it\/luceevita\/wp-content\/uploads\/sites\/2\/2018\/06\/lev23-206x300.jpg\" alt=\"\" width=\"206\" height=\"300\" srcset=\"https:\/\/www.diocesimolfetta.it\/luceevita\/wp-content\/uploads\/sites\/2\/2018\/06\/lev23-206x300.jpg 206w, https:\/\/www.diocesimolfetta.it\/luceevita\/wp-content\/uploads\/sites\/2\/2018\/06\/lev23-192x280.jpg 192w, https:\/\/www.diocesimolfetta.it\/luceevita\/wp-content\/uploads\/sites\/2\/2018\/06\/lev23-527x768.jpg 527w, https:\/\/www.diocesimolfetta.it\/luceevita\/wp-content\/uploads\/sites\/2\/2018\/06\/lev23.jpg 535w\" sizes=\"auto, (max-width: 206px) 100vw, 206px\" \/>Sin dallo scorso mese di gennaio l\u2019Ufficio socio-politico dell\u2019Azione Cattolica diocesana, nell\u2019ambito di una riflessione interna avviata sui temi dell\u2019immigrazione, ha inviato ai Consigli comunali delle quattro citt\u00e0 della diocesi una richiesta ufficiale di presentazione in Consiglio comunale di uno specifico punto all\u2019ordine del giorno, per formulare una mozione consiliare in sostegno alla Legge sullo \u201cIus Soli\u201d (DDL 2092 \u201cModifiche alla legge 5 febbraio 1992 n. 91 e altre disposizioni in materia di cittadinanza\u201d) che potesse prevedere la possibilit\u00e0 di:<br \/>\n1. compiere ogni azione nelle facolt\u00e0 dei Consigli comunali, nei confronti del futuro Parlamento e Governo, per sostenere pubblicamente ed ufficialmente il percorso di approvazione della legge cosiddetta dello ius soli (DDL 2092);<br \/>\n2. promuovere una serie di iniziative tese a sensibilizzare l\u2019opinione pubblica sul tema, il cui fine dovesse essere rappresentato dalla valorizzazione delle diversit\u00e0, evitando fenomeni di esclusione e di diffusione di messaggi generanti paure ed insicurezze;<br \/>\n3. conferire simbolicamente la cittadinanza civica ad eventuali bambini nati nel territorio italiano da immigrati stranieri e, al momento, residenti nelle quattro citt\u00e0 della diocesi, come atto di indirizzo politico volto all\u2019inclusione e all\u2019integrazione e come auspicio per un effettivo riconoscimento della cittadinanza italiana da parte del legislatore nazionale.<br \/>\nDopo un lungo periodo di elaborazione all\u2019interno dei Consigli comunali (resa ancora pi\u00f9 lunga dal voto nazionale dello scorso 4 marzo) nei mesi scorsi i Consigli comunali di Terlizzi prima (gioved\u00ec 29\/03) e di Ruvo di Puglia e Molfetta poi (rispettivamente luned\u00ec 21\/05 e gioved\u00ec 24\/05 u.s.) hanno portato in Consiglio comunale la discussione del punto in questione, mentre il Consiglio comunale di Giovinazzo sembra porter\u00e0 il punto in discussione nei prossimi giorniA Terlizzi la mozione non ha raggiunto la maggioranza per essere approvata, mentre diversi sono stati gli esiti sia a Ruvo di Puglia che a Molfetta, dove la mozione ha avuto la maggioranza dei voti.<br \/>\nSiamo onorati come Azione Cattolica di aver portato all\u2019attenzione dei nostri Amministratori un tema cos\u00ec delicato, sul quale tanto parlare si \u00e8 fatto nei mesi scorsi (soprattutto prima dell\u2019appuntamento elettorale) e che \u00e8 stato evidentemente presentato all\u2019opinione pubblica mistificandone la reale portata e il significato pi\u00f9 congruo; sentir discutere i nostri consiglieri comunali di questo tema e dei temi dell\u2019accoglienza e dell\u2019integrazione non \u00e8 cosa da poco.<br \/>\nOvviamente durante i dibattiti diverse sono state le posizioni dei vari consiglieri comunali intervenuti; rispettiamo il dibattito politico sviluppatosi nelle sale consiliari, ma partiamo proprio dal tenore e dai contenuti di taluni interventi, e comunque del momento politico e culturale attuale in cui versa la nostra Italia, per sottolineare l\u2019importanza, come cittadini prima e come cattolici in particolare, di tornare a parlare alla gente di temi che a molti possono apparire scomodi, ma che appartengono alla nostra quotidianit\u00e0.<br \/>\n\u00e8 anche per questo che riteniamo non conclusa qui la nostra attenzione alla legge sullo Ius Soli, dato che spingeremo le amministrazioni perch\u00e9 alla ripresa dell\u2019anno scolastico, in comune accordo anche con le scuole della diocesi, si possa portare avanti questo argomento con l\u2019organizzazione di un momento pubblico per concedere ai ragazzi la cittadinanza civica. Ma ancor pi\u00f9 in generale come Azione Cattolica cercheremo di portare all\u2019attenzione della nostra Chiesa locale la richiesta di porre i temi dell\u2019accoglienza e dell\u2019integrazione al centro della programmazione formativa ecclesiale dei prossimi anni; perch\u00e9 riteniamo che questo, sia la maniera pi\u00f9 bella che la nostra diocesi pu\u00f2 mettere in atto per ricordare don Tonino e il suo messaggio.<\/p>\n<p><em>di Graziano Salvemini<\/em><\/p>\n","protected":false},"excerpt":{"rendered":"<p>La mozione \u201cIus soli\u201d nei quattro Comuni <\/p>\n","protected":false},"author":3,"featured_media":5530,"comment_status":"closed","ping_status":"closed","sticky":false,"template":"","format":"standard","meta":{"footnotes":""},"categories":[13],"tags":[358],"class_list":["post-5529","post","type-post","status-publish","format-standard","has-post-thumbnail","hentry","category-editoriali","tag-ius-soli"],"acf":[],"_links":{"self":[{"href":"https:\/\/www.diocesimolfetta.it\/luceevita\/wp-json\/wp\/v2\/posts\/5529","targetHints":{"allow":["GET"]}}],"collection":[{"href":"https:\/\/www.diocesimolfetta.it\/luceevita\/wp-json\/wp\/v2\/posts"}],"about":[{"href":"https:\/\/www.diocesimolfetta.it\/luceevita\/wp-json\/wp\/v2\/types\/post"}],"author":[{"embeddable":true,"href":"https:\/\/www.diocesimolfetta.it\/luceevita\/wp-json\/wp\/v2\/users\/3"}],"replies":[{"embeddable":true,"href":"https:\/\/www.diocesimolfetta.it\/luceevita\/wp-json\/wp\/v2\/comments?post=5529"}],"version-history":[{"count":1,"href":"https:\/\/www.diocesimolfetta.it\/luceevita\/wp-json\/wp\/v2\/posts\/5529\/revisions"}],"predecessor-version":[{"id":5531,"href":"https:\/\/www.diocesimolfetta.it\/luceevita\/wp-json\/wp\/v2\/posts\/5529\/revisions\/5531"}],"wp:featuredmedia":[{"embeddable":true,"href":"https:\/\/www.diocesimolfetta.it\/luceevita\/wp-json\/wp\/v2\/media\/5530"}],"wp:attachment":[{"href":"https:\/\/www.diocesimolfetta.it\/luceevita\/wp-json\/wp\/v2\/media?parent=5529"}],"wp:term":[{"taxonomy":"category","embeddable":true,"href":"https:\/\/www.diocesimolfetta.it\/luceevita\/wp-json\/wp\/v2\/categories?post=5529"},{"taxonomy":"post_tag","embeddable":true,"href":"https:\/\/www.diocesimolfetta.it\/luceevita\/wp-json\/wp\/v2\/tags?post=5529"}],"curies":[{"name":"wp","href":"https:\/\/api.w.org\/{rel}","templated":true}]}}