{"id":5613,"date":"2018-07-04T09:56:43","date_gmt":"2018-07-04T07:56:43","guid":{"rendered":"http:\/\/www.diocesimolfetta.it\/luceevita\/?p=5613"},"modified":"2018-07-04T09:58:35","modified_gmt":"2018-07-04T07:58:35","slug":"perche-non-accada-mai-piu","status":"publish","type":"post","link":"https:\/\/www.diocesimolfetta.it\/luceevita\/perche-non-accada-mai-piu\/","title":{"rendered":"Anniversario Carnicella. Perch\u00e9 non accada mai pi\u00f9"},"content":{"rendered":"<p><img loading=\"lazy\" decoding=\"async\" class=\"alignright size-medium wp-image-5614\" src=\"https:\/\/www.diocesimolfetta.it\/luceevita\/wp-content\/uploads\/sites\/2\/2018\/07\/gianni_carnicella-300x200.jpg\" alt=\"\" width=\"300\" height=\"200\" srcset=\"https:\/\/www.diocesimolfetta.it\/luceevita\/wp-content\/uploads\/sites\/2\/2018\/07\/gianni_carnicella-300x200.jpg 300w, https:\/\/www.diocesimolfetta.it\/luceevita\/wp-content\/uploads\/sites\/2\/2018\/07\/gianni_carnicella-360x240.jpg 360w, https:\/\/www.diocesimolfetta.it\/luceevita\/wp-content\/uploads\/sites\/2\/2018\/07\/gianni_carnicella.jpg 420w\" sizes=\"auto, (max-width: 300px) 100vw, 300px\" \/>Il dovere della memoria \u00e8 una forma di responsabilit\u00e0 e di impegno. Responsabilit\u00e0, perch\u00e9 chi non conosce il passato, \u00e8 condannato a riviverlo, come scriveva il filosofo George Santayana; concetto poi ripreso da Primo Levi. Ignorare la nostra storia, dimenticare, significa esporsi pericolosamente ad una replica, perch\u00e9 ci mette nella condizione di non vedere gli errori gi\u00e0 commessi, non poter imparare da essi e quindi essere soggetti a ripeterli. Quando nel \u201992 Gianni Carnicella \u00e8 stato ucciso, l\u2019intera citt\u00e0 ha pagato lo scotto di errori aggrovigliati e nascosti, che vanno riconosciuti e raccontati, per poter finalmente voltare pagina: la commistione tra ambienti \u201cperbene\u201d e la criminalit\u00e0 organizzata a Molfetta, l\u2019andazzo di appalti non correttamente gestiti e dati in mano sempre ai soliti noti, la tolleranza dell\u2019illegalit\u00e0 elevata a sistema di una politica che pescava voti anche e soprattutto da certi gruppi sociali e da precise famiglie che li gestivano, la sonnacchiosa indifferenza della Molfetta onesta e intellettuale che relegava violenze, intemperanze, assoluto non rispetto delle regole e fiorente commercio della droga, a fenomeni di folklore locale, esercitati da una minoranza in fondo innocua. Tanto innocua, che ci \u00e8 scappato il morto.<\/p>\n<p>Responsabilit\u00e0 anche nei confronti di chi ha fatto il proprio dovere e ci ha rimesso la vita: un sindaco che viene ucciso nell\u2019esercizio del proprio mandato, ricorda alla coscienza di ciascuno che non abbiamo bisogno di eroi che paghino per tutti; \u00e8 necessario invece essere tutti persone che ogni giorno, nel quotidiano della propria esistenza, compiono con correttezza, lealt\u00e0 e onest\u00e0 tutto quello che gli compete, da cittadini e da lavoratori, e considerino normale, non certo eccezionale, far bene la propria parte.<\/p>\n<p>Il dovere della memoria \u00e8 anche una forma di impegno, soprattutto nei confronti delle giovani generazioni. Impegno a ricordare, raccontare, tramandare, in una narrazione senza soluzione di continuit\u00e0. Impegno ad educare, senza mai mollare, perch\u00e9 la violenza, l\u2019ingiustizia e l\u2019illegalit\u00e0 fioriscono dove adulti abdicano al proprio ruolo e aspettano che siano altri, le Istituzioni, la scuola, la Chiesa, a supplire al mandato educativo, che invece non \u00e8 roba da esperti, ma investe l\u2019intera comunit\u00e0.<\/p>\n<p>Proprio per onorare il dovere della memoria, il <strong>giorno 7 luglio, alle ore 13,30<\/strong> in via Carnicella davanti al sagrato della Chiesa di San Bernardino, dov\u2019\u00e8 gi\u00e0 posizionata una fioriera in bronzo, con la fascia da sindaco, nome e data di morte di Gianni Carnicella, finalmente, grazie all\u2019impegno del Presidio Libera di Molfetta, verr\u00e0 scoperta una pietra d\u2019inciampo in cui \u00e8 riportato uno stralcio dell\u2019omelia di don Tonino Bello ai funerali del sindaco ucciso.<\/p>\n<p>Un elemento in pi\u00f9, che servir\u00e0 a fermarsi, passando di l\u00ec, adulti e giovani, a leggere, a riflettere e a spiegare ai nostri amici, ai nostri figli, ai nipotini, la storia di quel 7 luglio 1992. Non per rattristarci e rattristare, ma per educarci ed insegnare ad essere cittadini a testa alta e costruire speranza. Perch\u00e9 non accada mai pi\u00f9.<\/p>\n<p>Presidio Libera Molfetta \u201cGianni Carnicella\u201d<\/p>\n","protected":false},"excerpt":{"rendered":"<p>Per onorare il dovere della memoria, il giorno 7 luglio, alle ore 13,30 in via Carnicella davanti al sagrato della Chiesa di San Bernardino, verr\u00e0 scoperta una pietra d\u2019inciampo in cui \u00e8 riportato uno stralcio dell\u2019omelia di don Tonino Bello ai funerali del sindaco ucciso.<\/p>\n","protected":false},"author":3,"featured_media":5614,"comment_status":"closed","ping_status":"closed","sticky":false,"template":"","format":"standard","meta":{"footnotes":""},"categories":[34,13,97],"tags":[],"class_list":["post-5613","post","type-post","status-publish","format-standard","has-post-thumbnail","hentry","category-citta","category-editoriali","category-molfetta"],"acf":[],"_links":{"self":[{"href":"https:\/\/www.diocesimolfetta.it\/luceevita\/wp-json\/wp\/v2\/posts\/5613","targetHints":{"allow":["GET"]}}],"collection":[{"href":"https:\/\/www.diocesimolfetta.it\/luceevita\/wp-json\/wp\/v2\/posts"}],"about":[{"href":"https:\/\/www.diocesimolfetta.it\/luceevita\/wp-json\/wp\/v2\/types\/post"}],"author":[{"embeddable":true,"href":"https:\/\/www.diocesimolfetta.it\/luceevita\/wp-json\/wp\/v2\/users\/3"}],"replies":[{"embeddable":true,"href":"https:\/\/www.diocesimolfetta.it\/luceevita\/wp-json\/wp\/v2\/comments?post=5613"}],"version-history":[{"count":1,"href":"https:\/\/www.diocesimolfetta.it\/luceevita\/wp-json\/wp\/v2\/posts\/5613\/revisions"}],"predecessor-version":[{"id":5615,"href":"https:\/\/www.diocesimolfetta.it\/luceevita\/wp-json\/wp\/v2\/posts\/5613\/revisions\/5615"}],"wp:featuredmedia":[{"embeddable":true,"href":"https:\/\/www.diocesimolfetta.it\/luceevita\/wp-json\/wp\/v2\/media\/5614"}],"wp:attachment":[{"href":"https:\/\/www.diocesimolfetta.it\/luceevita\/wp-json\/wp\/v2\/media?parent=5613"}],"wp:term":[{"taxonomy":"category","embeddable":true,"href":"https:\/\/www.diocesimolfetta.it\/luceevita\/wp-json\/wp\/v2\/categories?post=5613"},{"taxonomy":"post_tag","embeddable":true,"href":"https:\/\/www.diocesimolfetta.it\/luceevita\/wp-json\/wp\/v2\/tags?post=5613"}],"curies":[{"name":"wp","href":"https:\/\/api.w.org\/{rel}","templated":true}]}}