{"id":5616,"date":"2018-07-04T10:19:27","date_gmt":"2018-07-04T08:19:27","guid":{"rendered":"http:\/\/www.diocesimolfetta.it\/luceevita\/?p=5616"},"modified":"2018-07-04T10:20:44","modified_gmt":"2018-07-04T08:20:44","slug":"5-luglio-presentazione-rapporto-avviso-pubblico","status":"publish","type":"post","link":"https:\/\/www.diocesimolfetta.it\/luceevita\/5-luglio-presentazione-rapporto-avviso-pubblico\/","title":{"rendered":"Rapporto di Avviso Pubblico &#8220;Amministratori sotto tiro&#8221; ed &#8220;Esplode la legalit\u00e0&#8221;"},"content":{"rendered":"<p><strong><img loading=\"lazy\" decoding=\"async\" class=\"alignright wp-image-5617 \" src=\"https:\/\/www.diocesimolfetta.it\/luceevita\/wp-content\/uploads\/sites\/2\/2018\/07\/LocandinaAmmSottoTiro-725x1024.jpg\" alt=\"\" width=\"412\" height=\"582\" srcset=\"https:\/\/www.diocesimolfetta.it\/luceevita\/wp-content\/uploads\/sites\/2\/2018\/07\/LocandinaAmmSottoTiro-725x1024.jpg 725w, https:\/\/www.diocesimolfetta.it\/luceevita\/wp-content\/uploads\/sites\/2\/2018\/07\/LocandinaAmmSottoTiro-212x300.jpg 212w, https:\/\/www.diocesimolfetta.it\/luceevita\/wp-content\/uploads\/sites\/2\/2018\/07\/LocandinaAmmSottoTiro-768x1085.jpg 768w, https:\/\/www.diocesimolfetta.it\/luceevita\/wp-content\/uploads\/sites\/2\/2018\/07\/LocandinaAmmSottoTiro-198x280.jpg 198w, https:\/\/www.diocesimolfetta.it\/luceevita\/wp-content\/uploads\/sites\/2\/2018\/07\/LocandinaAmmSottoTiro-543x768.jpg 543w, https:\/\/www.diocesimolfetta.it\/luceevita\/wp-content\/uploads\/sites\/2\/2018\/07\/LocandinaAmmSottoTiro.jpg 784w\" sizes=\"auto, (max-width: 412px) 100vw, 412px\" \/>Gioved\u00ec 5 luglio<\/strong>, alle <strong>ore 12<\/strong>, presso l&#8217;Aula consiliare &#8220;Giovanni Carnicella&#8221; del <strong>Comune di Molfetta (Ba), Palazzo Giovene, Piazza del Municipio,\u00a0<\/strong>si svolger\u00e0 la presentazione del settimo Rapporto di Avviso Pubblico &#8220;<strong>Amministratori sotto tiro&#8221;.\u00a0<\/strong><\/p>\n<p>Avviso Pubblico ha deciso di presentare a Molfetta il Rapporto per esprimere una vicinanza concreta ad un territorio che pi\u00f9\u00a0volte \u00e8 stata colpito da episodi di violenza e minaccia ai danni di amministratori locali e cittadini, l\u2019ultimo dei quali verificatosi pochi giorni fa contro il coordinatore del movimento civico Liberatorio politico, tra i fondatori del presidio di Libera Molfetta.<\/p>\n<p>Alla presentazione, organizzata in collaborazione con <em>Libera. Associazioni, nomi e numeri contro le mafie<\/em>, dopo i saluti introduttivi di <strong>TOMMASO MINERVINI,<\/strong> Sindaco della Citt\u00e0, e di <strong>ALESSANDRA RICUPERO<\/strong>, referente di Libera Bari-BAT, interverranno:<\/p>\n<ul>\n<li><strong>ROBERTO MONTA&#8217;,<\/strong> Presidente di Avviso Pubblico e Sindaco di Grugliasco;<\/li>\n<li><strong>MICHELE ABBATICCHIO,<\/strong> Vicepresidente di Avviso Pubblico e Sindaco di Bitonto;<\/li>\n<li><strong>PIERPAOLO D&#8217;ARIENZO,<\/strong> Sindaco del Comune di Monte Sant&#8217;Angelo;<\/li>\n<li><strong>ANTONIO DECARO,<\/strong> Presidente di Anci e Sindaco della Citt\u00e0 metropolitana di Bari.<\/li>\n<\/ul>\n<p>Modera l&#8217;evento il giornalista de La Gazzetta del Mezzogiorno, <strong>GIANLUIGI DE VITO<\/strong>.<\/p>\n<p>L&#8217;evento \u00e8 aperto a tutti. E&#8217; gradita conferma della presenza ai seguenti recapiti: stampa@avvisopubblico.it; Cell. 3357305980<\/p>\n<p><a href=\"http:\/\/www.diocesimolfetta.it\/luceevita\/wp-content\/uploads\/sites\/2\/2018\/07\/Intimidazioni-in-Puglia.pdf\">Intimidazioni in Puglia<\/a><\/p>\n<p>&nbsp;<\/p>\n<p><img loading=\"lazy\" decoding=\"async\" class=\"alignright size-medium wp-image-5620\" src=\"https:\/\/www.diocesimolfetta.it\/luceevita\/wp-content\/uploads\/sites\/2\/2018\/07\/esplode-212x300.gif\" alt=\"\" width=\"212\" height=\"300\" srcset=\"https:\/\/www.diocesimolfetta.it\/luceevita\/wp-content\/uploads\/sites\/2\/2018\/07\/esplode-212x300.gif 212w, https:\/\/www.diocesimolfetta.it\/luceevita\/wp-content\/uploads\/sites\/2\/2018\/07\/esplode-198x280.gif 198w\" sizes=\"auto, (max-width: 212px) 100vw, 212px\" \/><\/p>\n<p>A seguire, alle <strong>ore 18.30<\/strong>, sempre all&#8217;interno dell&#8217;Aula consiliare, in occasione del 26\u00b0 anniversario dell&#8217;omicidio del Sindaco Gianni Carnicella, organizzeremo un momento condiviso con tutte le realt\u00e0 del territorio che avr\u00e0 come tema:<strong> Esplode la legalit\u00e0<\/strong><\/p>\n<p>Interverranno:<\/p>\n<ul>\n<li><strong>MICHELE ABBATICCHIO,<\/strong> Vicepresidente di Avviso Pubblico e Sindaco di Bitonto;<\/li>\n<li><strong>MATTEO D&#8217;INGEO<\/strong>, Coordinatore del Movimento civico &#8220;Liberatorio Politico&#8221;.<\/li>\n<li>Modera <strong>Presidio Libera Molfetta \u201cG. Carnicella\u201d<\/strong><\/li>\n<\/ul>\n<p><a href=\"http:\/\/www.diocesimolfetta.it\/luceevita\/wp-content\/uploads\/sites\/2\/2018\/07\/Manifesto_5_luglio_2018.pdf\">Manifesto_5_luglio_2018<\/a><\/p>\n<p><span style=\"font-size: inherit;\">Rete delle associazioni:<\/span><\/p>\n<p><span style=\"font-size: inherit;\">Agesci Molfetta 1-2-4 | Archeoclub d\u2019Italia &#8211; sede di Molfetta \u201cG.M. Giovene\u201d | ArticoloUNO MDP \u2013 LeU Molfetta | Associazione Imprenditori Molfetta | Assopesca | Azione Cattolica Italiana \u2013 Diocesi di Molfetta | Camera del Lavoro \u2013 CGIL Molfetta | Casa per la pace | Circolo Legambiente di Molfetta \u201cGiovanna Grillo\u201d | Cittadella degli artisti | Cobas | Comitato di quartiere Madonna della Rosa | Confesercenti Metropolitana Terra di Bari | CSP UIL Molfetta | Famiglia Carnicella | Fondazione Guglielmo Minervini | Giovani Democratici | Gruppo 236 Amnesty International \u2013 Molfetta | Gruppo per l\u2019ospedale unico di primo livello | Liberatorio Politico | Luce e Vita \u2013 Settimanale diocesano | Masci Comunit\u00e0 don Tonino Bello | Masci Comunit\u00e0 Duomo | Molfetta Shopping | Movimento 5 stelle | Movimento Giovanile della Sinistra | PD | Potere al Popolo | Presidio Libera Molfetta \u201cGianni Carnicella\u201d | Rifondazione Comunista | Sezione scout Cngei Molfetta | Sinistra Italiana Molfetta | Teatrermitage | T.es.l.a.- Tempi e Spazi Liberamente Attivi | UNIAT-UIL Segreteria Regionale | UPSA Confartigianato Molfetta<\/span><\/p>\n","protected":false},"excerpt":{"rendered":"<p>Gioved\u00ec 5 luglio, manifestazioni a Molfetta per la legalit\u00e0. Settimo rapporto di Avviso Pubblico  &#8220;Amministratori sotto tiro&#8221; ed &#8220;Esplode la legalit\u00e0&#8221;<\/p>\n","protected":false},"author":3,"featured_media":5621,"comment_status":"closed","ping_status":"closed","sticky":false,"template":"","format":"standard","meta":{"footnotes":""},"categories":[34,97,36],"tags":[398,399,305,304,38],"class_list":["post-5616","post","type-post","status-publish","format-standard","has-post-thumbnail","hentry","category-citta","category-molfetta","category-news-luce-e-vita","tag-avviso-pubblico","tag-carnicella","tag-legalita","tag-libera","tag-molfetta"],"acf":[],"_links":{"self":[{"href":"https:\/\/www.diocesimolfetta.it\/luceevita\/wp-json\/wp\/v2\/posts\/5616","targetHints":{"allow":["GET"]}}],"collection":[{"href":"https:\/\/www.diocesimolfetta.it\/luceevita\/wp-json\/wp\/v2\/posts"}],"about":[{"href":"https:\/\/www.diocesimolfetta.it\/luceevita\/wp-json\/wp\/v2\/types\/post"}],"author":[{"embeddable":true,"href":"https:\/\/www.diocesimolfetta.it\/luceevita\/wp-json\/wp\/v2\/users\/3"}],"replies":[{"embeddable":true,"href":"https:\/\/www.diocesimolfetta.it\/luceevita\/wp-json\/wp\/v2\/comments?post=5616"}],"version-history":[{"count":2,"href":"https:\/\/www.diocesimolfetta.it\/luceevita\/wp-json\/wp\/v2\/posts\/5616\/revisions"}],"predecessor-version":[{"id":5623,"href":"https:\/\/www.diocesimolfetta.it\/luceevita\/wp-json\/wp\/v2\/posts\/5616\/revisions\/5623"}],"wp:featuredmedia":[{"embeddable":true,"href":"https:\/\/www.diocesimolfetta.it\/luceevita\/wp-json\/wp\/v2\/media\/5621"}],"wp:attachment":[{"href":"https:\/\/www.diocesimolfetta.it\/luceevita\/wp-json\/wp\/v2\/media?parent=5616"}],"wp:term":[{"taxonomy":"category","embeddable":true,"href":"https:\/\/www.diocesimolfetta.it\/luceevita\/wp-json\/wp\/v2\/categories?post=5616"},{"taxonomy":"post_tag","embeddable":true,"href":"https:\/\/www.diocesimolfetta.it\/luceevita\/wp-json\/wp\/v2\/tags?post=5616"}],"curies":[{"name":"wp","href":"https:\/\/api.w.org\/{rel}","templated":true}]}}