{"id":5644,"date":"2018-07-07T09:47:06","date_gmt":"2018-07-07T07:47:06","guid":{"rendered":"http:\/\/www.diocesimolfetta.it\/luceevita\/?p=5644"},"modified":"2018-08-17T15:58:05","modified_gmt":"2018-08-17T13:58:05","slug":"sulla-barca-pietro","status":"publish","type":"post","link":"https:\/\/www.diocesimolfetta.it\/luceevita\/sulla-barca-pietro\/","title":{"rendered":"Sulla &#8220;Barca di Pietro&#8221;"},"content":{"rendered":"<p><img loading=\"lazy\" decoding=\"async\" class=\"alignright size-medium wp-image-5645\" src=\"https:\/\/www.diocesimolfetta.it\/luceevita\/wp-content\/uploads\/sites\/2\/2018\/07\/pulman-300x169.jpg\" alt=\"\" width=\"300\" height=\"169\" srcset=\"https:\/\/www.diocesimolfetta.it\/luceevita\/wp-content\/uploads\/sites\/2\/2018\/07\/pulman-300x169.jpg 300w, https:\/\/www.diocesimolfetta.it\/luceevita\/wp-content\/uploads\/sites\/2\/2018\/07\/pulman-768x432.jpg 768w, https:\/\/www.diocesimolfetta.it\/luceevita\/wp-content\/uploads\/sites\/2\/2018\/07\/pulman-1024x576.jpg 1024w, https:\/\/www.diocesimolfetta.it\/luceevita\/wp-content\/uploads\/sites\/2\/2018\/07\/pulman-360x203.jpg 360w, https:\/\/www.diocesimolfetta.it\/luceevita\/wp-content\/uploads\/sites\/2\/2018\/07\/pulman-800x450.jpg 800w, https:\/\/www.diocesimolfetta.it\/luceevita\/wp-content\/uploads\/sites\/2\/2018\/07\/pulman-1200x675.jpg 1200w\" sizes=\"auto, (max-width: 300px) 100vw, 300px\" \/>Le strade di Bari erano sorprendentemente e piacevolmente libere, stamattina presto, lungo il percorso per giungere alla Basilica di San Nicola, prima tappa della giornata ecumenica barese voluta da Papa Francesco, terza visita pugliese nel giro di poche settimane. Nessun ingorgo, nessun intoppo anche al varco individuato per la Basilica. I volontari consegnano il programma e un cappellino bianco.<\/p>\n<p>E mentre il sole comincia a far capolino dietro la facciata del tempio romanico che unisce Oriente e Occidente, ecco arrivare sulla piazza antistante i Patriarchi Ortodossi delle diverse chiese autocefale e i rappresentanti delle chiese evangeliche, accolti dall\u2019applauso della gente. Qualche minuto di attesa e giunge Papa Francesco, esce dall\u2019auto col suo passo cadenzato e si colloca sul sagrato della basilica, retta dai Domenicani, ad accogliere e salutare, con abbracci e strette di mano, ciascun rappresentante delle Chiese sorelle. Si chiudono le porte alle loro spalle, mentre scendono in cripta a venerare le reliquie del Santo di Mira e accendere la lampada uniflamma.<\/p>\n<p>Ma il momento pi\u00f9 emblematico \u00e8 quando escono nuovamente sul sagrato e salgono sul pulman scoperto che li porter\u00e0 al lungomare. Ecco, la pi\u00f9 la moderna \u201cbarca di Pietro\u201d, su ruote di gomma e lungo strade asfaltate, accoglie i Pastori delle Chiese che per oltre un millennio sono rimaste divise e contrapposte, e che ora \u201cnavigano\u201d, visibilmente insieme, verso il sogno dell\u2019Unit\u00e0 che ci auguriamo diventi realt\u00e0. La partenza della \u201cbarca\u201d \u00e8 accompagnata dal grido festoso della gente: \u201cChie-sa uni-ta! Chie-sa uni-ta! Chie-sa uni-ta!\u201d.<\/p>\n<p>Non c\u2019\u00e8 augurio ed esigenza pi\u00f9 vera e pi\u00f9 urgente.<\/p>\n","protected":false},"excerpt":{"rendered":"<p>Prima tappa della giornata ecumenica barese voluta da Papa Francesco, terza visita pugliese nel giro di poche settimane.<\/p>\n","protected":false},"author":3,"featured_media":5645,"comment_status":"closed","ping_status":"closed","sticky":false,"template":"","format":"standard","meta":{"footnotes":""},"categories":[521,13,380,4],"tags":[408,407,217],"class_list":["post-5644","post","type-post","status-publish","format-standard","has-post-thumbnail","hentry","category-ufficio-per-lecumenismo-e-il-dialogo-interreligioso","category-editoriali","category-esperienze-pastorali","category-news","tag-bari","tag-incontro-ecumenico","tag-papa-francesco"],"acf":[],"_links":{"self":[{"href":"https:\/\/www.diocesimolfetta.it\/luceevita\/wp-json\/wp\/v2\/posts\/5644","targetHints":{"allow":["GET"]}}],"collection":[{"href":"https:\/\/www.diocesimolfetta.it\/luceevita\/wp-json\/wp\/v2\/posts"}],"about":[{"href":"https:\/\/www.diocesimolfetta.it\/luceevita\/wp-json\/wp\/v2\/types\/post"}],"author":[{"embeddable":true,"href":"https:\/\/www.diocesimolfetta.it\/luceevita\/wp-json\/wp\/v2\/users\/3"}],"replies":[{"embeddable":true,"href":"https:\/\/www.diocesimolfetta.it\/luceevita\/wp-json\/wp\/v2\/comments?post=5644"}],"version-history":[{"count":3,"href":"https:\/\/www.diocesimolfetta.it\/luceevita\/wp-json\/wp\/v2\/posts\/5644\/revisions"}],"predecessor-version":[{"id":5887,"href":"https:\/\/www.diocesimolfetta.it\/luceevita\/wp-json\/wp\/v2\/posts\/5644\/revisions\/5887"}],"wp:featuredmedia":[{"embeddable":true,"href":"https:\/\/www.diocesimolfetta.it\/luceevita\/wp-json\/wp\/v2\/media\/5645"}],"wp:attachment":[{"href":"https:\/\/www.diocesimolfetta.it\/luceevita\/wp-json\/wp\/v2\/media?parent=5644"}],"wp:term":[{"taxonomy":"category","embeddable":true,"href":"https:\/\/www.diocesimolfetta.it\/luceevita\/wp-json\/wp\/v2\/categories?post=5644"},{"taxonomy":"post_tag","embeddable":true,"href":"https:\/\/www.diocesimolfetta.it\/luceevita\/wp-json\/wp\/v2\/tags?post=5644"}],"curies":[{"name":"wp","href":"https:\/\/api.w.org\/{rel}","templated":true}]}}