{"id":5880,"date":"2018-08-17T11:14:41","date_gmt":"2018-08-17T09:14:41","guid":{"rendered":"http:\/\/www.diocesimolfetta.it\/luceevita\/?p=5880"},"modified":"2018-08-17T11:20:05","modified_gmt":"2018-08-17T09:20:05","slug":"mille-strade-verso-roma-unesperienza-indelebile-migliaia-giovani","status":"publish","type":"post","link":"https:\/\/www.diocesimolfetta.it\/luceevita\/mille-strade-verso-roma-unesperienza-indelebile-migliaia-giovani\/","title":{"rendered":"\u201cPer mille strade verso Roma\u201d, un\u2019esperienza indelebile per migliaia di giovani"},"content":{"rendered":"<p><img loading=\"lazy\" decoding=\"async\" class=\"wp-image-5881 size-full aligncenter\" src=\"https:\/\/www.diocesimolfetta.it\/luceevita\/wp-content\/uploads\/sites\/2\/2018\/08\/danzatrice.jpg\" alt=\"\" width=\"784\" height=\"393\" srcset=\"https:\/\/www.diocesimolfetta.it\/luceevita\/wp-content\/uploads\/sites\/2\/2018\/08\/danzatrice.jpg 784w, https:\/\/www.diocesimolfetta.it\/luceevita\/wp-content\/uploads\/sites\/2\/2018\/08\/danzatrice-300x150.jpg 300w, https:\/\/www.diocesimolfetta.it\/luceevita\/wp-content\/uploads\/sites\/2\/2018\/08\/danzatrice-768x385.jpg 768w, https:\/\/www.diocesimolfetta.it\/luceevita\/wp-content\/uploads\/sites\/2\/2018\/08\/danzatrice-360x180.jpg 360w\" sizes=\"auto, (max-width: 784px) 100vw, 784px\" \/>Settantamila giovani, di cui quarantamila camminatori <em>per mille strade<\/em> di tutta Italia, provenienti da duecento diocesi hanno scosso la soporosa e torrida Roma agostana, riempiendo Circo Massimo nel pomeriggio dell\u201911 agosto e piazza San Pietro nella mattinata del 12 con tutti i colori e i desideri che portavano addosso. Erano l\u00ec per partecipare all\u2019evento di incontro e preghiera con Papa Francesco \u201c<a href=\"https:\/\/giovani.chiesacattolica.it\/tax_sinodo_giovani\/per-mille-strade\/\">Per mille strade verso Roma<\/a>\u201d, promosso dalla Conferenza Episcopale Italiana in preparazione al Sinodo dei Vescovi \u201c<a href=\"http:\/\/www.synod2018.va\/content\/synod2018\/it.html\">I giovani, la fede e il discernimento vocazionale<\/a>\u201d che avr\u00e0 luogo dal 3 al 28 ottobre 2018.<\/p>\n<p>Dalla nostra diocesi, hanno preso parte a questo importante appuntamento ottantadue giovani che, prima del week end, hanno camminato per i Castelli Romani dal 6 al 10 agosto, accogliendo la proposta di questa esperienza pervenuta dalla Pastorale Giovanile Italiana e articolata nella scelta di luoghi, percorsi e momenti dal servizio diocesano della PG. Agli ottantadue camminatori, si sono aggiunti, dalla mattina di sabato 11, altri trentacinque giovani condiocesani.<\/p>\n<p>Per le strade di Roma, a vederli arrivare da lontano nei luoghi dell\u2019evento, con i materassini arrotolati e agganciati sugli zaini, sembravano angeli dotati di tante ali variopinte, pronti a far librare verso il Cielo tutti i loro sogni e le aspettative per il futuro.<\/p>\n<p>S\u00ec, sembravano proprio degli angeli in terra questi giovani, annunciatori (angelo viene infatti dal greco antico \u1f04\u03b3\u03b3\u03b5\u03bb\u03bf\u03c2, <em>\u00e0nghelos = <\/em>\u201cmessaggero\u201d) di una bellezza che risiede anche nella fatica, pronti sempre a spiccare il volo verso azzurrit\u00e0 che sorpassano gli orizzonti tante volte ingrigiti degli adulti.<\/p>\n<p>Nei giorni precedenti, per\u00f2, soprattutto chi ha camminato ha tenuto saldi i piedi per terra, ha portato cuore e zaino su quei piedi talvolta provati ma sempre tenaci, per sperimentare \u201cla gioia della fraternit\u00e0 e della comunione ecclesiale\u201d (parole pronunciate da Papa Francesco dopo l\u2019Angelus di domenica 12 agosto nel saluto ai giovani pellegrini, <em>ndr<\/em>).<\/p>\n<p>Il Papa e il Card. Gualtiero Bassetti, presidente della Conferenza Episcopale Italiana, hanno a pi\u00f9 riprese ringraziato i giovani per essersi messi in gioco nell\u2019esperienza dei cammini. Per tante comunit\u00e0 cittadine ed ecclesiali, questi cammini sono stati volto tangibile della tanto invocata \u201cChiesa in uscita\u201d del pontificato di Francesco.<\/p>\n<p>Il Papa, cos\u00ec come il card. Bassetti, di fronte a una platea tanto ampia e giovane, si sono sentiti fieri pastori di un gregge fedele e temerario, che osa andare oltre i propri confini per incontrare l\u2019altro e tutta quella Chiesa che fa da battistrada al cammino quotidiano di ciascuno. Simpaticamente, si pu\u00f2 notare come un altro confine oltre il quale i giovani sono andati \u00e8 stato quello dello Stato del Vaticano. Nella mattinata di domenica i giovani sono stati cos\u00ec numerosi da occupare non solo tutta Piazza San Pietro ma anche buona parte di via della Conciliazione, su cui hanno avuto la possibilit\u00e0 di seguire dai maxischermi, talvolta distesi sui materassini, perch\u00e9 sfiniti non solo dai cammini ma anche dalla notte bianca, o meglio, in bianco organizzata a Roma per l\u2019occasione.<\/p>\n<p>Dall\u2019alto della piazza era possibile apprezzare il gran numero di presenze nonch\u00e9 il caleidoscopio dei colori delle maglie e delle bandiere (tra le quali anche quelle di giovani provenienti da UK, Francia, Albania, Polonia, solo per citare alcuni dei Paesi presenti) che rappresentavano anche la pluralit\u00e0 di carismi e movimenti ecclesiali convenuti per l\u2019iniziativa (Azione Cattolica, Giovent\u00f9 Francescana, Missio Giovani Italia, Neocatecumenali, Rinnovamento nello Spirito, Salesiani, Scout, Sermig \u2013 Servizio Missionario Giovani, e tanti altri ancora). Una folla davvero festante, che sembrava eco della recente GMG di Cracovia e anticipo della prossima di Panama. Durante il passaggio del Papa sulla papamobile (ha ripetuto per quasi due volte il giro spingendosi fino a via della Conciliazione e passando per tutti i corridoi transitabili), questa distesa sterminata di giovani appariva come un campo di tanti girasoli pronti a direzionarsi in maniera sincrona verso Francesco non appena era prossimo a passare.<\/p>\n<p>Il Papa in questo week end appena trascorso non ha solo fisicamente teso mani i giovani con tanta gioia ed entusiasmo, ma ha anche lanciato con le sue parole tanti semi di bene nei loro cuori.<\/p>\n<p>La densit\u00e0 dei temi toccati \u00e8 stata altissima, soprattutto nel dialogo con alcuni giovani presenti sul palco di Circo Massimo prima della veglia di sabato pomeriggio. \u00c8 tornato a parlare del tema a lui caro dei sogni, speranze da coltivare ma sulle quali \u00e8 opportuno fare discernimento perch\u00e9 possano portare a costruire delle realt\u00e0 concrete. Ha ripetuto ancora una volta \u201cNon lasciatevi rubare i sogni\u201d e ha affermato che \u201cUn giovane che non sa sognare \u00e8 un giovane anestetizzato\u201d. Per spiegare meglio l\u2019importanza di seguire i propri sogni, ha raccontato con la sua consueta narrativa, accessibile a qualunque tipo di uditorio, i tratti salienti della storia di Francesco d\u2019Assisi, lasciandone intuire lentamente il nome per poi rivelarlo solo alla fine del racconto.<\/p>\n<p>Il coraggio di seguire i propri sogni e di realizzarli allontana da quella che definisce la divano-felicit\u00e0 e rende, invece, testimoni credibili. \u201cLa Chiesa senza testimonianza \u00e8 soltanto fumo\u201d. Con questa affermazione ha voluto sottolineare l\u2019importanza della testimonianza, nonch\u00e9 della ricerca di buoni maestri che facciano crescere i giovani come futuri maestri ed esempi per le generazioni successive, affinch\u00e9 non perdano credibilit\u00e0 ai loro occhi come spesso la perdono gli adulti di oggi.<\/p>\n<p>Il Papa ha parlato anche delle scelte definitive nell\u2019ambito degli studi e del lavoro ma soprattutto nell\u2019ambito relazionale e affettivo, sottolineando la necessit\u00e0 di un accompagnamento discreto e sapiente da parte degli adulti.<\/p>\n<p>Nel commento prima dell\u2019Angelus di domenica 12, ha lasciato a tutti una frase da ripetere come una giaculatoria \u201c\u00c8 bene non fare il male, ma \u00e8 male non fare il bene\u201d per incoraggiare a spendersi per il bene, a uscire da se stessi per andare verso l\u2019altro.<\/p>\n<p>Al termine Papa Francesco ha consegnato i doni dei giovani italiani (Crocifisso di San Damiano e Madonna di Loreto) alla delegazione di Panama per la prossima GMG 2019 e ha salutato tutti i presenti con l\u2019auspicio che possano continuare a camminare nella carit\u00e0 nonch\u00e9 a testimoniare la gioia della fraternit\u00e0 e della comunione ecclesiale.<\/p>\n<p>*accreditata per Luce e Vita<\/p>\n","protected":false},"excerpt":{"rendered":"<p>I giovani a Roma nell&#8217;incontro pre-sinodale con Papa Francesco. \u201c\u00c8 bene non fare il male, ma \u00e8 male non fare il bene\u201d per incoraggiare a spendersi per il bene, a uscire da se stessi per andare verso l\u2019altro.<\/p>\n","protected":false},"author":3,"featured_media":5881,"comment_status":"closed","ping_status":"closed","sticky":false,"template":"","format":"standard","meta":{"footnotes":""},"categories":[3,21,4,10],"tags":[461,463,382,472,470,460,469,78,471,464],"class_list":["post-5880","post","type-post","status-publish","format-standard","has-post-thumbnail","hentry","category-evidenza","category-levgio","category-news","category-servizio-per-la-pastorale-giovanile","tag-cammino","tag-castelli-romani","tag-diocesi-molfetta-ruvo-giovinazzo-terlizzi","tag-discernimento","tag-incontro-papa","tag-pastorale-giovanile","tag-siamo-qui","tag-sinodo-giovani","tag-vocazione","tag-x-mille-strade"],"acf":[],"_links":{"self":[{"href":"https:\/\/www.diocesimolfetta.it\/luceevita\/wp-json\/wp\/v2\/posts\/5880","targetHints":{"allow":["GET"]}}],"collection":[{"href":"https:\/\/www.diocesimolfetta.it\/luceevita\/wp-json\/wp\/v2\/posts"}],"about":[{"href":"https:\/\/www.diocesimolfetta.it\/luceevita\/wp-json\/wp\/v2\/types\/post"}],"author":[{"embeddable":true,"href":"https:\/\/www.diocesimolfetta.it\/luceevita\/wp-json\/wp\/v2\/users\/3"}],"replies":[{"embeddable":true,"href":"https:\/\/www.diocesimolfetta.it\/luceevita\/wp-json\/wp\/v2\/comments?post=5880"}],"version-history":[{"count":1,"href":"https:\/\/www.diocesimolfetta.it\/luceevita\/wp-json\/wp\/v2\/posts\/5880\/revisions"}],"predecessor-version":[{"id":5882,"href":"https:\/\/www.diocesimolfetta.it\/luceevita\/wp-json\/wp\/v2\/posts\/5880\/revisions\/5882"}],"wp:featuredmedia":[{"embeddable":true,"href":"https:\/\/www.diocesimolfetta.it\/luceevita\/wp-json\/wp\/v2\/media\/5881"}],"wp:attachment":[{"href":"https:\/\/www.diocesimolfetta.it\/luceevita\/wp-json\/wp\/v2\/media?parent=5880"}],"wp:term":[{"taxonomy":"category","embeddable":true,"href":"https:\/\/www.diocesimolfetta.it\/luceevita\/wp-json\/wp\/v2\/categories?post=5880"},{"taxonomy":"post_tag","embeddable":true,"href":"https:\/\/www.diocesimolfetta.it\/luceevita\/wp-json\/wp\/v2\/tags?post=5880"}],"curies":[{"name":"wp","href":"https:\/\/api.w.org\/{rel}","templated":true}]}}