{"id":5942,"date":"2018-09-06T09:06:11","date_gmt":"2018-09-06T07:06:11","guid":{"rendered":"http:\/\/www.diocesimolfetta.it\/luceevita\/?p=5942"},"modified":"2018-09-06T09:07:02","modified_gmt":"2018-09-06T07:07:02","slug":"estate-ragazzi-non-dimenticare-ruvo-puglia","status":"publish","type":"post","link":"https:\/\/www.diocesimolfetta.it\/luceevita\/estate-ragazzi-non-dimenticare-ruvo-puglia\/","title":{"rendered":"Per una Estate Ragazzi da non dimenticare"},"content":{"rendered":"<p><img loading=\"lazy\" decoding=\"async\" class=\"wp-image-5943 size-full aligncenter\" src=\"https:\/\/www.diocesimolfetta.it\/luceevita\/wp-content\/uploads\/sites\/2\/2018\/09\/scuola.jpg\" alt=\"\" width=\"768\" height=\"768\" srcset=\"https:\/\/www.diocesimolfetta.it\/luceevita\/wp-content\/uploads\/sites\/2\/2018\/09\/scuola.jpg 768w, https:\/\/www.diocesimolfetta.it\/luceevita\/wp-content\/uploads\/sites\/2\/2018\/09\/scuola-150x150.jpg 150w, https:\/\/www.diocesimolfetta.it\/luceevita\/wp-content\/uploads\/sites\/2\/2018\/09\/scuola-300x300.jpg 300w, https:\/\/www.diocesimolfetta.it\/luceevita\/wp-content\/uploads\/sites\/2\/2018\/09\/scuola-200x200.jpg 200w, https:\/\/www.diocesimolfetta.it\/luceevita\/wp-content\/uploads\/sites\/2\/2018\/09\/scuola-280x280.jpg 280w\" sizes=\"auto, (max-width: 768px) 100vw, 768px\" \/>L \u2018Oratorio Sacro Cuore ha organizzato, come da tradizione salesiana, anche quest\u2019anno\u00a0 l \u2018Estate Ragazzi. A partire dal \u00a07 giugno si sono aperte le porte \u00a0ogni pomeriggio alle 17.00 per accogliere i tanti bambini e ragazzi che quest\u2019anno hanno popolato i nostri cortili, fino alle 20.00 per i pi\u00f9 piccoli e poi fino alle 22.00 per i pi\u00f9 grandi. La festa finale si \u00e8 svolta il 19 luglio.<\/p>\n<p>Dal 13 giugno invece, appena terminata la scuola, abbiamo accolto ogni mattina dalle 8.30 alle 12.30 oltre 200 bambini tra i 6 e i 12 anni che, fino al 31 luglio, si sono dedicati a giochi, sport, musica, laboratori, appassionandosi ad una storia educativa basata su relazioni vere di amicizia e di fiducia nell\u2019altro che, attraverso il video e l\u2019approfondimento in gruppo di una parola chiave, permette\u00a0 ai ragazzi di assimilare i valori grandi \u00a0della vita.<\/p>\n<p>Al mattino la Storia di quest&#8217;anno \u00e8 <strong>\u201c Yubi, i custodi della Luce<\/strong>\u201d, ambientato in Giappone sul tema dell\u2019AMICIZIA.<\/p>\n<p>Al pomeriggio \u00a0il tema \u00e8 <strong>\u201cCHE BELLA NOTIZIA\u2026 se la vivi si vede\u201d<\/strong> \u2026 e ogni giorno c\u2019\u00e8 una bella notizia per tutti \u2026<\/p>\n<p>L\u2019<strong>Estate Ragazzi<\/strong>, sia al mattino che al pomeriggio, inizia con l\u2019accoglienza\u00a0 da parte dei giovani volontari, con balli vari, tra cui i tormentoni dell\u2019estate, e soprattutto l\u2019<strong>inno<\/strong> che introduce l\u2019episodio del giorno tratto dalla storia.<\/p>\n<p>Poi iniziano i laboratori, che i bambini possono scegliere, suddivisi per fasce di et\u00e0:<\/p>\n<ul>\n<li>Laboratori sportivi, ( calcio \u2013basket-volley-flag ball- pattinaggio-ballo-)<\/li>\n<li>manuali ( creativo-art attack- traforo e pirografo-falegnameria-pittura-murales-mosaici)<\/li>\n<li>musicali (percussioni e chitarra).<\/li>\n<\/ul>\n<p>E per finire non sono mancati i giochi organizzati. Quelli pi\u00f9 attesi sono sicuramente i <strong>GIOCHI D\u2019ACQUA.<\/strong><\/p>\n<p>I\u00a0 laboratori permettono ai ragazzi di esprimersi e far venir fuori anche i tanti\u00a0 talenti\u00a0 nascosti \u2026 e sotto la guida di bravi volontari e animatori, riescono a realizzare anche piccoli capolavori.<\/p>\n<p>Tutti i partecipanti sono divisi in squadre, contraddistinte dai colori, le quali ogni giorno ricevono un punteggio in base a criteri che vanno dal comportamento\u00a0 al \u00a0giocare bene, dal rispetto degli altri al fare bene la raccolta differenziata, proprio per educare al valore dello stare insieme, del rispetto dell\u2019altro e della salvaguardia dell\u2019ambiente.<\/p>\n<p>Ci sono inoltre le escursioni alla scoperta del territorio\u00a0 per tutti i ragazzi, suddivisi in gruppi a seconda dell\u2019 et\u00e0. Tutti hanno visitato il Museo Jatta, il Museo del Libro e il centro storico di Ruvo di Puglia.<\/p>\n<p>Tutti insieme per\u00f2, in ben quattro bus, ci siamo recati\u00a0 al maneggio \u201c Zenzola \u201c presso il bosco Patanella, dove i ragazzi sono stati a contatto con la natura e con gli animali, riuscendo perfino a montare in sella. I ragazzi dalla IV elementare in su, hanno visitato la Cattedrale di Andria e il Museo del confetto mentre i pi\u00f9 piccoli hanno fatto tappa a\u00a0 Bari..<\/p>\n<p>E per finire in bellezza, non poteva mancare per tutti la visita a Molfetta, sui passi di don Tonino Bello.<\/p>\n<p>Tra gli obiettivi raggiunti c\u2019\u00e8 anche quello di una buona <strong>integrazione<\/strong> e <strong>inclusione<\/strong> \u2026 una esperienza di amicizia allargata ha visto i bambini e ragazzi fare spazio, nei giochi e soprattutto nel loro cuore, ai bambini del <strong><em>\u201cProgetto di assistenza specialistica extrascolastica\u201d<\/em><\/strong> di Ruvo Servizi, seguiti dagli Educatori dell\u2019Albero della Vita\u2026.<\/p>\n<p>Appuntamento attesissimo ogni anno \u00e8 l\u2019immancabile giornata all\u2019\u2019Acquapark, dove genitori e figli si sono rilassati insieme. Come tutti sappiamo per\u00f2 non ci pu\u00f2 essere alcuna esperienza educativa di qualit\u00e0, senza un vero e proprio <strong><em>patto con \u00a0le famiglie<\/em><\/strong> e un <strong><em>coinvolgimento dei genitori<\/em><\/strong> nelle esperienze e nei giochi dei propri figli. Cos\u00ec, come ogni anno, abbiamo vissuto diverse edizioni della <strong>Festa della famiglia<\/strong>, in cui genitori e figli hanno potuto stare \u00a0insieme all\u2019insegna di un sano divertimento.<\/p>\n<p>E le attrazioni di quest\u2019anno non sono ancora terminate: il venerd\u00ec dedicato alle <strong>serate disco, <\/strong>riservate ai ragazzi dai 10 anni in su, ha fatto divertire tanti adolescenti.<\/p>\n<p>Il programma prevede ancora altre uscite in zone verdi e tanto sano divertimento.<\/p>\n<p>E allora, gli ingredienti di una buona Estate Ragazzi? <em>Amicizia, divertimento, sport, musica e giochi, natura e vita sana, adulti significativi:<\/em> mescolare e amalgamare con cura e il successo educativo \u00e8 assicurato.<\/p>\n<p>E se si aggiunge una buona <em>merenda sana<\/em> a base di frutta, offerta ogni giorno a tutti i bambini \u2026 il successo \u00e8 garantito!<strong> \u00c9 proprio vero che la ricarica quotidiana dei volontari \u00e8 la gioia che i ragazzi esprimono nello star bene, in un ambiente educativo creato su misura per loro.\u00a0 <\/strong><\/p>\n<p>&nbsp;<\/p>\n","protected":false},"excerpt":{"rendered":"<p>L \u2018Oratorio Sacro Cuore ha organizzato, come da tradizione salesiana, anche quest\u2019anno\u00a0 l \u2018Estate Ragazzi. <\/p>\n","protected":false},"author":3,"featured_media":5944,"comment_status":"closed","ping_status":"closed","sticky":false,"template":"","format":"standard","meta":{"footnotes":""},"categories":[34,380,4,98],"tags":[543,71,542,275],"class_list":["post-5942","post","type-post","status-publish","format-standard","has-post-thumbnail","hentry","category-citta","category-esperienze-pastorali","category-news","category-ruvo-di-puglia","tag-oratorio","tag-ruvo-di-puglia","tag-sacro-cuore","tag-salesiane"],"acf":[],"_links":{"self":[{"href":"https:\/\/www.diocesimolfetta.it\/luceevita\/wp-json\/wp\/v2\/posts\/5942","targetHints":{"allow":["GET"]}}],"collection":[{"href":"https:\/\/www.diocesimolfetta.it\/luceevita\/wp-json\/wp\/v2\/posts"}],"about":[{"href":"https:\/\/www.diocesimolfetta.it\/luceevita\/wp-json\/wp\/v2\/types\/post"}],"author":[{"embeddable":true,"href":"https:\/\/www.diocesimolfetta.it\/luceevita\/wp-json\/wp\/v2\/users\/3"}],"replies":[{"embeddable":true,"href":"https:\/\/www.diocesimolfetta.it\/luceevita\/wp-json\/wp\/v2\/comments?post=5942"}],"version-history":[{"count":2,"href":"https:\/\/www.diocesimolfetta.it\/luceevita\/wp-json\/wp\/v2\/posts\/5942\/revisions"}],"predecessor-version":[{"id":5946,"href":"https:\/\/www.diocesimolfetta.it\/luceevita\/wp-json\/wp\/v2\/posts\/5942\/revisions\/5946"}],"wp:featuredmedia":[{"embeddable":true,"href":"https:\/\/www.diocesimolfetta.it\/luceevita\/wp-json\/wp\/v2\/media\/5944"}],"wp:attachment":[{"href":"https:\/\/www.diocesimolfetta.it\/luceevita\/wp-json\/wp\/v2\/media?parent=5942"}],"wp:term":[{"taxonomy":"category","embeddable":true,"href":"https:\/\/www.diocesimolfetta.it\/luceevita\/wp-json\/wp\/v2\/categories?post=5942"},{"taxonomy":"post_tag","embeddable":true,"href":"https:\/\/www.diocesimolfetta.it\/luceevita\/wp-json\/wp\/v2\/tags?post=5942"}],"curies":[{"name":"wp","href":"https:\/\/api.w.org\/{rel}","templated":true}]}}