{"id":6270,"date":"2019-01-03T12:04:29","date_gmt":"2019-01-03T11:04:29","guid":{"rendered":"http:\/\/www.diocesimolfetta.it\/luceevita\/?p=6270"},"modified":"2019-01-03T12:04:29","modified_gmt":"2019-01-03T11:04:29","slug":"leggere-luce-vita","status":"publish","type":"post","link":"https:\/\/www.diocesimolfetta.it\/luceevita\/leggere-luce-vita\/","title":{"rendered":"Leggere Luce \u00e8 Vita"},"content":{"rendered":"<p><img loading=\"lazy\" decoding=\"async\" class=\"alignright size-full wp-image-6271\" src=\"https:\/\/www.diocesimolfetta.it\/luceevita\/wp-content\/uploads\/sites\/2\/2019\/01\/lev01_19.jpg\" alt=\"\" width=\"535\" height=\"780\" srcset=\"https:\/\/www.diocesimolfetta.it\/luceevita\/wp-content\/uploads\/sites\/2\/2019\/01\/lev01_19.jpg 535w, https:\/\/www.diocesimolfetta.it\/luceevita\/wp-content\/uploads\/sites\/2\/2019\/01\/lev01_19-206x300.jpg 206w, https:\/\/www.diocesimolfetta.it\/luceevita\/wp-content\/uploads\/sites\/2\/2019\/01\/lev01_19-192x280.jpg 192w, https:\/\/www.diocesimolfetta.it\/luceevita\/wp-content\/uploads\/sites\/2\/2019\/01\/lev01_19-527x768.jpg 527w\" sizes=\"auto, (max-width: 535px) 100vw, 535px\" \/>Porgo un augurio ai Lettori per l\u2019anno nuovo appena cominciato. Con questo primo numero del 2019 Luce e Vita taglia il nastro dei 95 anni: dal 1924 il giornale rende un servizio alle comunit\u00e0, agli individui, non solo vicini alla Chiesa. Grazie, perci\u00f2, a tutti coloro che hanno avuto la saggia intuizione di fondare un giornale, circa un secolo fa, quando erano ancora pochi coloro che potevano iscriversi a scuola. A pochi anni dalla grande guerra del \u201815-\u201918, pi\u00f9 che a studiare si pensava a sopravvivere, a trovare un lavoro per sfamare se stessi e i propri figli. Per questo a chi ha pensato di istituire uno strumento di conoscenza, di informazione che fosse anche di formazione &#8211; mons. Gioia e i suoi collaboratori &#8211; va il nostro grande grazie!<br \/>\nOggi, probabilmente, stiamo vivendo un pericolo analogo e, direi, inverso: all\u2019analfabetismo imposto dalle condizioni del tempo, corrisponde oggi un analfabetismo di ritorno e, forse, anche cercato da noi stessi. Voglio dire che c\u2019\u00e8 poca affezione alla lettura, all\u2019approfondimento, a leggere e rileggere articoli di giornale. Pertanto vorrei che Luce e Vita fosse per noi un campanello di allarme, un invito, uno sprone a fare della lettura una occasione fondamentale per la nostra formazione. Tante volte la notizia, di qualunque tipologia, non valica i confini della nostra mente, delle nostre case, della nostra Diocesi, solo perch\u00e8 manca uno strumento di trasmissione. Vorrei tanto che questo strumento cartaceo, che oggi si accompagna ad altri strumenti attivi in Diocesi, fosse sempre pi\u00f9 sostenuto, tenuto in grande considerazione perch\u00e8 i nostri Lettori possano trovarne giovamento. Vorrei che sempre pi\u00f9 Luce e Vita entrasse nelle nostre case e nella quotidianit\u00e0; sosteniamolo con la lettura, magari fornendo alla direzione contributi preziosi; ma sosteniamolo anche con la diffusione, portiamolo nelle case, sul posto di lavoro, sui mezzi di trasporto, nei luoghi di ritrovo&#8230; Anche le persone che vivono fuori Diocesi chiedono il giornale, per cui esso deve continuare ad essere un ponte oltre i recinti. Che Luce e Vita diventi Luce \u00e8 Vita. La nostra testimonianza, cio\u00e8, pu\u00f2 e deve portare un rinnovamento nella vita propria e degli altri.<br \/>\nAuguro a me e a tutti di poter vivere autenticamente la Visita Pastorale che comincer\u00f2 il 15 gennaio prossimo, narrata e accompagnata anche dalle pagine del settimanale diocesano.<br \/>\nAuguri!<\/p>\n<p>di Mons. Domenico Cornacchia<\/p>\n","protected":false},"excerpt":{"rendered":"<p>Messaggio per il 95\u00b0 anno del giornale diocesano<\/p>\n","protected":false},"author":3,"featured_media":6271,"comment_status":"closed","ping_status":"closed","sticky":false,"template":"","format":"standard","meta":{"footnotes":""},"categories":[13],"tags":[639,638,25],"class_list":["post-6270","post","type-post","status-publish","format-standard","has-post-thumbnail","hentry","category-editoriali","tag-95-anniversario","tag-leggere","tag-luce-e-vita"],"acf":[],"_links":{"self":[{"href":"https:\/\/www.diocesimolfetta.it\/luceevita\/wp-json\/wp\/v2\/posts\/6270","targetHints":{"allow":["GET"]}}],"collection":[{"href":"https:\/\/www.diocesimolfetta.it\/luceevita\/wp-json\/wp\/v2\/posts"}],"about":[{"href":"https:\/\/www.diocesimolfetta.it\/luceevita\/wp-json\/wp\/v2\/types\/post"}],"author":[{"embeddable":true,"href":"https:\/\/www.diocesimolfetta.it\/luceevita\/wp-json\/wp\/v2\/users\/3"}],"replies":[{"embeddable":true,"href":"https:\/\/www.diocesimolfetta.it\/luceevita\/wp-json\/wp\/v2\/comments?post=6270"}],"version-history":[{"count":1,"href":"https:\/\/www.diocesimolfetta.it\/luceevita\/wp-json\/wp\/v2\/posts\/6270\/revisions"}],"predecessor-version":[{"id":6272,"href":"https:\/\/www.diocesimolfetta.it\/luceevita\/wp-json\/wp\/v2\/posts\/6270\/revisions\/6272"}],"wp:featuredmedia":[{"embeddable":true,"href":"https:\/\/www.diocesimolfetta.it\/luceevita\/wp-json\/wp\/v2\/media\/6271"}],"wp:attachment":[{"href":"https:\/\/www.diocesimolfetta.it\/luceevita\/wp-json\/wp\/v2\/media?parent=6270"}],"wp:term":[{"taxonomy":"category","embeddable":true,"href":"https:\/\/www.diocesimolfetta.it\/luceevita\/wp-json\/wp\/v2\/categories?post=6270"},{"taxonomy":"post_tag","embeddable":true,"href":"https:\/\/www.diocesimolfetta.it\/luceevita\/wp-json\/wp\/v2\/tags?post=6270"}],"curies":[{"name":"wp","href":"https:\/\/api.w.org\/{rel}","templated":true}]}}