{"id":6278,"date":"2019-01-05T10:56:23","date_gmt":"2019-01-05T09:56:23","guid":{"rendered":"http:\/\/www.diocesimolfetta.it\/luceevita\/?p=6278"},"modified":"2019-01-10T15:44:23","modified_gmt":"2019-01-10T14:44:23","slug":"luce-vita-entra-nel-95-anno-pubblicazione","status":"publish","type":"post","link":"https:\/\/www.diocesimolfetta.it\/luceevita\/luce-vita-entra-nel-95-anno-pubblicazione\/","title":{"rendered":"&#8220;Luce e Vita&#8221; entra nel 95\u00b0 anno di pubblicazione"},"content":{"rendered":"<p><img loading=\"lazy\" decoding=\"async\" class=\"alignright size-full wp-image-6271\" src=\"https:\/\/www.diocesimolfetta.it\/luceevita\/wp-content\/uploads\/sites\/2\/2019\/01\/lev01_19.jpg\" alt=\"\" width=\"535\" height=\"780\" srcset=\"https:\/\/www.diocesimolfetta.it\/luceevita\/wp-content\/uploads\/sites\/2\/2019\/01\/lev01_19.jpg 535w, https:\/\/www.diocesimolfetta.it\/luceevita\/wp-content\/uploads\/sites\/2\/2019\/01\/lev01_19-206x300.jpg 206w, https:\/\/www.diocesimolfetta.it\/luceevita\/wp-content\/uploads\/sites\/2\/2019\/01\/lev01_19-192x280.jpg 192w, https:\/\/www.diocesimolfetta.it\/luceevita\/wp-content\/uploads\/sites\/2\/2019\/01\/lev01_19-527x768.jpg 527w\" sizes=\"auto, (max-width: 535px) 100vw, 535px\" \/>Con il numero 1 di domenica 6 gennaio 2019, il settimanale diocesano <strong><em>Luce e Vita<\/em><\/strong> entra nel suo 95\u00b0 anno di pubblicazione e lo fa con un pezzo di eccezione: la riproduzione del biglietto autografo con cui <strong>Papa Francesco\u00a0<\/strong> ringrazia il <strong>Vescovo Domenico Cornacchia<\/strong> e l\u2019intero \u201c<strong>popolo di Dio tanto gioioso<\/strong>\u201d che lo scorso 1\u00b0 dicembre lo ha incontrato in Aula Paolo VI, restituendo la visita del 20 aprile 2018, nel nome di <strong>don Tonino Bello<\/strong>.<\/p>\n<p>Fu <strong>mons. Pasquale Gioia<\/strong> (vescovo dal 1921 al 1935) con i primi fogli a stampa pubblicati nel 1924 per dialogare con i fedeli in vista del 1\u00b0 Congresso Eucaristico interdiocesano, a inaugurare quella nuova forma di comunicazione che diventer\u00e0, l\u2019anno successivo, il giornale <em>Luce e Vita<\/em>. La sua storia \u00e8 stata ampiamente narrata nei due saggi che <strong>Marco Ignazio de Santis<\/strong> ha scritto in occasione dell\u201980\u00b0 e del 90\u00b0, pubblicati rispettivamente in <em>Luce e Vita<\/em> <em>Documentazione<\/em> 2004\/2 e 2014\/1. In novantacinque anni, a parte qualche breve parentesi, il giornale diocesano ha continuato a fare luce nella vita della comunit\u00e0, proponendo la Luce vera che per i cristiani \u00e8 Cristo stesso, e a narrare la vita degli uomini, soprattutto quella pi\u00f9 fragile, avendo come esempio la Vita vera, quella di Cristo.<\/p>\n<p>\u00abA pochi anni dalla grande guerra del \u201815-\u201918, pi\u00f9 che a studiare si pensava a sopravvivere \u2013 scrive Mons. Cornacchia nel messaggio augurale su <em>Luce e Vita<\/em> &#8211; Oggi, probabilmente, stiamo vivendo un pericolo analogo e, direi, inverso: all\u2019analfabetismo imposto dalle condizioni del tempo, corrisponde oggi un analfabetismo di ritorno e, forse, anche cercato da noi stessi. Voglio dire che c\u2019\u00e8 poca affezione alla lettura, all\u2019approfondimento, a leggere e rileggere articoli di giornale. Pertanto vorrei &#8211; prosegue il Vescovo &#8211; che <em>Luce e Vita<\/em> fosse per noi un campanello di allarme, un invito, uno sprone a fare della lettura una occasione fondamentale per la nostra formazione\u00bb.<\/p>\n<p>Per questo la redazione, come \u00e8 suo stile, ha ritenuto di valutare il cammino, a cinque anni dalla verifica fatta nel Novantesimo, per non ridursi a \u201ctirare avanti\u201d, e nel mese di settembre ha diffuso un questionario i cui risultati sono pubblicati sul giornale di domenica 6 gennaio. Ne esce un giornale confermato nella sua identit\u00e0 e nella sua funzione, ma anche spronato ad ampliare il suo raggio di azione. \u00abUna visione globale sulle vicende e una possibilit\u00e0 di lettura non catastrofica degli eventi &#8211; scrive un lettore rispondendo al questionario &#8211; permetterebbe di accedere alla storia con gli occhi della fede. Penso che potenziando un po\u2019 di pi\u00f9 la visione su tutto ci\u00f2 che circonda l\u2019uomo, ogni argomento diverrebbe interessante\u201d. Non paga del suo punto di vista, la redazione ha sottoposto i risultati del sondaggio al sociologo <strong>Paolo Contini<\/strong>: \u00ab&#8230;esso non necessit\u00e0 di un restyling dato che l\u2019utenza attuale \u2013 ha detto il sociologo \u2013 sostanzialmente non denuncia interventi di chiss\u00e0 quale tipo. Ci sono per\u00f2 alcuni aspetti particolari sicuramente da rivedere: su tutti, l\u2019utenza giovanile, da anni ormai sintonizzata su ben altri tipi di comunicazione rispetto ad un giornale cartaceo\u00bb.<\/p>\n<p>Apertura ai social (che <em>Luce e Vita<\/em> ha gi\u00e0 compiuto con il potenziamento della pagina <em>Facebook <\/em>e l\u2019attivazione del canale <em>Instagram<\/em>) con un utilizzo adeguato dei linguaggi (ad es. uso degli<em> hashtag<\/em>, video in diretta, condivisione dei post ecc.) ma attenzione anche al linguaggio utilizzato su di essi.<\/p>\n<p>Solo chi \u00e8 distratto o superficiale o disabituato alla lettura non ha avuto modo di notare la progettualit\u00e0 e l\u2019impegno profusi dalla redazione in questi anni. Affrontando e resistendo alle difficolt\u00e0 che la carta stampata riscontra, <em>Luce e Vita <\/em>non si chiude nella gloria della sua storia, ma guarda avanti integrandosi sempre pi\u00f9 con gli altri media. Da qui la scelta di modificare la testata inserendo la chiocciola col rosone (logo dell\u2019Ufficio Comunicazioni sociali) al posto della \u201ca\u201d nella testata: pluralit\u00e0 di spazi e di linguaggi della comunicazione (giornale, sito, portale delle parrocchie, pagine social, canali video\u2026), unit\u00e0 di missione coordinata dall\u2019Ufficio Comunicazioni sociali.<\/p>\n<p>Certo, per\u00f2, che la verifica definitiva \u00e8 la scelta di tutti i Lettori di abbonarsi e dare sostegno concreto. Questo \u00e8 il tempo per farlo. Da quest&#8217;anno \u00e8 possibile <a href=\"https:\/\/docs.google.com\/forms\/d\/e\/1FAIpQLSc0l6iAK9zJfiXwLl4Ut1ylYZdP_hBe25kDEusci25cIcHnkw\/viewform\"><strong>abbonarsi anche solo alla versione digitale<\/strong><\/a> (pdf).<\/p>\n<p>Luigi Sparapano<\/p>\n","protected":false},"excerpt":{"rendered":"<p>Con il numero 1 di domenica 6 gennaio 2019, il settimanale diocesano Luce e Vita entra nel suo 95\u00b0 anno di pubblicazione e lo fa con un pezzo di eccezione: la riproduzione del biglietto autografo con cui Papa Francesco ringrazia il Vescovo Domenico Cornacchia e l\u2019intero \u201cpopolo di Dio tanto gioioso\u201d <\/p>\n","protected":false},"author":3,"featured_media":6279,"comment_status":"closed","ping_status":"closed","sticky":false,"template":"","format":"standard","meta":{"footnotes":""},"categories":[387,380,3,4,36,271,11],"tags":[641,141,25,76],"class_list":["post-6278","post","type-post","status-publish","format-standard","has-post-thumbnail","hentry","category-chiesa-locale","category-esperienze-pastorali","category-evidenza","category-news","category-news-luce-e-vita","category-santo-padre","category-ufficio-per-le-comunicazioni-sociali","tag-641","tag-comunicazioni-sociali","tag-luce-e-vita","tag-molfetta-ruvo-giovinazzo-terlizzi"],"acf":[],"_links":{"self":[{"href":"https:\/\/www.diocesimolfetta.it\/luceevita\/wp-json\/wp\/v2\/posts\/6278","targetHints":{"allow":["GET"]}}],"collection":[{"href":"https:\/\/www.diocesimolfetta.it\/luceevita\/wp-json\/wp\/v2\/posts"}],"about":[{"href":"https:\/\/www.diocesimolfetta.it\/luceevita\/wp-json\/wp\/v2\/types\/post"}],"author":[{"embeddable":true,"href":"https:\/\/www.diocesimolfetta.it\/luceevita\/wp-json\/wp\/v2\/users\/3"}],"replies":[{"embeddable":true,"href":"https:\/\/www.diocesimolfetta.it\/luceevita\/wp-json\/wp\/v2\/comments?post=6278"}],"version-history":[{"count":3,"href":"https:\/\/www.diocesimolfetta.it\/luceevita\/wp-json\/wp\/v2\/posts\/6278\/revisions"}],"predecessor-version":[{"id":6282,"href":"https:\/\/www.diocesimolfetta.it\/luceevita\/wp-json\/wp\/v2\/posts\/6278\/revisions\/6282"}],"wp:featuredmedia":[{"embeddable":true,"href":"https:\/\/www.diocesimolfetta.it\/luceevita\/wp-json\/wp\/v2\/media\/6279"}],"wp:attachment":[{"href":"https:\/\/www.diocesimolfetta.it\/luceevita\/wp-json\/wp\/v2\/media?parent=6278"}],"wp:term":[{"taxonomy":"category","embeddable":true,"href":"https:\/\/www.diocesimolfetta.it\/luceevita\/wp-json\/wp\/v2\/categories?post=6278"},{"taxonomy":"post_tag","embeddable":true,"href":"https:\/\/www.diocesimolfetta.it\/luceevita\/wp-json\/wp\/v2\/tags?post=6278"}],"curies":[{"name":"wp","href":"https:\/\/api.w.org\/{rel}","templated":true}]}}