{"id":6355,"date":"2019-01-20T13:10:36","date_gmt":"2019-01-20T12:10:36","guid":{"rendered":"http:\/\/www.diocesimolfetta.it\/luceevita\/?p=6355"},"modified":"2019-01-20T13:12:47","modified_gmt":"2019-01-20T12:12:47","slug":"dolore-del-papa-migranti-morti-nel-mediterraneo","status":"publish","type":"post","link":"https:\/\/www.diocesimolfetta.it\/luceevita\/dolore-del-papa-migranti-morti-nel-mediterraneo\/","title":{"rendered":"Il dolore del Papa, e nostro, per i migranti morti nel Mediterraneo"},"content":{"rendered":"<p><iframe loading=\"lazy\" src=\"https:\/\/www.youtube.com\/embed\/lB5uklajQYo\" width=\"560\" height=\"315\" frameborder=\"0\" allowfullscreen=\"allowfullscreen\"><\/iframe><\/p>\n<p>\u00abCari fratelli e sorelle,<\/p>\n<p>Oggi ho due dolori nel cuore: la Colombia e il Mediterraneo.<\/p>\n<p>Desidero assicurare la mia vicinanza al popolo colombiano, dopo il grave attacco terroristico di gioved\u00ec scorso alla Scuola nazionale della Polizia. Prego per le vittime e per i loro familiari, e continuo a pregare per il cammino di pace in Colombia.<\/p>\n<p>Penso alle 170 vittime, naufraghi nel Mediterraneo. Cercavano un futuro per la loro vita. Vittime, forse, di trafficanti di esseri umani. Preghiamo per loro e per coloro che hanno la responsabilit\u00e0 di quello che \u00e8 successo.<\/p>\n<p>\u201cAve o Maria,\u2026\u201d.<\/p>\n<p>\u201cDi fronte all\u2019ennesimo, drammatico, naufragio di migranti, occorre far tacere ogni polemica e mostrare piet\u00e0\u201d. Lo scrive in una nota la Comunit\u00e0 di Sant\u2019Egidio a proprosito della notizia dei 117 dispersi al largo della Libia, tra cui anche donne incinte e neonati, a causa di un naufragio. \u201cNon si pu\u00f2 far finta di niente: per un senso di umanit\u00e0, che dovrebbe accomunare tutti, ma anche perch\u00e9 la loro tragedia ci riguarda da vicino\u201d. Secondo la Comunit\u00e0 \u201c\u00e8 davvero scandaloso litigare \u2013 come si \u00e8 fatto nei giorni scorsi \u2013 su un piccolo gruppo di persone gi\u00e0 salvate ma non sbarcate: di fronte ad un fenomeno di cos\u00ec ampie proporzioni, che riguarda non solo il futuro dell\u2019Africa, ma anche quello del nostro continente\u201d. Per questo motivo, \u201cl\u2019Unione dovrebbe mettere da parte i litigi e avere il coraggio di avanzare proposte di ampio respiro, le uniche che possono contrastare con efficacia i trafficanti di esseri umani\u201d. Il primo passo, secondo Sant\u2019Egidio, \u00e8 quello di \u201ccontinuare a salvare chi \u00e8 in pericolo, non solo nel mare ma anche nel deserto e nei campi di detenzione in Africa\u201d. \u201cIn secondo luogo, occorre intervenire con intelligenza, in modo consistente, nei Paesi di origine dell\u2019immigrazione per consolidare la pace e creare soluzioni occupazionali, a partire dai giovani\u201d. \u201cIn terzo luogo \u2013 continua la nota -, \u00e8 urgente anche pensare a vie di ingresso regolare \u2013 come lo sono i corridoi umanitari per chi fugge dalle guerre \u2013 perch\u00e9 favoriscono l\u2019integrazione, che \u00e8 l\u2019unica risposta umanamente, economicamente e socialmente sostenibile ad un fenomeno che ci accompagner\u00e0 anche nei prossimi anni\u201d.<\/p>\n<p>Sar\u00e0 proprio il <strong>prof. Andrea Riccardi, <\/strong>fondatore della Comunit\u00e0 di S. Egidio, a proporre la riflessione in occasione della marcia e veglia della pace diocesana a Giovinazzo, sabato 26 gennaio 2019.<\/p>\n<p>Uniamo la nostra preghiera a quella del Papa&#8230;<\/p>\n","protected":false},"excerpt":{"rendered":"<p>\u00abPenso alle 170 vittime, naufraghi nel Mediterraneo. Cercavano un futuro per la loro vita. Vittime, forse, di trafficanti di esseri umani. Preghiamo per loro e per coloro che hanno la responsabilit\u00e0 di quello che \u00e8 successo.\u00bb<\/p>\n","protected":false},"author":3,"featured_media":6360,"comment_status":"closed","ping_status":"closed","sticky":false,"template":"","format":"standard","meta":{"footnotes":""},"categories":[459,3,4,36,271],"tags":[665,467,105,217],"class_list":["post-6355","post","type-post","status-publish","format-standard","has-post-thumbnail","hentry","category-attualita","category-evidenza","category-news","category-news-luce-e-vita","category-santo-padre","tag-angelus","tag-mediterraneo","tag-migranti","tag-papa-francesco"],"acf":[],"_links":{"self":[{"href":"https:\/\/www.diocesimolfetta.it\/luceevita\/wp-json\/wp\/v2\/posts\/6355","targetHints":{"allow":["GET"]}}],"collection":[{"href":"https:\/\/www.diocesimolfetta.it\/luceevita\/wp-json\/wp\/v2\/posts"}],"about":[{"href":"https:\/\/www.diocesimolfetta.it\/luceevita\/wp-json\/wp\/v2\/types\/post"}],"author":[{"embeddable":true,"href":"https:\/\/www.diocesimolfetta.it\/luceevita\/wp-json\/wp\/v2\/users\/3"}],"replies":[{"embeddable":true,"href":"https:\/\/www.diocesimolfetta.it\/luceevita\/wp-json\/wp\/v2\/comments?post=6355"}],"version-history":[{"count":2,"href":"https:\/\/www.diocesimolfetta.it\/luceevita\/wp-json\/wp\/v2\/posts\/6355\/revisions"}],"predecessor-version":[{"id":6359,"href":"https:\/\/www.diocesimolfetta.it\/luceevita\/wp-json\/wp\/v2\/posts\/6355\/revisions\/6359"}],"wp:featuredmedia":[{"embeddable":true,"href":"https:\/\/www.diocesimolfetta.it\/luceevita\/wp-json\/wp\/v2\/media\/6360"}],"wp:attachment":[{"href":"https:\/\/www.diocesimolfetta.it\/luceevita\/wp-json\/wp\/v2\/media?parent=6355"}],"wp:term":[{"taxonomy":"category","embeddable":true,"href":"https:\/\/www.diocesimolfetta.it\/luceevita\/wp-json\/wp\/v2\/categories?post=6355"},{"taxonomy":"post_tag","embeddable":true,"href":"https:\/\/www.diocesimolfetta.it\/luceevita\/wp-json\/wp\/v2\/tags?post=6355"}],"curies":[{"name":"wp","href":"https:\/\/api.w.org\/{rel}","templated":true}]}}