{"id":6389,"date":"2019-01-31T11:48:36","date_gmt":"2019-01-31T10:48:36","guid":{"rendered":"http:\/\/www.diocesimolfetta.it\/luceevita\/?p=6389"},"modified":"2019-01-31T11:55:33","modified_gmt":"2019-01-31T10:55:33","slug":"un-raggio-della-divina-bellezza","status":"publish","type":"post","link":"https:\/\/www.diocesimolfetta.it\/luceevita\/un-raggio-della-divina-bellezza\/","title":{"rendered":"Un raggio della divina bellezza!"},"content":{"rendered":"<p><img loading=\"lazy\" decoding=\"async\" class=\"alignright size-full wp-image-6390\" src=\"https:\/\/www.diocesimolfetta.it\/luceevita\/wp-content\/uploads\/sites\/2\/2019\/01\/LeV_05.jpg\" alt=\"\" width=\"535\" height=\"780\" srcset=\"https:\/\/www.diocesimolfetta.it\/luceevita\/wp-content\/uploads\/sites\/2\/2019\/01\/LeV_05.jpg 535w, https:\/\/www.diocesimolfetta.it\/luceevita\/wp-content\/uploads\/sites\/2\/2019\/01\/LeV_05-206x300.jpg 206w, https:\/\/www.diocesimolfetta.it\/luceevita\/wp-content\/uploads\/sites\/2\/2019\/01\/LeV_05-192x280.jpg 192w, https:\/\/www.diocesimolfetta.it\/luceevita\/wp-content\/uploads\/sites\/2\/2019\/01\/LeV_05-527x768.jpg 527w\" sizes=\"auto, (max-width: 535px) 100vw, 535px\" \/>La Vita Consacrata \u00e8 dimensione di \u201cbellezza\u201d, perch\u00e9 esprime l\u2019incontro con \u201cil pi\u00f9 bello tra i figli dell\u2019uomo\u201d (Sal 45): Ges\u00f9! Non \u00e8 sentimentalismo, n\u00e9 sublimazione, perch\u00e9 l\u2019Amato \u00e8 molto esigente nel trasformarti quotidianamente in amore per tutti.<\/p>\n<p>La Vita Consacrata \u2013 se vogliamo dare il loro nome alle cose senza temere le facili banalizzazioni \u2013 \u00e8 un cammino nell\u2019Amore, e l\u2019Amore \u00e8 Bellezza, non solo per le gioie dell\u2019abbondanza interiore che si genera nell\u2019atto stesso del donare, ma \u00e8 Bellezza quando, nell\u2019adempimento delle proprie responsabilit\u00e0, mette in gioco tutto il nostro essere nella dedizione agli altri, facendone proprie le attese, le ansie, i percorsi, e impegnando intelligenza, disposizioni dell\u2019animo, energie operative, verso fratelli ai quali non si \u00e8 legati da relazioni di sangue, ma che Dio consegna a quello spazio interiore, umano e spirituale, di madri e padri, che \u00e8 proprio dei consacrati.<\/p>\n<p>La bellezza della Vita Consacrata \u00e8 proprio in quella dimensione di totale, permanente gratuit\u00e0 dell\u2019amore, che si dona senza attendersi nulla se non il frutto dell\u2019Amore stesso.<\/p>\n<p>\u201cDonne e uomini consacrati, \u2013 dice il Papa \u2013 vivete pienamente la vostra dedizione a Dio, per non lasciar mancare a questo mondo un raggio della divina bellezza che illumini il cammino dell\u2019esistenza umana!\u201d (Vita Consecrata).<\/p>\n<p>Non \u00e8 scontato, dobbiamo ammetterlo, che noi consacrati riusciamo ad essere questo \u201craggio della divina bellezza\u201d per gli uomini con cui incrociamo i nostri cammini, nel nostro tempo. Il peso di una storia formativa negli Istituti, la carenza del ricambio generazionale, la generale secolarizzazione della societ\u00e0, non facilitano il nostro cammino nella linea di una dimensione di vita che si esprima come bellezza dell\u2019Amore incontrato e donato. Eppure \u00e8 questa la sfida a cui siamo chiamati: non una crescita nel numero o nell\u2019efficienza delle strutture, ma una fecondit\u00e0 nell\u2019Amore, che si trasmetta in tutta la sua bellezza.<\/p>\n<p>\u201cL\u2019amore appassionato per Ges\u00f9 Cristo \u2013 dice ancora il Papa \u2013 \u00e8 una potente attrattiva per gli uomini di oggi, soprattutto per i giovani!\u201d. Questa, dunque, l\u2019anima della Vita Consacrata, la ragione di una scelta di vita che, abbracciata nella giovinezza, genera fecondit\u00e0 per l\u2019intera esistenza: l\u2019amore appassionato per Ges\u00f9, che diventa necessit\u00e0 di amore condiviso e donato.<\/p>\n<p>Lo confermano i nostri santi fondatori, e cos\u00ec lo esprime Don Ambrogio Grittani, di cui abbiamo appena ricordato il primo anniversario della dichiarazione di Venerabilit\u00e0, lo scorso 26 gennaio: \u201cLa mia \u00e8 l\u2019avventurosa vita di un pazzo che vuol prendersi tutto l\u2019amore di Ges\u00f9, tutto l\u2019amore degli sventurati della terra, e continuamente lotto, perch\u00e9 Lui per primo scherza, si lascia rincorrere da me e quando sto per afferrarlo si distanzia\u2026!\u201d.<\/p>\n<p>Il consacrato vive di questa continua ricerca di Dio, che \u00e8 una ricerca della mente, un alimento della propria interiorit\u00e0, una domanda sui significati dei vissuti quotidiani e sugli avvenimenti del mondo, una fecondit\u00e0 del cuore e delle energie operative. Solo se \u00e8 viva questa ricerca continua di Ges\u00f9 la consacrazione diviene generativa per tutti gli uomini. E quando questa esperienza fondante si unisce ad una adeguata e solida formazione, i consacrati si impegnano con competenza anche in quei campi che il Papa definisce gli \u201careopaghi della missione\u201d: il campo della carit\u00e0, quotidiana e di frontiera; il campo dell\u2019educazione; della cultura e dell\u2019impegno sociale; il mondo della comunicazione sociale.<\/p>\n<p>Ci piace concludere col messaggio che il Papa rivolge a tutti, indicando il ruolo e il valore della Vita Consacrata nell\u2019oggi: \u201cCome le donne del Vangelo, che col cuore animato dall\u2019amore cercavano Ges\u00f9 presso il sepolcro, cos\u00ec la Vita Consacrata pu\u00f2 apparire oggi a molti come un inutile cammino verso una tomba. In realt\u00e0 voi consacrati, per primi incontrate il Signore risorto e vivo, lo stringete a voi con amore e lo annunciate subito ai fratelli, con gli occhi che brillano di gioia grande! Siete cos\u00ec l\u2019alba perenne della Chiesa: voi, consacrati e consacrate, siete l\u2019alba perenne della Chiesa\u201d.<\/p>\n<p><em>Sr. Anna\u00a0Colucci &#8211;\u00a0Oblate S. Benedetto\u00a0Giuseppe\u00a0Labre<\/em><\/p>\n","protected":false},"excerpt":{"rendered":"<p>2 febbraio &#8211; 23a Giornata della Vita Consacrata<\/p>\n","protected":false},"author":3,"featured_media":6390,"comment_status":"closed","ping_status":"closed","sticky":false,"template":"","format":"standard","meta":{"footnotes":""},"categories":[13],"tags":[674,675],"class_list":["post-6389","post","type-post","status-publish","format-standard","has-post-thumbnail","hentry","category-editoriali","tag-olbalte-san-benedetto-labre","tag-vita-consacrata"],"acf":[],"_links":{"self":[{"href":"https:\/\/www.diocesimolfetta.it\/luceevita\/wp-json\/wp\/v2\/posts\/6389","targetHints":{"allow":["GET"]}}],"collection":[{"href":"https:\/\/www.diocesimolfetta.it\/luceevita\/wp-json\/wp\/v2\/posts"}],"about":[{"href":"https:\/\/www.diocesimolfetta.it\/luceevita\/wp-json\/wp\/v2\/types\/post"}],"author":[{"embeddable":true,"href":"https:\/\/www.diocesimolfetta.it\/luceevita\/wp-json\/wp\/v2\/users\/3"}],"replies":[{"embeddable":true,"href":"https:\/\/www.diocesimolfetta.it\/luceevita\/wp-json\/wp\/v2\/comments?post=6389"}],"version-history":[{"count":2,"href":"https:\/\/www.diocesimolfetta.it\/luceevita\/wp-json\/wp\/v2\/posts\/6389\/revisions"}],"predecessor-version":[{"id":6392,"href":"https:\/\/www.diocesimolfetta.it\/luceevita\/wp-json\/wp\/v2\/posts\/6389\/revisions\/6392"}],"wp:featuredmedia":[{"embeddable":true,"href":"https:\/\/www.diocesimolfetta.it\/luceevita\/wp-json\/wp\/v2\/media\/6390"}],"wp:attachment":[{"href":"https:\/\/www.diocesimolfetta.it\/luceevita\/wp-json\/wp\/v2\/media?parent=6389"}],"wp:term":[{"taxonomy":"category","embeddable":true,"href":"https:\/\/www.diocesimolfetta.it\/luceevita\/wp-json\/wp\/v2\/categories?post=6389"},{"taxonomy":"post_tag","embeddable":true,"href":"https:\/\/www.diocesimolfetta.it\/luceevita\/wp-json\/wp\/v2\/tags?post=6389"}],"curies":[{"name":"wp","href":"https:\/\/api.w.org\/{rel}","templated":true}]}}