{"id":6476,"date":"2019-03-12T17:36:00","date_gmt":"2019-03-12T16:36:00","guid":{"rendered":"http:\/\/www.diocesimolfetta.it\/luceevita\/?p=6476"},"modified":"2019-03-12T19:26:39","modified_gmt":"2019-03-12T18:26:39","slug":"lisbona-gerusalemme-passando-ruvo-terlizzi","status":"publish","type":"post","link":"https:\/\/www.diocesimolfetta.it\/luceevita\/lisbona-gerusalemme-passando-ruvo-terlizzi\/","title":{"rendered":"Da Lisbona a Gerusalemme passando per Ruvo e Terlizzi"},"content":{"rendered":"<div id=\"u_fetchstream_18_1\">\n<div class=\"_6taw\">\n<div class=\"_6taw\"><\/div>\n<\/div>\n<\/div>\n<div class=\"_19sz\">\n<div class=\"_19s-\">\n<div id=\"u_fetchstream_18_2\">\n<div id=\"u_fetchstream_18_0\">\n<div class=\"text_exposed_show\">\n<div id=\"u_fetchstream_18_1\">\n<div class=\"_6taw\">\n<div class=\"_6taw\">\n<div class=\"_6tax\"><\/div>\n<\/div>\n<\/div>\n<\/div>\n<div class=\"_19sz\">\n<div class=\"_19s-\">\n<div id=\"u_fetchstream_18_2\">\n<div id=\"u_fetchstream_18_0\">\n<p><iframe loading=\"lazy\" src=\"https:\/\/www.youtube.com\/embed\/Y542ATuSSzE\" width=\"560\" height=\"315\" frameborder=\"0\" allowfullscreen=\"allowfullscreen\" data-mce-fragment=\"1\"><\/iframe><\/p>\n<p>Peregrinos de paz. Cos\u00ec si definisce Bruno Dias, accompagnato alla sua asina Salam &#8211; salvata da un maltrattamento &#8211; che da due anni sta percorrendo le vie francigene per andare dal Portogallo, su terra di origine, a Gerusalemme, citt\u00e0 della Pace. Lo intervisto mentre \u00e8 fermo in Piazza Dante, a Ruvo, e molto generosamente accetta di dialogare. In fondo il suo obiettivo \u00e8 proprio quello di portare una parola di pace nei paesi che attraversa. \u00c9 giunto a Ruvo domenica, dopo la sosta a Corato, avendo sistemato la tenda monoposto nel Parco Mennea, a nord del paese. Partir\u00e0 domani, mercoled\u00ec 13 marzo, alle 14,00 alla volta di Terlizzi, poi Palombaio, Bitonto e Bari da dove proseguir\u00e0 lungo la costa verso Brindisi. Quindi imbarco verso Durazzo e ancora verso il Medioriente per giungere a Gerusalemme. Quando?\u00a0\u00abQuando sar\u00e0 il momento\u00bb.<\/p>\n<p>Ha 36 anni, ha studiato al Liceo delle scienze biologiche e ha lavorato nella logistica, mentre dal 1\u00b0 gennaio 2015 ha fatto la scelta dei grandi cammini; una scelta di vita che manifesta il suo profondo desiderio di libert\u00e0 e di pace. Non ha un preciso riferimento di fede, ma \u00e8 aperto ad ogni religione. Ha pochissime cose con s\u00e8, oltre l&#8217;asina, si affida alla gente che incontra, ai sorrisi che incrocia o che lui e Salam tentano di suscitare in questo mondo che \u00abpurtroppo non \u00e8 sano\u00bb.<\/p>\n<p>Non ha pretese, non ricorda momenti tristi e quello pi\u00f9 bello \u00ab\u00c9 questo, stare con voi!\u00bb. Quando sarai arrivato a Gerusalemme? \u00abA Jerusalem trover\u00f2 la risposta\u00bb. Non sappiamo molto di pi\u00f9 di lui, non conosciamo bene la sua storia, anche le ricerche su internet danno riscontro soprattutto delle tappe pugliesi, ma confidando nella sua sincerit\u00e0 ci sembra una bella testimonianza di libert\u00e0 di pace!<\/p>\n<p>(la pagina di Bruno e Salam \u00e8 www.facebook.com\/peregrinosdepaz)<\/p>\n<p>&nbsp;<\/p>\n<div class=\"text_exposed_show\">\n<p>&nbsp;<\/p>\n<\/div>\n<\/div>\n<\/div>\n<\/div>\n<\/div>\n<\/div>\n<\/div>\n<\/div>\n<\/div>\n<\/div>\n","protected":false},"excerpt":{"rendered":"<p>Peregrinos de paz. Cos\u00ec si definisce Bruno Dias, accompagnato alla sua asina Salam &#8211; salvata da un maltrattamento &#8211; che da due anni sta percorrendo le vie francigene per andare dal Portogallo, terra di origine, a Gerusalemme, citt\u00e0 della Pace.<\/p>\n","protected":false},"author":3,"featured_media":6477,"comment_status":"closed","ping_status":"closed","sticky":false,"template":"","format":"standard","meta":{"footnotes":""},"categories":[459,34,3,4,98,100],"tags":[709,713,712,292,710,711],"class_list":["post-6476","post","type-post","status-publish","format-standard","has-post-thumbnail","hentry","category-attualita","category-citta","category-evidenza","category-news","category-ruvo-di-puglia","category-terlizzi","tag-bruno","tag-gerusalemme","tag-lisbona","tag-pace","tag-salam","tag-via-francigena"],"acf":[],"_links":{"self":[{"href":"https:\/\/www.diocesimolfetta.it\/luceevita\/wp-json\/wp\/v2\/posts\/6476","targetHints":{"allow":["GET"]}}],"collection":[{"href":"https:\/\/www.diocesimolfetta.it\/luceevita\/wp-json\/wp\/v2\/posts"}],"about":[{"href":"https:\/\/www.diocesimolfetta.it\/luceevita\/wp-json\/wp\/v2\/types\/post"}],"author":[{"embeddable":true,"href":"https:\/\/www.diocesimolfetta.it\/luceevita\/wp-json\/wp\/v2\/users\/3"}],"replies":[{"embeddable":true,"href":"https:\/\/www.diocesimolfetta.it\/luceevita\/wp-json\/wp\/v2\/comments?post=6476"}],"version-history":[{"count":3,"href":"https:\/\/www.diocesimolfetta.it\/luceevita\/wp-json\/wp\/v2\/posts\/6476\/revisions"}],"predecessor-version":[{"id":6481,"href":"https:\/\/www.diocesimolfetta.it\/luceevita\/wp-json\/wp\/v2\/posts\/6476\/revisions\/6481"}],"wp:featuredmedia":[{"embeddable":true,"href":"https:\/\/www.diocesimolfetta.it\/luceevita\/wp-json\/wp\/v2\/media\/6477"}],"wp:attachment":[{"href":"https:\/\/www.diocesimolfetta.it\/luceevita\/wp-json\/wp\/v2\/media?parent=6476"}],"wp:term":[{"taxonomy":"category","embeddable":true,"href":"https:\/\/www.diocesimolfetta.it\/luceevita\/wp-json\/wp\/v2\/categories?post=6476"},{"taxonomy":"post_tag","embeddable":true,"href":"https:\/\/www.diocesimolfetta.it\/luceevita\/wp-json\/wp\/v2\/tags?post=6476"}],"curies":[{"name":"wp","href":"https:\/\/api.w.org\/{rel}","templated":true}]}}