{"id":6539,"date":"2019-04-13T18:10:02","date_gmt":"2019-04-13T16:10:02","guid":{"rendered":"http:\/\/www.diocesimolfetta.it\/luceevita\/?p=6539"},"modified":"2019-04-13T18:10:02","modified_gmt":"2019-04-13T16:10:02","slug":"luce-e-vita-arte-scatti-scritti-settimana-santa","status":"publish","type":"post","link":"https:\/\/www.diocesimolfetta.it\/luceevita\/luce-e-vita-arte-scatti-scritti-settimana-santa\/","title":{"rendered":"Luce e Vita Arte. Scatti e scritti per la Settimana Santa"},"content":{"rendered":"<div id=\"attachment_6535\" style=\"width: 460px\" class=\"wp-caption alignright\"><img loading=\"lazy\" decoding=\"async\" aria-describedby=\"caption-attachment-6535\" class=\"wp-image-6535\" src=\"https:\/\/www.diocesimolfetta.it\/luceevita\/wp-content\/uploads\/sites\/2\/2019\/04\/LeV_15.jpg\" alt=\"Luce e Vita Arte. Scatti scritti Settimana Santa\" width=\"450\" height=\"656\" srcset=\"https:\/\/www.diocesimolfetta.it\/luceevita\/wp-content\/uploads\/sites\/2\/2019\/04\/LeV_15.jpg 535w, https:\/\/www.diocesimolfetta.it\/luceevita\/wp-content\/uploads\/sites\/2\/2019\/04\/LeV_15-206x300.jpg 206w, https:\/\/www.diocesimolfetta.it\/luceevita\/wp-content\/uploads\/sites\/2\/2019\/04\/LeV_15-192x280.jpg 192w, https:\/\/www.diocesimolfetta.it\/luceevita\/wp-content\/uploads\/sites\/2\/2019\/04\/LeV_15-527x768.jpg 527w\" sizes=\"auto, (max-width: 450px) 100vw, 450px\" \/><p id=\"caption-attachment-6535\" class=\"wp-caption-text\">Copertina Luce e Vita Arte<\/p><\/div>\n<p>Luce e Vita Arte. Scatti e scritti per meditare nella Settimana Santa.<\/p>\n<p>Servono poche parole, nella Settimana santa, per comprendere gli eventi che si rivivono nei segni e nei riti. Serve pi\u00f9 silenzio e meditazione, quella che ordinariamente \u00e8 difficile praticare. Cos\u00ec anche queste pagine, del consueto numero di <strong>Luce e Vita Arte<\/strong>, offrono scarne parole e semplici immagini.<\/p>\n<p>Alcuni brani biblici richiamano il senso degli eventi narrati che hanno ispirato le nostre parole.<br \/>\n\u00abPrima dei nostri sentimenti cercheremo i suoi, quelli di Ges\u00f9 \u2013 scrive <strong>don Pietro Rubini<\/strong>, direttore dell\u2019Ufficio liturgico diocesano, <a href=\"http:\/\/www.diocesimolfetta.it\/luceevita\/dentro-mistero-quei-giorni-santi\/\">nell\u2019editoriale<\/a> \u2013 Entreremo nei suoi stati d\u2019animo, nei suoi pensieri, nelle sue domande, nel suo divino abbandono\u00bb.<br \/>\n\u00abLa morte di Ges\u00f9 nella sua esclusivit\u00e0 costringe la nostra fede a sostare in silenzio e ci aiuta a contemplare nel dolore universale la generale identificazione del dolore comune\u00bb scrive <strong>don Nicola Abbattista<\/strong>, parroco a S. Teresa, nella rubrica domenicale.<br \/>\nCon le sue meditazioni <strong>Mons.\u00a0Gianni Caliandro<\/strong>, Rettore del Seminario regionale, tratteggia alcune parole forti che scandiscono questa settimana: <em>Osanna, Servizio, Crocifisso, Morte, Salita<\/em>: \u00abSe torneremo a sentire questo disagio di fronte alla croce di Ges\u00f9, forse meglio comprenderemo come proprio il paradosso che in essa si \u00e8 svelato ci chiede di saper rintracciare la presenza di Dio nei volti sfigurati degli uomini e delle donne di tutti i tempi\u00bb. E ad esse si accosta una riflessione, di <strong>Pasquale Vitagliano<\/strong>, poeta e scrittore, incentrata sulla sorte toccata a Simone di Cirene: \u00ab\u00e8 in questo momento preciso che la passione di Cristo entra nella Storia. Tracima dal recinto del Mistero e dilaga nella vita quotidiana di ognuno di noi. \u201cProprio a me? Perch\u00e9 proprio a me?\u201d\u00bb.<br \/>\nAlle poche parole si accostano poche immagini in chiaroscuro, le miniature ricercate da <strong>Elisabetta Gadaleta<\/strong> e le fotografie della quotidianit\u00e0, scattate dall\u2019artista <strong>Vito de Leo<\/strong>, che evocano frammenti della nostra vita, quando vogliono replicare frammenti della vita di Cristo, a partire da una tela, quell\u2019intreccio di sentimenti e di situazioni che, se lette nella prospettiva delle fede cristiana, spingono a farci risalire verso la luce. La luce pasquale.<\/p>\n<p>Luigi Sparapano<\/p>\n","protected":false},"excerpt":{"rendered":"<p>Servono poche parole, nella Settimana santa, per comprendere gli eventi che si rivivono nei segni e nei riti. Serve pi\u00f9 silenzio e meditazione, quella che ordinariamente \u00e8 difficile praticare.  Cos\u00ec anche queste pagine, del consueto numero di Luce e Vita Arte, offrono scarne parole e semplici immagini.<\/p>\n","protected":false},"author":3,"featured_media":6535,"comment_status":"closed","ping_status":"closed","sticky":false,"template":"","format":"standard","meta":{"footnotes":""},"categories":[3,23,4,11],"tags":[738,739,687,339,714],"class_list":["post-6539","post","type-post","status-publish","format-standard","has-post-thumbnail","hentry","category-evidenza","category-levarte","category-news","category-ufficio-per-le-comunicazioni-sociali","tag-luce-e-vita-arte","tag-meditazioni","tag-scatti","tag-scritti","tag-settimana-santa"],"acf":[],"_links":{"self":[{"href":"https:\/\/www.diocesimolfetta.it\/luceevita\/wp-json\/wp\/v2\/posts\/6539","targetHints":{"allow":["GET"]}}],"collection":[{"href":"https:\/\/www.diocesimolfetta.it\/luceevita\/wp-json\/wp\/v2\/posts"}],"about":[{"href":"https:\/\/www.diocesimolfetta.it\/luceevita\/wp-json\/wp\/v2\/types\/post"}],"author":[{"embeddable":true,"href":"https:\/\/www.diocesimolfetta.it\/luceevita\/wp-json\/wp\/v2\/users\/3"}],"replies":[{"embeddable":true,"href":"https:\/\/www.diocesimolfetta.it\/luceevita\/wp-json\/wp\/v2\/comments?post=6539"}],"version-history":[{"count":1,"href":"https:\/\/www.diocesimolfetta.it\/luceevita\/wp-json\/wp\/v2\/posts\/6539\/revisions"}],"predecessor-version":[{"id":6541,"href":"https:\/\/www.diocesimolfetta.it\/luceevita\/wp-json\/wp\/v2\/posts\/6539\/revisions\/6541"}],"wp:featuredmedia":[{"embeddable":true,"href":"https:\/\/www.diocesimolfetta.it\/luceevita\/wp-json\/wp\/v2\/media\/6535"}],"wp:attachment":[{"href":"https:\/\/www.diocesimolfetta.it\/luceevita\/wp-json\/wp\/v2\/media?parent=6539"}],"wp:term":[{"taxonomy":"category","embeddable":true,"href":"https:\/\/www.diocesimolfetta.it\/luceevita\/wp-json\/wp\/v2\/categories?post=6539"},{"taxonomy":"post_tag","embeddable":true,"href":"https:\/\/www.diocesimolfetta.it\/luceevita\/wp-json\/wp\/v2\/tags?post=6539"}],"curies":[{"name":"wp","href":"https:\/\/api.w.org\/{rel}","templated":true}]}}