{"id":6635,"date":"2019-05-25T06:26:51","date_gmt":"2019-05-25T04:26:51","guid":{"rendered":"http:\/\/www.diocesimolfetta.it\/luceevita\/?p=6635"},"modified":"2019-05-25T06:26:51","modified_gmt":"2019-05-25T04:26:51","slug":"dialogo-cattolico-ebraico-dal-concilio-vaticano-ii-papa-francesco","status":"publish","type":"post","link":"https:\/\/www.diocesimolfetta.it\/luceevita\/dialogo-cattolico-ebraico-dal-concilio-vaticano-ii-papa-francesco\/","title":{"rendered":"Il dialogo cattolico-ebraico dal Concilio Vaticano II a Papa Francesco"},"content":{"rendered":"<div id=\"attachment_6636\" style=\"width: 950px\" class=\"wp-caption aligncenter\"><img loading=\"lazy\" decoding=\"async\" aria-describedby=\"caption-attachment-6636\" class=\"wp-image-6636 size-full\" src=\"https:\/\/www.diocesimolfetta.it\/luceevita\/wp-content\/uploads\/sites\/2\/2019\/05\/small_140526-165416_mi260514est_070.jpg-.jpg\" alt=\"\" width=\"940\" height=\"315\" srcset=\"https:\/\/www.diocesimolfetta.it\/luceevita\/wp-content\/uploads\/sites\/2\/2019\/05\/small_140526-165416_mi260514est_070.jpg-.jpg 940w, https:\/\/www.diocesimolfetta.it\/luceevita\/wp-content\/uploads\/sites\/2\/2019\/05\/small_140526-165416_mi260514est_070.jpg--300x101.jpg 300w, https:\/\/www.diocesimolfetta.it\/luceevita\/wp-content\/uploads\/sites\/2\/2019\/05\/small_140526-165416_mi260514est_070.jpg--768x257.jpg 768w, https:\/\/www.diocesimolfetta.it\/luceevita\/wp-content\/uploads\/sites\/2\/2019\/05\/small_140526-165416_mi260514est_070.jpg--360x121.jpg 360w, https:\/\/www.diocesimolfetta.it\/luceevita\/wp-content\/uploads\/sites\/2\/2019\/05\/small_140526-165416_mi260514est_070.jpg--800x268.jpg 800w\" sizes=\"auto, (max-width: 940px) 100vw, 940px\" \/><p id=\"caption-attachment-6636\" class=\"wp-caption-text\">Dialogo ebraico cristiano (foto: web)<\/p><\/div>\n<p>L\u2019ANEB (Associazione Nazionale Educatori Benemeriti) sezione di Molfetta, presieduta dal prof. Michele Laudadio, organizza una conferenza sul tema \u201cIl dialogo cattolico-ebraico dal Concilio Vaticano II a Papa Francesco\u201d. Relatore sar\u00e0 don Giovanni De Nicolo. La manifestazione si svolger\u00e0 mercoled\u00ec 29 maggio 2019 con inizio alle ore 18,30 presso la sede sociale ANEB in Via Cap. De Gennaro n.23 a Molfetta. Sar\u00e0 affrontato il delicato tema dei rapporti della Chiesa Cattolica con gli Ebrei, che dopo il Concilio Vaticano II con la Dichiarazione conciliare \u201cNostra Aetate\u201d sono diventati per i cattolici \u201cnostri fratelli prediletti se non maggiori\u201d con cui dialogare e camminare insieme per testimoniare il messaggio di Dio, superando ogni reciproco pregiudizio.<br \/>\nLo stesso Papa Francesco in \u201cEvangelii Gaudium\u201d afferma che \u201cIl dialogo e l\u2019amicizia con i Figli di Israele sono parte della vita dei discepoli di Ges\u00f9\u201d.<\/p>\n","protected":false},"excerpt":{"rendered":"<p>L\u2019ANEB (Associazione Nazionale Educatori Benemeriti) sezione di Molfetta, presieduta dal prof. Michele Laudadio, organizza una conferenza sul tema \u201cIl dialogo cattolico-ebraico dal Concilio Vaticano II a Papa Francesco\u201d. Relatore sar\u00e0 don Giovanni De Nicolo.<\/p>\n","protected":false},"author":3,"featured_media":6636,"comment_status":"closed","ping_status":"closed","sticky":false,"template":"","format":"standard","meta":{"footnotes":""},"categories":[459,34,521,97,4,36],"tags":[779,410,38,778],"class_list":["post-6635","post","type-post","status-publish","format-standard","has-post-thumbnail","hentry","category-attualita","category-citta","category-ufficio-per-lecumenismo-e-il-dialogo-interreligioso","category-molfetta","category-news","category-news-luce-e-vita","tag-aneb","tag-ecumenismo","tag-molfetta","tag-siamo-ebraico-cristiano"],"acf":[],"_links":{"self":[{"href":"https:\/\/www.diocesimolfetta.it\/luceevita\/wp-json\/wp\/v2\/posts\/6635","targetHints":{"allow":["GET"]}}],"collection":[{"href":"https:\/\/www.diocesimolfetta.it\/luceevita\/wp-json\/wp\/v2\/posts"}],"about":[{"href":"https:\/\/www.diocesimolfetta.it\/luceevita\/wp-json\/wp\/v2\/types\/post"}],"author":[{"embeddable":true,"href":"https:\/\/www.diocesimolfetta.it\/luceevita\/wp-json\/wp\/v2\/users\/3"}],"replies":[{"embeddable":true,"href":"https:\/\/www.diocesimolfetta.it\/luceevita\/wp-json\/wp\/v2\/comments?post=6635"}],"version-history":[{"count":1,"href":"https:\/\/www.diocesimolfetta.it\/luceevita\/wp-json\/wp\/v2\/posts\/6635\/revisions"}],"predecessor-version":[{"id":6637,"href":"https:\/\/www.diocesimolfetta.it\/luceevita\/wp-json\/wp\/v2\/posts\/6635\/revisions\/6637"}],"wp:featuredmedia":[{"embeddable":true,"href":"https:\/\/www.diocesimolfetta.it\/luceevita\/wp-json\/wp\/v2\/media\/6636"}],"wp:attachment":[{"href":"https:\/\/www.diocesimolfetta.it\/luceevita\/wp-json\/wp\/v2\/media?parent=6635"}],"wp:term":[{"taxonomy":"category","embeddable":true,"href":"https:\/\/www.diocesimolfetta.it\/luceevita\/wp-json\/wp\/v2\/categories?post=6635"},{"taxonomy":"post_tag","embeddable":true,"href":"https:\/\/www.diocesimolfetta.it\/luceevita\/wp-json\/wp\/v2\/tags?post=6635"}],"curies":[{"name":"wp","href":"https:\/\/api.w.org\/{rel}","templated":true}]}}